{"id":203581,"date":"2026-08-25T16:06:08","date_gmt":"2026-08-25T16:06:08","guid":{"rendered":"https:\/\/www.europesays.com\/si\/203581\/"},"modified":"2026-08-25T16:06:08","modified_gmt":"2026-08-25T16:06:08","slug":"pivovarna-ki-proizvaja-pivo-tudi-za-lidl-na-robu-propada","status":"publish","type":"post","link":"https:\/\/www.europesays.com\/si\/203581\/","title":{"rendered":"Pivovarna, ki proizvaja pivo tudi za Lidl, na robu propada"},"content":{"rendered":"<p>Pivovarna sedaj i\u0161\u010de novega lastnika.<\/p>\n<p>V nadaljevanju preberite:<\/p>\n<p>Nem\u0161ka pivovarna Mauritius, ki med drugim proizvaja pivo Perlenbacher za Lidl, se je zaradi padca porabe piva in vi\u0161jih stro\u0161kov zna\u0161la v insolventnosti.<br \/>\nPivovarna iz Zwickaua zaposluje 51 ljudi in letno proizvede okoli 200.000 hektolitrov piva, zdaj pa zanjo i\u0161\u010dejo novega lastnika.<br \/>\nZa prevzem se zanima ve\u010d vlagateljev, pivovarna pa naj bi bila skupaj z nepremi\u010dninami in proizvodnimi prostori naprodaj za najmanj tri milijone evrov.<\/p>\n<p><a href=\"https:\/\/www.zurnal24.si\/svet\/po-vec-kot-300-letih-zapirajo-priljubljeno-pivovarno-zaposleni-pristali-na-cesti-462200\" rel=\"nofollow noopener\" target=\"_blank\">Pivovarna <\/a>Mauritius proizvaja od Pilsnerja do temnega piva, med drugim proizvaja tudi pivo Perlenbacher, ki ga lahko kupimo v <a href=\"https:\/\/www.zurnal24.si\/slovenija\/priljubljen-trgovec-v-reorganizacijo-brez-dela-ostalo-okoli-50-ljudi-460407\" rel=\"nofollow noopener\" target=\"_blank\">Lidlu<\/a>. Kljub mo\u010dnim partnerstvom in velike ponudbe izdelkov pa pivovarna ni prestala krize. Podjetje namre\u010d proizvaja tudi za nem\u0161ke supermarkete, kot sta Rewe in Globus. \u00a0<\/p>\n<p>Upad porabe piva in nara\u0161\u010dajo\u010di stro\u0161ki so tradicionalno pivovarno z 51 zaposlenimi in letno proizvodnjo 200.000 hektolitrov pripeljali na rob propada na zahtevnem trgu. Mauritius je moral v za\u010detku marca vlo\u017eiti zahtevo za insolventnost.<\/p>\n<p><img decoding=\"async\" alt=\" | Avtor: Profimedia\" class=\"rwd\" data-href=\"https:\/\/www.zurnal24.si\/media\/img\/0c\/32\/7ddee454ace695b863dc.jpeg\" itemprop=\"image\" src=\"\/media\/img\/5d\/45\/e119cd56ef7eb4928ee1.jpeg\"\/><\/p>\n<p>                Profimedia<\/p>\n<p>Sedaj pa so zaposleni v Zwickauu prejeli spodbudno novico, pivovarna je namre\u010d prejela ponudbo za prevzem, je poro\u010dal Freie Presse. Ste\u010dajni upravitelj je potrdil, da je ve\u010d interesentov, pogajanja pa so \u017ee v teku.<\/p>\n<p>Na za\u010detku septembra je tako predviden sestanek upnikov, na katerem bodo odlo\u010dali o morebitni prodaji. Upravitelj je za Bild zatrdil, da je najpomembnej\u0161a ohranitev vseh zaposlenih in nadaljevanje proizvodnje. V skladu z osnutkom sklepa okro\u017enega sodi\u0161\u010da v Chemnitzu naj bi pivovarna, vklju\u010dno z nepremi\u010dninami in proizvodnimi prostori, prodana za najmanj tri milijone evrov.<\/p>\n<p><a href=\"https:\/\/www.zurnal24.si\/svet\/mailto:dezurni@styria-media.si\" rel=\"nofollow noopener\" target=\"_blank\">dezurni@styria-media.si<\/a><\/p>\n","protected":false},"excerpt":{"rendered":"Pivovarna sedaj i\u0161\u010de novega lastnika. V nadaljevanju preberite: Nem\u0161ka pivovarna Mauritius, ki med drugim proizvaja pivo Perlenbacher za&hellip;\n","protected":false},"author":2,"featured_media":203582,"comment_status":"","ping_status":"","sticky":false,"template":"","format":"standard","meta":{"footnotes":"","_share_on_mastodon":"0"},"categories":[10],"tags":[81,82,173,493,10774,26003,84,83,1069,4348,62,37,58,60,38],"class_list":["post-203581","post","type-post","status-publish","format-standard","has-post-thumbnail","category-poslovni-svet","tag-business","tag-economic","tag-gospodarstvo","tag-nemcija","tag-pivo","tag-pivovarna","tag-poslovni","tag-poslovni-svet","tag-prodaja","tag-proizvodnja","tag-si","tag-slovene","tag-slovenia","tag-slovenija","tag-slovenscina"],"share_on_mastodon":{"url":"https:\/\/pubeurope.com\/@si\/117157009000334156","error":""},"_links":{"self":[{"href":"https:\/\/www.europesays.com\/si\/wp-json\/wp\/v2\/posts\/203581","targetHints":{"allow":["GET"]}}],"collection":[{"href":"https:\/\/www.europesays.com\/si\/wp-json\/wp\/v2\/posts"}],"about":[{"href":"https:\/\/www.europesays.com\/si\/wp-json\/wp\/v2\/types\/post"}],"author":[{"embeddable":true,"href":"https:\/\/www.europesays.com\/si\/wp-json\/wp\/v2\/users\/2"}],"replies":[{"embeddable":true,"href":"https:\/\/www.europesays.com\/si\/wp-json\/wp\/v2\/comments?post=203581"}],"version-history":[{"count":0,"href":"https:\/\/www.europesays.com\/si\/wp-json\/wp\/v2\/posts\/203581\/revisions"}],"wp:featuredmedia":[{"embeddable":true,"href":"https:\/\/www.europesays.com\/si\/wp-json\/wp\/v2\/media\/203582"}],"wp:attachment":[{"href":"https:\/\/www.europesays.com\/si\/wp-json\/wp\/v2\/media?parent=203581"}],"wp:term":[{"taxonomy":"category","embeddable":true,"href":"https:\/\/www.europesays.com\/si\/wp-json\/wp\/v2\/categories?post=203581"},{"taxonomy":"post_tag","embeddable":true,"href":"https:\/\/www.europesays.com\/si\/wp-json\/wp\/v2\/tags?post=203581"}],"curies":[{"name":"wp","href":"https:\/\/api.w.org\/{rel}","templated":true}]}}