{"id":203617,"date":"2026-08-25T16:40:13","date_gmt":"2026-08-25T16:40:13","guid":{"rendered":"https:\/\/www.europesays.com\/si\/203617\/"},"modified":"2026-08-25T16:40:13","modified_gmt":"2026-08-25T16:40:13","slug":"wagnerjev-memorial-generalka-pred-evropskim-prvenstvom","status":"publish","type":"post","link":"https:\/\/www.europesays.com\/si\/203617\/","title":{"rendered":"Wagnerjev memorial generalka pred evropskim prvenstvom"},"content":{"rendered":"<p>\t\t\t\t\t\t\t\t<a href=\"https:\/\/www.europesays.com\/si\/wp-content\/uploads\/2026\/08\/67048615.jpg\" itemprop=\"contentUrl\" data-size=\"1200x800\" data-large=\"https:\/\/www.europesays.com\/si\/wp-content\/uploads\/2026\/08\/67048615.jpg\"><br \/>\n\t\t\t\t\t\t\t\t\t<img decoding=\"async\" src=\"https:\/\/www.europesays.com\/si\/wp-content\/uploads\/2026\/08\/67048615.jpg\" title=\"Slovenija bo na evropskem prvenstvu branila bron. Foto: Ale\u0161 Oblak\" alt=\"Slovenija bo na evropskem prvenstvu branila bron. Foto: Ale\u0161 Oblak\"\/><br \/>\n\t\t\t\t\t\t\t\t<\/a><\/p>\n<p>\t\t\t\t\t\t\t\t\tSlovenija bo na evropskem prvenstvu branila bron. Foto: Ale\u0161 Oblak<\/p>\n<p>\t\t\t\t\t\t\t<a id=\"preferredSourceBanner\" href=\"https:\/\/www.rtvslo.si\/sport\/odbojka\/wagnerjev-memorial-generalka-pred-evropskim-prvenstvom\/javascript:void(0)\" target=\"_blank\" class=\"d-none align-items-center justify-content-between rounded my-3\" style=\"padding: 10px 15px;\" rel=\"nofollow noopener\"><br \/>\n\t\t\t\t\t\t<img decoding=\"async\" src=\"https:\/\/img.rtvslo.si\/_static\/novi\/img\/ico-google.svg\" class=\"flex-shrink-0 mr-3\" aria-hidden=\"true\"\/><br \/>\n\t\t\t\t\t\tSpremljajte RTVSLO.si kot prednostni vir na Google<\/p>\n<p>\t\t\t\t\t<\/a><\/p>\n<p>&#8220;\u010ce pogledamo prijateljski tekmi v Beogradu, smo \u0161e vedno na poti, da se vrnemo na svojo raven odbojke. Bolj\u0161i smo bili na drugi tekmi, na prvi nisem bil tako zadovoljen s pristopom. Zdaj smo zbrani in na pravi poti. Sku\u0161amo izbolj\u0161ati nekaj detajlov in raven igre za EP. Izkoristili bomo tudi Wagnerjev memorial, da popravimo te manj\u0161e detajle in imamo tisto nekaj ve\u010d za EP,&#8221; je dejal slovenski selektor Fabio Soli ob robu ponedeljkovega treninga v \u010drnu\u0161ki dvorani.<\/p>\n<p>Oglas<\/p>\n<p>&#8220;Glede na to, kako dolgo bo evropsko prvenstvo \u2013 seveda upamo, da bo za nas \u010dim dalj\u0161e \u2013  moramo na prvenstvo priti z vsemi igralci, ki lahko pomagajo ekipi. Tako kot proti Srbiji bomo na teh treh tekmah sku\u0161ali celotno ekipo pripraviti za najbolj\u0161o raven. Glavna naloga niso rezultati. Za nas bo pomembno, da na igri\u0161\u010du posku\u0161amo mnogo re\u0161itev in situacij, ki jih bomo lahko uporabili na EP-ju,&#8221; je pojasnil Soli.<\/p>\n<p>Priznal je, da bi imel v tako kratkem pripravljalnem obdobju tudi kak\u0161no pripravljalno tekmo manj: &#8220;\u0160e posebej, ker smo si zaslu\u017eili nekaj dni po\u010ditka po uvrstitvi med \u0161tiri najbolj\u0161e v Ligi narodov, zato sem jim namenil nekaj prostih dni ve\u010d. Po vrnitvi smo imeli le nekaj dobrih treningov pred tekmami v Beogradu, a ne smemo se prito\u017eevati. S tem se moramo spopasti. Pomembno je, da s pravim pristopom in energijo sku\u0161amo izbolj\u0161ati svojo odbojko na treningih, ki jih imamo. Ve\u010d dni ne moremo imeti, pomembno je, da izkoristimo te, kar se da najbolje.&#8221;<\/p>\n<p>&#8220;Kar dolgo \u010dasa nismo odigrali tekme in prijateljske so bile dobrodo\u0161le. Nismo \u0161e tam, kjer \u017eelimo biti, a kljub temu moramo odigrati tak\u0161ne tekme, da se \u010dim prej vrnemo na visoko raven. Zadovoljni smo s tekmami v Srbiji, vedno bi lahko bilo bolj\u0161e, a smo v procesu. Cilj je, da stopnjujemo. Tekme na Poljskem bodo zelo pomembne, da nadgradimo formo in smo za EP dobro pripravljeni,&#8221; je dejal slovenski podajalec Uro\u0161 Planin\u0161i\u010d.<\/p>\n<p>&#8220;V Ligi narodov smo videli, da smo od Poljske trenutno oddaljeni \u0161e ogromno. Nadgraditi bomo morali igro, \u010de se \u017eelimo na EP-ju kosati z najbolj\u0161imi za odli\u010dja. Tekme na Poljskem bodo dober kazalnik, ali se nam je v tem slabem mesecu uspelo kaj pribli\u017eati.&#8221;<\/p>\n<p>&#8220;V dobrem tednu, ki zatem ostane do EP-ja, bomo morali intenzivno delati. Verjamem, da smo na pravi poti. Na EP-ju morda na sre\u010do za\u010denjamo z na papirju la\u017ejimi nasprotniki in bomo lahko pri\u0161li v ritem. Prve tekme so te\u017eke, treba prebiti led, a glede na visoke cilje se na sre\u010do ne smemo preve\u010d ozirati ter dati na treningih in pripravljalnih tekmah vse od sebe, da bomo na EP-ju dali maksimum, ki ga premoremo,&#8221; je dodal Planin\u0161i\u010d.<\/p>\n<p>EP se bo za\u010del 9. septembra. Slovenci, ki bodo branili bronasto odli\u010dje, se bodo v skupini A v Modeni po vrsti pomerili s Slova\u0161ko, \u0160vedsko, Gr\u010dijo, \u010ce\u0161ko in Italijo.<\/p>\n<p>Oglas<\/p>\n","protected":false},"excerpt":{"rendered":"Slovenija bo na evropskem prvenstvu branila bron. Foto: Ale\u0161 Oblak Spremljajte RTVSLO.si kot prednostni vir na Google &#8220;\u010ce&hellip;\n","protected":false},"author":2,"featured_media":203618,"comment_status":"","ping_status":"","sticky":false,"template":"","format":"standard","meta":{"footnotes":"","_share_on_mastodon":"0"},"categories":[16],"tags":[7142,146,16632,62,2054,37,58,60,38,94,93,50217],"class_list":["post-203617","post","type-post","status-publish","format-standard","has-post-thumbnail","category-sport","tag-evropsko-prvenstvo","tag-odbojka","tag-priprave","tag-si","tag-slovenci","tag-slovene","tag-slovenia","tag-slovenija","tag-slovenscina","tag-sport","tag-sports","tag-wagnerjev-pokal"],"share_on_mastodon":{"url":"https:\/\/pubeurope.com\/@si\/117157142887593949","error":""},"_links":{"self":[{"href":"https:\/\/www.europesays.com\/si\/wp-json\/wp\/v2\/posts\/203617","targetHints":{"allow":["GET"]}}],"collection":[{"href":"https:\/\/www.europesays.com\/si\/wp-json\/wp\/v2\/posts"}],"about":[{"href":"https:\/\/www.europesays.com\/si\/wp-json\/wp\/v2\/types\/post"}],"author":[{"embeddable":true,"href":"https:\/\/www.europesays.com\/si\/wp-json\/wp\/v2\/users\/2"}],"replies":[{"embeddable":true,"href":"https:\/\/www.europesays.com\/si\/wp-json\/wp\/v2\/comments?post=203617"}],"version-history":[{"count":0,"href":"https:\/\/www.europesays.com\/si\/wp-json\/wp\/v2\/posts\/203617\/revisions"}],"wp:featuredmedia":[{"embeddable":true,"href":"https:\/\/www.europesays.com\/si\/wp-json\/wp\/v2\/media\/203618"}],"wp:attachment":[{"href":"https:\/\/www.europesays.com\/si\/wp-json\/wp\/v2\/media?parent=203617"}],"wp:term":[{"taxonomy":"category","embeddable":true,"href":"https:\/\/www.europesays.com\/si\/wp-json\/wp\/v2\/categories?post=203617"},{"taxonomy":"post_tag","embeddable":true,"href":"https:\/\/www.europesays.com\/si\/wp-json\/wp\/v2\/tags?post=203617"}],"curies":[{"name":"wp","href":"https:\/\/api.w.org\/{rel}","templated":true}]}}