{"id":203829,"date":"2026-08-25T19:45:11","date_gmt":"2026-08-25T19:45:11","guid":{"rendered":"https:\/\/www.europesays.com\/si\/203829\/"},"modified":"2026-08-25T19:45:11","modified_gmt":"2026-08-25T19:45:11","slug":"zidansek-uspesno-zacela-kvalifikacije-hercog-izpadla","status":"publish","type":"post","link":"https:\/\/www.europesays.com\/si\/203829\/","title":{"rendered":"Zidan\u0161ek uspe\u0161no za\u010dela kvalifikacije, Hercog izpadla"},"content":{"rendered":"<p>\t\t\t\t\t\t\t\t<a href=\"https:\/\/www.europesays.com\/si\/wp-content\/uploads\/2026\/08\/67008277.jpg\" itemprop=\"contentUrl\" data-size=\"1200x800\" data-large=\"https:\/\/www.europesays.com\/si\/wp-content\/uploads\/2026\/08\/67008277.jpg\"><br \/>\n\t\t\t\t\t\t\t\t\t<img decoding=\"async\" src=\"https:\/\/www.europesays.com\/si\/wp-content\/uploads\/2026\/08\/67008277.jpg\" title=\"Tamara Zidan\u0161ek Foto: EPA\" alt=\"Tamara Zidan\u0161ek Foto: EPA\"\/><br \/>\n\t\t\t\t\t\t\t\t<\/a><\/p>\n<p>\t\t\t\t\t\t\t\t\tTamara Zidan\u0161ek Foto: EPA<\/p>\n<p>\t\t\t\t\t\t\t<a id=\"preferredSourceBanner\" href=\"https:\/\/www.rtvslo.si\/sport\/tenis\/zidansek-uspesno-zacela-kvalifikacije-hercog-izpadla\/javascript:void(0)\" target=\"_blank\" class=\"d-none align-items-center justify-content-between rounded my-3\" style=\"padding: 10px 15px;\" rel=\"nofollow noopener\"><br \/>\n\t\t\t\t\t\t<img decoding=\"async\" src=\"https:\/\/img.rtvslo.si\/_static\/novi\/img\/ico-google.svg\" class=\"flex-shrink-0 mr-3\" aria-hidden=\"true\"\/><br \/>\n\t\t\t\t\t\tSpremljajte RTVSLO.si kot prednostni vir na Google<\/p>\n<p>\t\t\t\t\t<\/a><\/p>\n<p>18-letna deseta nosilka je dobila prvi niz po podalj\u0161ani igri, nato pa je pobudo prevzela 28-letna Konji\u010danka in v drugem nizu zmagala s 6:4. V 12. igri odlo\u010dilnega niza je izkoristila drugo \u017eogico za zmago, potem ko je dve igri prej zapravila prednost odvzema servisa.<\/p>\n<p>Oglas<\/p>\n<p>Zidan\u0161ek, ki trenutno zaseda 146. mesto na lestvici WTA, se bo v drugem krogu kvalifikacij pomerila s \u0160panko Guiomar Maristany (209. WTA), ki je bila bolj\u0161a od Britanke Jodie Burrage s 7:6 (1), 6:4.<\/p>\n<p>V prvem krogu kvalifikacij je nastope sklenila Polona Hercog. Izku\u0161eno Maribor\u010danko je po uri in 23 minutah s 6:3, 6:3 ugnala Japonka Mojuka U\u010did\u017eima, sicer druga nosilka kvalifikacij.<\/p>\n<p>Za poraz je 35-letnica vseeno prejela 27.400 evrov, medtem ko si je Zidan\u0161ek z napredovanjem krog dlje zagotovila 41.100 evrov.<\/p>\n<p>Veronika Erjavec je neposredno uvr\u0161\u010dena na glavni turnir.<\/p>\n<p>Oglas<\/p>\n","protected":false},"excerpt":{"rendered":"Tamara Zidan\u0161ek Foto: EPA Spremljajte RTVSLO.si kot prednostni vir na Google 18-letna deseta nosilka je dobila prvi niz&hellip;\n","protected":false},"author":2,"featured_media":203830,"comment_status":"","ping_status":"","sticky":false,"template":"","format":"standard","meta":{"footnotes":"","_share_on_mastodon":"0"},"categories":[16],"tags":[18050,50253,50254,4528,62,37,58,60,38,94,93,18051],"class_list":["post-203829","post","type-post","status-publish","format-standard","has-post-thumbnail","category-sport","tag-erjavec","tag-glavni-turnir","tag-hercog","tag-kvalifikacije","tag-si","tag-slovene","tag-slovenia","tag-slovenija","tag-slovenscina","tag-sport","tag-sports","tag-zidansek"],"share_on_mastodon":{"url":"https:\/\/pubeurope.com\/@si\/117157869835398425","error":""},"_links":{"self":[{"href":"https:\/\/www.europesays.com\/si\/wp-json\/wp\/v2\/posts\/203829","targetHints":{"allow":["GET"]}}],"collection":[{"href":"https:\/\/www.europesays.com\/si\/wp-json\/wp\/v2\/posts"}],"about":[{"href":"https:\/\/www.europesays.com\/si\/wp-json\/wp\/v2\/types\/post"}],"author":[{"embeddable":true,"href":"https:\/\/www.europesays.com\/si\/wp-json\/wp\/v2\/users\/2"}],"replies":[{"embeddable":true,"href":"https:\/\/www.europesays.com\/si\/wp-json\/wp\/v2\/comments?post=203829"}],"version-history":[{"count":0,"href":"https:\/\/www.europesays.com\/si\/wp-json\/wp\/v2\/posts\/203829\/revisions"}],"wp:featuredmedia":[{"embeddable":true,"href":"https:\/\/www.europesays.com\/si\/wp-json\/wp\/v2\/media\/203830"}],"wp:attachment":[{"href":"https:\/\/www.europesays.com\/si\/wp-json\/wp\/v2\/media?parent=203829"}],"wp:term":[{"taxonomy":"category","embeddable":true,"href":"https:\/\/www.europesays.com\/si\/wp-json\/wp\/v2\/categories?post=203829"},{"taxonomy":"post_tag","embeddable":true,"href":"https:\/\/www.europesays.com\/si\/wp-json\/wp\/v2\/tags?post=203829"}],"curies":[{"name":"wp","href":"https:\/\/api.w.org\/{rel}","templated":true}]}}