{"id":203957,"date":"2026-08-25T22:30:12","date_gmt":"2026-08-25T22:30:12","guid":{"rendered":"https:\/\/www.europesays.com\/si\/203957\/"},"modified":"2026-08-25T22:30:12","modified_gmt":"2026-08-25T22:30:12","slug":"poljakinje-pokazale-svojo-moc-in-se-petic-s-30-odpravile-slovenske-odbojkarice","status":"publish","type":"post","link":"https:\/\/www.europesays.com\/si\/203957\/","title":{"rendered":"Poljakinje pokazale svojo mo\u010d in \u0161e peti\u010d s 3:0 odpravile slovenske odbojkarice"},"content":{"rendered":"<p>\t\t\t\t\t\t\t\t<a href=\"https:\/\/www.europesays.com\/si\/wp-content\/uploads\/2026\/08\/67080997.jpg\" itemprop=\"contentUrl\" data-size=\"1200x800\" data-large=\"https:\/\/www.europesays.com\/si\/wp-content\/uploads\/2026\/08\/67080997.jpg\"><br \/>\n\t\t\t\t\t\t\t\t\t<img decoding=\"async\" src=\"https:\/\/www.europesays.com\/si\/wp-content\/uploads\/2026\/08\/67080997.jpg\" title=\"V prvem nizu so Slovenke napravile preve\u010d napak. Foto: CEV\" alt=\"V prvem nizu so Slovenke napravile preve\u010d napak. Foto: CEV\"\/><br \/>\n\t\t\t\t\t\t\t\t<\/a><\/p>\n<p>\t\t\t\t\t\t\t\t\tV prvem nizu so Slovenke napravile preve\u010d napak. Foto: CEV<\/p>\n<p>\t\t\t\t\t\t\t<a id=\"preferredSourceBanner\" href=\"https:\/\/www.rtvslo.si\/sport\/odbojka\/evropsko-prvenstvo-v-odbojki\/poljakinje-pokazale-svojo-moc-in-se-petic-s-3-0-odpravile-slovenske-odbojkarice\/javascript:void(0)\" target=\"_blank\" class=\"d-none align-items-center justify-content-between rounded my-3\" style=\"padding: 10px 15px;\" rel=\"nofollow noopener\"><br \/>\n\t\t\t\t\t\t<img decoding=\"async\" src=\"https:\/\/img.rtvslo.si\/_static\/novi\/img\/ico-google.svg\" class=\"flex-shrink-0 mr-3\" aria-hidden=\"true\"\/><br \/>\n\t\t\t\t\t\tSpremljajte RTVSLO.si kot prednostni vir na Google<\/p>\n<p>\t\t\t\t\t<\/a><\/p>\n<p>Slovenke so v prvem nizu hitro zaostale za Poljakinjami. Te so v nadaljevanju izkoristile \u0161tevilne slovenske napake in hitro pri\u0161le do vodstva. V drugem nizu so Slovenke dolgo \u010dasa vodile in imele tudi kon\u010dni \u017eogi za izena\u010denje, ki pa jim ju ni uspelo izkoristiti. V zadnjem delu tretjega niza so Poljakinje znova pospe\u0161ile igro in pokazale, zakaj spadajo v vrh svetovne odbojke. <\/p>\n<p>Oglas<\/p>\n<p>V slovenski vrsti je bila z 19 to\u010dkami najuspe\u0161nej\u0161a Fatoumatta Sillah, devet jih je dodala Ma\u0161a Pucelj. Na drugi strani Slovenija ni imela re\u0161itve za Magdaleno Stysiak, ki je dosegla 24 to\u010dk.<\/p>\n<p>\t\t\t\t\t\t\t\t<a href=\"https:\/\/www.europesays.com\/si\/wp-content\/uploads\/2026\/08\/67081167.jpg\" itemprop=\"contentUrl\" data-size=\"1200x800\" data-large=\"https:\/\/www.europesays.com\/si\/wp-content\/uploads\/2026\/08\/67081167.jpg\"><br \/>\n\t\t\t\t\t\t\t\t\t<img decoding=\"async\" src=\"https:\/\/www.europesays.com\/si\/wp-content\/uploads\/2026\/08\/67081167.jpg\" title=\"Magdalena Stysiak je bila prvo ime sre\u010danja. Foto: CEV\" alt=\"Magdalena Stysiak je bila prvo ime sre\u010danja. Foto: CEV\"\/><br \/>\n\t\t\t\t\t\t\t\t<\/a><\/p>\n<p>\t\t\t\t\t\t\t\t\tMagdalena Stysiak je bila prvo ime sre\u010danja. Foto: CEV<\/p>\n<p>Sillah je po tekmi povedala: &#8220;Tekme nismo dobro odprle, one pa so igrale res odli\u010dno. Mislim, da bi lahko prikazale veliko, veliko ve\u010d, a danes preprosto ni bilo prave energije in strasti. To moramo preprosto pustiti za sabo, \u017ee jutri nas \u010daka nova pomembna tekma in bomo videle, kako se bo razpletlo. Zdi se mi, da nam po dvajseti to\u010dki enostavno ni uspelo zmanj\u0161ati \u0161tevila napak, kar nas je seveda v najve\u010dji meri stalo drugega niza. Latvijke trenutno igrajo zelo dobro, zato menim, da moramo \u017ee od samega za\u010detka za\u010deti zelo agresivno in z veliko energije, saj nam je to danes manjkalo.\u201d<\/p>\n<p>Preve\u010d slovenskih napak <\/p>\n<p>Slovenke so na za\u010detku sre\u010danja sicer povedle z uspe\u0161nim napadom Lorene Lorber Fijok (1:0), nato pa so Poljakinje hitro prevzele pobudo in povedle s 5:2 in 8:4. Poljska je tudi v nadaljevanju ohranjala visoko raven igre in povedla s + 5 (12:7). Po uspe\u0161nem preigravanju Pucelj se je Slovenija znova pribli\u017eala na tri to\u010dke zaostanka (14:11). V naslednjih minutah je Poljska izkoristila slab\u0161i slovenski sprejem in povi\u0161ala svojo prednost na 21:14 ter prvi niz mirno pripeljala do konca.<\/p>\n<p>Dramati\u010den konec drugega niza<br \/>\n\t\t\t\t\t\t\t\t<a href=\"https:\/\/www.europesays.com\/si\/wp-content\/uploads\/2026\/08\/67080998.jpg\" itemprop=\"contentUrl\" data-size=\"1200x800\" data-large=\"https:\/\/www.europesays.com\/si\/wp-content\/uploads\/2026\/08\/67080998.jpg\"><br \/>\n\t\t\t\t\t\t\t\t\t<img decoding=\"async\" src=\"https:\/\/www.europesays.com\/si\/wp-content\/uploads\/2026\/08\/67080998.jpg\" title=\"Sillah je bila naju\u010dinkovitej\u0161a v slovenskem taboru. Foto: CEV\" alt=\"Sillah je bila naju\u010dinkovitej\u0161a v slovenskem taboru. Foto: CEV\"\/><br \/>\n\t\t\t\t\t\t\t\t<\/a><\/p>\n<p>\t\t\t\t\t\t\t\t\tSillah je bila naju\u010dinkovitej\u0161a v slovenskem taboru. Foto: CEV<\/p>\n<p>V za\u010detku drugega niza se je razigrala Sillah, ki je z uspe\u0161nim napadom poskrbela za vodstvo Slovenk s 7:5. V naslednjih minutah so slovenske odbojkarice pokazale nekaj dobrih potez in povedle s + 6 (14:8). Poljski se je uspelo pribli\u017eati na tri to\u010dke zaostanka (16:13) in na 17. to\u010dki tudi povsem ujeti slovensko izbrano vrsto. Varovanke Alessandra Oreficeja so v naslednjih trenutkih prevzele pobudo in ves \u010das rahlo vodile.<\/p>\n<p>V dramati\u010dnem koncu prvega niza so Slovenke pri\u0161le do dveh zaklju\u010dnih \u017eog, ki pa jih je izni\u010dila Stysiak. Poljska je v naslednjem napadu povedla s 26:25, Sillah pa je izid znova poravnala (26:26). V naslednjih dveh izmenjavah so ve\u010d pokazale Poljakinje in povedle z 2:0 v nizih.<\/p>\n<p>Po skoraj\u0161njem izena\u010denju padec v igri<\/p>\n<p>V tretjem nizu so Poljakinje hitro povedle s 7:4 in 10:5. Slovenke so se po uspe\u0161nih napadih in bloku Sillah pribli\u017eale na \u2013 2 (11:9). V nadaljevanju niza je Poljska ves \u010das ohranjala majhno prednost. Slovenijo je na \u2013 1 z blokom pribli\u017eala Nika Milo\u0161i\u010d (15:14). Sledil je padec v slovenski igri, kar je peta reprezentanca sveta znala izkoristiti in tekmo mirno pripeljala do konca. <\/p>\n<p>\t\t\t\t\t\t\t\t<a href=\"https:\/\/www.europesays.com\/si\/wp-content\/uploads\/2026\/08\/67081166.jpg\" itemprop=\"contentUrl\" data-size=\"1200x800\" data-large=\"https:\/\/www.europesays.com\/si\/wp-content\/uploads\/2026\/08\/67081166.jpg\"><br \/>\n\t\t\t\t\t\t\t\t\t<img decoding=\"async\" src=\"https:\/\/www.europesays.com\/si\/wp-content\/uploads\/2026\/08\/67081166.jpg\" title=\"Slovenke \u017ee v sredo \u010daka obra\u010dun z Latvijo. Foto: CEV\" alt=\"Slovenke \u017ee v sredo \u010daka obra\u010dun z Latvijo. Foto: CEV\"\/><br \/>\n\t\t\t\t\t\t\t\t<\/a><\/p>\n<p>\t\t\t\t\t\t\t\t\tSlovenke \u017ee v sredo \u010daka obra\u010dun z Latvijo. Foto: CEV<\/p>\n<p>Slovenski selektor Orefice je o tekmi s Poljsko dejal: \u201cTekmo smo odigrali preve\u010d medlo. Zame je to prava beseda. Na igri\u0161\u010du, v svojem prostoru, smo delovali zelo zadr\u017eano. Ni\u010desar nismo<br \/>tvegali. Svoje naloge smo opravljali povsem brez tveganja, a proti korektorici, kot je Stysiakova, in peti reprezentanci na svetovni lestvici FIVB enostavno mora\u0161 tvegati \u2013 to sem govoril tudi igralkam. S potrpe\u017eljivostjo, seveda, a z ve\u010d tveganja. Medli smo bili pri za\u010detnih udarcih.&#8221;<\/p>\n<p>Slovenke in Poljakinje so se doslej \u0161tirikrat pomerile na uradnih tekmah, Slovenke pa doslej \u0161e niso osvojile niza. Zanimivo je, da so bile prav v vseh skupinskih delih evropskih prvenstev do zdaj Poljakinje nasprotnice Slovenk (2015, 2019 in 2023). Pred tremi leti so bile v zadnjem medsebojnem obra\u010dunu bolj\u0161e tudi v olimpijskih kvalifikacijah.<\/p>\n<p>\t\t\t\tPoljakinje premo\u010dne za slovenske odbojkarice<\/p>\n<p>Slovenke za konec skupinskega dela \u010dakata \u0161e dve sre\u010danji. V sredo se bodo sre\u010dale z Latvijo, v petek pa bodo na nasprotni strani mre\u017ee stale \u0161e Mad\u017earke. <\/p>\n<p>EP v odbojki (\u017d), Carigrad<\/p>\n<p>3. krog:<br \/>NEM\u010cIJA \u2013 MAD\u017dARSKA <br \/>3:0 (17, 21, 14)<\/p>\n<p>POLJSKA \u2013 SLOVENIJA<br \/>3:0 (14, 26, 18)<\/p>\n<p>Oglas<\/p>\n","protected":false},"excerpt":{"rendered":"V prvem nizu so Slovenke napravile preve\u010d napak. Foto: CEV Spremljajte RTVSLO.si kot prednostni vir na Google Slovenke&hellip;\n","protected":false},"author":2,"featured_media":203958,"comment_status":"","ping_status":"","sticky":false,"template":"","format":"standard","meta":{"footnotes":"","_share_on_mastodon":"0"},"categories":[16],"tags":[31390,48115,49465,146,62,37,58,60,38,94,93],"class_list":["post-203957","post","type-post","status-publish","format-standard","has-post-thumbnail","category-sport","tag-3-krog","tag-ep-v-odbojki","tag-ep-v-odbojki-2026","tag-odbojka","tag-si","tag-slovene","tag-slovenia","tag-slovenija","tag-slovenscina","tag-sport","tag-sports"],"share_on_mastodon":{"url":"https:\/\/pubeurope.com\/@si\/117158518630684550","error":""},"_links":{"self":[{"href":"https:\/\/www.europesays.com\/si\/wp-json\/wp\/v2\/posts\/203957","targetHints":{"allow":["GET"]}}],"collection":[{"href":"https:\/\/www.europesays.com\/si\/wp-json\/wp\/v2\/posts"}],"about":[{"href":"https:\/\/www.europesays.com\/si\/wp-json\/wp\/v2\/types\/post"}],"author":[{"embeddable":true,"href":"https:\/\/www.europesays.com\/si\/wp-json\/wp\/v2\/users\/2"}],"replies":[{"embeddable":true,"href":"https:\/\/www.europesays.com\/si\/wp-json\/wp\/v2\/comments?post=203957"}],"version-history":[{"count":0,"href":"https:\/\/www.europesays.com\/si\/wp-json\/wp\/v2\/posts\/203957\/revisions"}],"wp:featuredmedia":[{"embeddable":true,"href":"https:\/\/www.europesays.com\/si\/wp-json\/wp\/v2\/media\/203958"}],"wp:attachment":[{"href":"https:\/\/www.europesays.com\/si\/wp-json\/wp\/v2\/media?parent=203957"}],"wp:term":[{"taxonomy":"category","embeddable":true,"href":"https:\/\/www.europesays.com\/si\/wp-json\/wp\/v2\/categories?post=203957"},{"taxonomy":"post_tag","embeddable":true,"href":"https:\/\/www.europesays.com\/si\/wp-json\/wp\/v2\/tags?post=203957"}],"curies":[{"name":"wp","href":"https:\/\/api.w.org\/{rel}","templated":true}]}}