{"id":204089,"date":"2026-08-26T03:30:09","date_gmt":"2026-08-26T03:30:09","guid":{"rendered":"https:\/\/www.europesays.com\/si\/204089\/"},"modified":"2026-08-26T03:30:09","modified_gmt":"2026-08-26T03:30:09","slug":"celje-caka-sportno-pestra-jesen-od-reprezentancne-kosarke-do-evropskih-tekmovanj","status":"publish","type":"post","link":"https:\/\/www.europesays.com\/si\/204089\/","title":{"rendered":"Celje \u010daka \u0161portno pestra jesen: od reprezentan\u010dne ko\u0161arke do evropskih tekmovanj"},"content":{"rendered":"<p>26. 8. 2026 ob 5:00&#13;<br \/>\n&#13;<br \/>\n&#13;<br \/>\n&#13;<br \/>\n&#13;<br \/>\n&#13;<br \/>\n<img decoding=\"async\" src=\"https:\/\/www.europesays.com\/si\/wp-content\/uploads\/2026\/08\/24f85b0c-9662-4c3f-8adc-07a74575b4e0.jpg\" alt=\"\" style=\"width:100%;max-width:600px;border:none\"\/>&#13;<br \/>\n&#13;<br \/>\n&#13;<br \/>\n&#13;<\/p>\n<p class=\"isSelectedEnd\">Celje bo v prihodnjih mesecih gostilo vrsto doma\u010dih in mednarodnih \u0161portnih dogodkov, ob tem pa se v evropska tekmovanja vra\u010dajo tudi celjski klubi. \u0160portno dogajanje bo pestro 29. avgusta, ko Zlatorog gosti rokometni Superpokal Slovenije. Na njem bo nastopil tudi RK Celje Pivovarna La\u0161ko, ki se po poletnem premoru pripravlja na novo sezono.\u00a0Celjane jeseni \u010daka tudi vrnitev v EHF Ligo prvakov. Najelitnej\u0161e evropsko klubsko tekmovanje se bo za\u010delo 9. in 10. septembra, Celje pa bo v skupinskem delu igralo proti Aalborgu, Paris Saint-Germainu in Zagrebu.<\/p>\n<p>&#13;<\/p>\n<p class=\"isSelectedEnd\">V evropsko tekmovanje se vra\u010dajo tudi ko\u0161arkarice Cinkarne Celje. \u017dKK Cinkarna Celje bo nastopal v EuroCup Women, kjer je neposredno uvr\u0161\u010den v redni del tekmovanja in bo igral v skupini G.<\/p>\n<p>&#13;<\/p>\n<p class=\"isSelectedEnd\">Evropsko jesen si je \u017ee zagotovil tudi NK Celje, ki bo najmanj nastopil v liga\u0161kem delu Evropske lige. Celjani se bodo v sredo, 26. avgusta ob 21. uri na Stadionu Z&#8217;de\u017eele v povratni tekmi play-offa pomerili \u0161e s Slovanom iz Bratislave in sku\u0161ali narediti korak do zgodovinske uvrstitve v liga\u0161ki del Lige prvakov.<\/p>\n<p>&#13;<\/p>\n<p>Poleg ekipnih \u0161portov bo Celje jeseni gostilo tudi \u0161tevilna dr\u017eavna in mednarodna tekmovanja v atletiki, kajaku, kanuju in drugih \u0161portih.<\/p>\n<p>&#13;<br \/>\n&#13;<\/p>\n","protected":false},"excerpt":{"rendered":"26. 8. 2026 ob 5:00&#13; &#13; &#13; &#13; &#13; &#13; &#13; &#13; &#13; &#13; Celje bo v prihodnjih&hellip;\n","protected":false},"author":2,"featured_media":204090,"comment_status":"","ping_status":"","sticky":false,"template":"","format":"standard","meta":{"footnotes":"","_share_on_mastodon":"0"},"categories":[23],"tags":[162,1289,344,159,264,194,301,62,37,58,60,38,94,1288],"class_list":["post-204089","post","type-post","status-publish","format-standard","has-post-thumbnail","category-celje","tag-celje","tag-fantasy","tag-kosarka","tag-lokalno","tag-nogomet","tag-radio","tag-rokomet","tag-si","tag-slovene","tag-slovenia","tag-slovenija","tag-slovenscina","tag-sport","tag-udarno"],"share_on_mastodon":{"url":"https:\/\/pubeurope.com\/@si\/117159698717130988","error":""},"_links":{"self":[{"href":"https:\/\/www.europesays.com\/si\/wp-json\/wp\/v2\/posts\/204089","targetHints":{"allow":["GET"]}}],"collection":[{"href":"https:\/\/www.europesays.com\/si\/wp-json\/wp\/v2\/posts"}],"about":[{"href":"https:\/\/www.europesays.com\/si\/wp-json\/wp\/v2\/types\/post"}],"author":[{"embeddable":true,"href":"https:\/\/www.europesays.com\/si\/wp-json\/wp\/v2\/users\/2"}],"replies":[{"embeddable":true,"href":"https:\/\/www.europesays.com\/si\/wp-json\/wp\/v2\/comments?post=204089"}],"version-history":[{"count":0,"href":"https:\/\/www.europesays.com\/si\/wp-json\/wp\/v2\/posts\/204089\/revisions"}],"wp:featuredmedia":[{"embeddable":true,"href":"https:\/\/www.europesays.com\/si\/wp-json\/wp\/v2\/media\/204090"}],"wp:attachment":[{"href":"https:\/\/www.europesays.com\/si\/wp-json\/wp\/v2\/media?parent=204089"}],"wp:term":[{"taxonomy":"category","embeddable":true,"href":"https:\/\/www.europesays.com\/si\/wp-json\/wp\/v2\/categories?post=204089"},{"taxonomy":"post_tag","embeddable":true,"href":"https:\/\/www.europesays.com\/si\/wp-json\/wp\/v2\/tags?post=204089"}],"curies":[{"name":"wp","href":"https:\/\/api.w.org\/{rel}","templated":true}]}}