{"id":204229,"date":"2026-08-26T06:34:18","date_gmt":"2026-08-26T06:34:18","guid":{"rendered":"https:\/\/www.europesays.com\/si\/204229\/"},"modified":"2026-08-26T06:34:18","modified_gmt":"2026-08-26T06:34:18","slug":"dezurna-ni-hotela-vstati-iz-postelje-zaradi-macke-z-odprtim-zlomom","status":"publish","type":"post","link":"https:\/\/www.europesays.com\/si\/204229\/","title":{"rendered":"De\u017eurna ni hotela vstati iz postelje zaradi ma\u010dke z odprtim zlomom"},"content":{"rendered":"<p>Ni se \u0161e poleglo razburjenje zaradi mu\u010denja in <a href=\"https:\/\/slovenskenovice.delo.si\/novice\/kronika\/doma\/na-kmetiji-odkrili-poginule-in-izcrpane-zivali-zivina-ni-poginila-cez-noc-temvec-je-crkavala-v-hudih-mukah-vec-dni\" target=\"_blank\" rel=\"nofollow noopener\">pogina krav v hlevu strokovnjaka za govedorejo v Ilja\u0161evcih<\/a>, pa moramo z vzhoda dr\u017eave poro\u010dati o novi \u017ealostni zgodbi, povezani z odnosom do \u017eivali. In tudi na Ptuju je za \u0161kandal poskrbela stroka: de\u017eurna veterinarka pono\u010di naj ne bi hotela pomagati ma\u010dki z odprtim zlomom repa, \u010de\u0161 da ne gre za nujno stvar. Mucka pa je zaradi po\u0161kodbe krvavela in cvilila od bole\u010din.<\/p>\n<p>Vsekakor je huj\u0161a kr\u0161itev delovnega razmerja zavrnitev nujne veterinarske pomo\u010di po\u0161kodovani \u017eivali.<\/p>\n<p>Zadevo je razkrila Nadja Kananovi\u0107 iz Dru\u0161tva za pomo\u010d ma\u010dkam Remi. V objavi na dru\u017ebenem omre\u017eju je zapisala, da naj bi de\u017eurna veterinarka dejala, da ne bo vstajala iz postelje, ker da gre samo za zlom repa in ne smrtno nevarno po\u0161kodbo. Iz pogovora je razvidno, da Nadja veterinarki pojasnjuje, da ma\u010dka krvavi, da jo po\u0161kodba boli in da cvili od bole\u010din. Po navedbah Kananovi\u0107eve naj bi ji de\u017eurna veterinarka kljub temu svetovala, naj po\u010dakajo nekaj ur in se potem zjutraj oglasijo na veterini. Kananovi\u0107eva je napovedala prijavo na Veterinarsko zbornico Slovenije in in\u0161pektorat. Kot je zapisala, bo po vlo\u017eitvi prijav objavila tudi posnetke telefonskega pogovora, za katerega naj bi imela dovoljenje za objavo, saj ji je veterinarka po tem, ko jo je seznanila, da snema, dejala: \u00bbSaj prav.\u00ab<\/p>\n<p>Opravi\u010dili so se<\/p>\n<p>Ma\u010dko so po zavrnitvi na Ptuju odpeljali na Veterinarsko ambulanto Primavet v Ra\u010de, kjer so po navedbah Kananovi\u0107eve ugotovili odprt zlom repa in ga amputirali. Muca Marina naj bi ostala v ambulanti na intenzivnem zdravljenju. Ker je lastnik pred prihodom k veterinarju ma\u010dki v dobri veri dal lekadol, se je \u0161e zastrupila. K sre\u010di Marina ni v smrtni nevarnosti.<\/p>\n<p>Pogosta po\u0161kodba<\/p>\n<p>O te\u017eavah ma\u010dk z zlomljenim repom je ugledni ptujski veterinar Emil Sen\u010dar, dr. vet. med., med drugim zapisal: \u00bbRep je pri ma\u010dkah del telesa, ki je pogosto izpostavljen najrazli\u010dnej\u0161im po\u0161kodbam. Ena zelo pogostih po\u0161kodb je, da ga pripremo z vrati, ko jih zapiramo. V tem primeru gre po navadi za zlom repa, v\u010dasih se zraven tudi oguli ko\u017ea in zadeva je videti precej grozno, saj iz ma\u010dke binglja krvav oguljen \u0161trcelj namesto kosmatega repa\u00a0&#8230; Rep ma\u010dke in ma\u010dki odmaknejo, ko opravljajo fiziolo\u0161ke potrebe. \u010ce tega ne morejo storiti, je odvajanje blata ote\u017eeno, saj rep pritiska na analno odprtino. Posledica je umazan, smrde\u010d zadnji del \u017eivali in ker pogosto nevrolo\u0161ka motnja prizadene tudi mehur in zaradi tega urin nekontrolirano odteka, je tak\u0161na \u017eival mo\u010dno prizadeta\u00a0&#8230; Ma\u010dke so po naravi izredno \u010diste \u017eivali in so v takih primerih zelo nesre\u010dne, saj si ne morejo pomagati.\u00ab<\/p>\n<p>V Veterinarski bolnici Ptuj so o\u010ditke o zavrnjeni pomo\u010di vzeli zelo resno: veterinarko so torej poslali na prisilni dopust, uvedli pa bodo tudi disciplinski postopek. V sporo\u010dilu za javnost so \u0161e pojasnili, da doti\u010dna veterinarka pri njih delo opravlja pogodbeno, in sicer opravlja odredbena dela na podro\u010dju velike prakse in ne dela v ambulanti za male \u017eivali. Le med dopusti po razporedu opravlja de\u017eurno slu\u017ebo tako za malo kot veliko prakso. Poudarili so \u0161e, da ima veterinarka ustrezno strokovno izobrazbo in veljavno licenco ter je pri svojem delu dol\u017ena ravnati skladno s pravili veterinarske stroke ter moralno in poklicno odgovorno. \u00bbVsekakor je huj\u0161a kr\u0161itev delovnega razmerja zavrnitev nujne veterinarske pomo\u010di po\u0161kodovani \u017eivali, katere \u017eivljenje je ogro\u017eeno,\u00ab so zapisali in se opravi\u010dili vsem, ki jih je dogodek prizadel, predvsem skrbnikom \u017eivali.\u00a0<\/p>\n<p><img decoding=\"async\" class=\"article__img-tag-visible\" src=\"https:\/\/www.europesays.com\/si\/wp-content\/uploads\/2026\/08\/3709179.width-660.format-webp.webp\" alt=\"Marina je cvilila od bole\u010din. FOTO: Remi\" img_id=\"11767471\" data-img-id=\"11767471\"\/><\/p>\n<p>Marina je cvilila od bole\u010din. FOTO: Remi<\/p>\n<p><img decoding=\"async\" class=\"article__img-tag-visible\" src=\"https:\/\/www.europesays.com\/si\/wp-content\/uploads\/2026\/08\/3709180.width-660.format-webp.webp\" alt=\"Rentgenska slika zlomljenega repa. Potrebna je bila amputacija. FOTO: Remi\" img_id=\"11767461\" data-img-id=\"11767461\"\/><\/p>\n<p>Rentgenska slika zlomljenega repa. Potrebna je bila amputacija. FOTO: Remi<\/p>\n","protected":false},"excerpt":{"rendered":"Ni se \u0161e poleglo razburjenje zaradi mu\u010denja in pogina krav v hlevu strokovnjaka za govedorejo v Ilja\u0161evcih, pa&hellip;\n","protected":false},"author":2,"featured_media":204230,"comment_status":"","ping_status":"","sticky":false,"template":"","format":"standard","meta":{"footnotes":"","_share_on_mastodon":"0"},"categories":[28],"tags":[7477,1020,1126,816,192,62,37,58,60,38,25456,3794],"class_list":["post-204229","post","type-post","status-publish","format-standard","has-post-thumbnail","category-ptuj","tag-macka","tag-mucenje-zivali","tag-pomoc","tag-poskodba","tag-ptuj","tag-si","tag-slovene","tag-slovenia","tag-slovenija","tag-slovenscina","tag-veterina","tag-zivali"],"share_on_mastodon":{"url":"https:\/\/pubeurope.com\/@si\/117160422143730566","error":""},"_links":{"self":[{"href":"https:\/\/www.europesays.com\/si\/wp-json\/wp\/v2\/posts\/204229","targetHints":{"allow":["GET"]}}],"collection":[{"href":"https:\/\/www.europesays.com\/si\/wp-json\/wp\/v2\/posts"}],"about":[{"href":"https:\/\/www.europesays.com\/si\/wp-json\/wp\/v2\/types\/post"}],"author":[{"embeddable":true,"href":"https:\/\/www.europesays.com\/si\/wp-json\/wp\/v2\/users\/2"}],"replies":[{"embeddable":true,"href":"https:\/\/www.europesays.com\/si\/wp-json\/wp\/v2\/comments?post=204229"}],"version-history":[{"count":0,"href":"https:\/\/www.europesays.com\/si\/wp-json\/wp\/v2\/posts\/204229\/revisions"}],"wp:featuredmedia":[{"embeddable":true,"href":"https:\/\/www.europesays.com\/si\/wp-json\/wp\/v2\/media\/204230"}],"wp:attachment":[{"href":"https:\/\/www.europesays.com\/si\/wp-json\/wp\/v2\/media?parent=204229"}],"wp:term":[{"taxonomy":"category","embeddable":true,"href":"https:\/\/www.europesays.com\/si\/wp-json\/wp\/v2\/categories?post=204229"},{"taxonomy":"post_tag","embeddable":true,"href":"https:\/\/www.europesays.com\/si\/wp-json\/wp\/v2\/tags?post=204229"}],"curies":[{"name":"wp","href":"https:\/\/api.w.org\/{rel}","templated":true}]}}