{"id":204705,"date":"2026-08-26T13:32:09","date_gmt":"2026-08-26T13:32:09","guid":{"rendered":"https:\/\/www.europesays.com\/si\/204705\/"},"modified":"2026-08-26T13:32:09","modified_gmt":"2026-08-26T13:32:09","slug":"otroka-nasla-starse-v-masazni-kadi-bila-sta-gola-na-truplih-pa-sledi-vbodov","status":"publish","type":"post","link":"https:\/\/www.europesays.com\/si\/204705\/","title":{"rendered":"Otroka na\u0161la star\u0161e v masa\u017eni kadi, bila sta gola, na truplih pa sledi vbodov"},"content":{"rendered":"<p>    <img decoding=\"async\" data-lb-desktop=\"\/media\/2026\/08\/26\/857643\/Orig-278410-1200.webp\" data-lb-mobile=\"\/media\/2026\/08\/26\/857643\/Orig-278410-600.webp\" class=\"main-gallery-image se_image_lb\" src=\"https:\/\/www.europesays.com\/si\/wp-content\/uploads\/2026\/08\/Wide-278410-1000.webp\" alt=\"A Spanish Guardia Civil policeman stands guard outside a post office in the small northern town of Alsasua, Spain, Tuesday, Dec. 6, 2005, after a small bomb, blamed on ETA by the police, exploded. Another five small bombs exploded on highways close to the Spanish capital Tuesday, following a warning call in the name of the armed Basque group ETA, in which no one was injured. The explosions occurred on a major national holiday commemorating the 27th anniversary of Constitution Day with millions of Spaniards taking the roads for brief vacation breaks. (AP Photo\/Alvaro Barrientos)\"\/><\/p>\n<p>Preiskavo je prevzela posebna enota za umore. Foto: AP<\/p>\n<p>Otroka na\u0161la star\u0161e v masa\u017eni kadi, bila sta gola, na truplih pa sledi vbodov<\/p>\n<p>\u0160panska civilna stra\u017ea preiskuje okoli\u0161\u010dine smrti irskega para. Mo\u0161kega in \u017eensko, stara 50 in 45 let, so v torek popoldne na\u0161li mrtva v najeti vili v provinci Valencia.<\/p>\n<p>                        26. 08. 2026, 09.25\n                    <\/p>\n<p> rr\n                    <\/p>\n<p>                        <a href=\"https:\/\/google.com\/preferences\/source?q=dnevnik.si\" class=\"se-author-gps-cta\" target=\"_blank\" rel=\"nofollow noopener\"><br \/>\n                            <img decoding=\"async\" class=\"se-author-gps-cta-badge\" src=\"https:\/\/www.europesays.com\/si\/wp-content\/uploads\/2026\/08\/1787751128_727_dnevnik_gps_badge.png\" alt=\"Google Preferred Sources CTA\"\/><br \/>\n                        <\/a><\/p>\n<p>V mestu Cullera\u00a0\u017eivi 24.700 prebivalcev, poleti pa njihovo \u0161tevilo zaradi mno\u017ei\u010dnega turizma naraste na 150.000. Tragedija se je zgodila v najeti vili, kot poro\u010da portal El Pais, pa sta trupli po navedbah policistov na\u0161la njuna mladoletna otroka.<\/p>\n<p>Preiskavo je prevzela posebna enota za umore. \u010ceprav vzrok smrti sprva ni bil znan, El Pais poro\u010da, da obstajajo \u00bbnekateri znaki, da se je morda zgodilo nekaj nenavadnega\u00ab.<\/p>\n<p>Trupli sta bili \u00bbgoli\u00a0in s po\u0161kodbami, ki so bile videti kot vbodne rane\u00ab, zato policija preverja, ali je \u0161lo za nesre\u010do ali pa sta bila \u017ertvi napada, pi\u0161e \u010dasnik Las Provincias, ki je novico objavil prvi.<\/p>\n<p>    <a class=\"se-card__wrap se-card--link\" href=\"https:\/\/www.dnevnik.si\/novice\/kronika\/tragicen-konec-iskanja-resevalci-nasli-dve-trupli-2823043\/\" data-upscore-url=\"\" rel=\"nofollow noopener\" target=\"_blank\"><\/p>\n<p>        <img decoding=\"async\" class=\"se-image se-image--card\" src=\"https:\/\/www.europesays.com\/si\/wp-content\/uploads\/2026\/08\/1787751128_556_Wide-PXL_271125_142532605-400.webp\" alt=\"27.11.2025., Vinjerac - Pogled na Velebit Photo: Sime Zelic\/PIXSELL\"\/><\/p>\n<p>na Velebitu<\/p>\n<p>Tragi\u010den konec iskanja: re\u0161evalci na\u0161li dve trupli<\/p>\n<p>    <\/a><\/p>\n<p>Zakonca sta v masa\u017eni kadi\u00a0hi\u0161e v elitni soseski Cap Blanc na pobo\u010dju gore El Faro na\u0161la njuna otroka, stara 14 in 16 let. Po odkritju sta mladoletnika na pomo\u010d poklicala lastnika najete vile, ta pa je nemudoma poklical \u0161tevilko za klic v sili 112.<\/p>\n<p>Za mladostnika, ki sta mo\u010dno travmatizirana, ne govorita \u0161pansko in imata posebne potrebe, trenutno skrbita socialna delavka in psihologinja lokalne socialne slu\u017ebe. Ob\u010dinski uslu\u017ebenki sta prevzeli oskrbo, medtem ko civilna stra\u017ea na Irskem posku\u0161a poiskati sorodnike preminulih.<\/p>\n<p>    <a class=\"se-card__wrap se-card--link\" href=\"https:\/\/www.dnevnik.si\/novice\/kronika\/navijacica-ubila-novorojencka-ga-skrila-v-omaro-in-sla-na-zajtrk-2823806\/\" data-upscore-url=\"\" rel=\"nofollow noopener\" target=\"_blank\"><\/p>\n<p>        <img decoding=\"async\" class=\"se-image se-image--card\" src=\"https:\/\/www.europesays.com\/si\/wp-content\/uploads\/2026\/08\/Wide-1028184-400.webp\" alt=\"\ufeffpli\u0161asta otro\u0161ka igra\u010da - dojen\u010dek- 29.8.2014 - Zavod sv. Stanislava, kulturna in vzgojna ustanova, \u0160tula 23, \u0160entvid - novi prostori O\u0160 Alojzija \u0160u\u0161tarja in Vrtca Dobrega Pastirja \/\/FOTO: Bojan Velikonja\"\/><\/p>\n<p>ZDA<\/p>\n<p>Rodila v \u0161tudentski sobi, novorojen\u010dka zadu\u0161ila, ga skrila v omaro in od\u0161la na zajtrk<\/p>\n<p>    <\/a><\/p>\n<p>Trupli pokojnih so\u00a0prepeljali na In\u0161titut za sodno medicino v Valencii, kjer bodo opravili obdukcijo.<\/p>\n","protected":false},"excerpt":{"rendered":"Preiskavo je prevzela posebna enota za umore. Foto: AP Otroka na\u0161la star\u0161e v masa\u017eni kadi, bila sta gola,&hellip;\n","protected":false},"author":2,"featured_media":204706,"comment_status":"","ping_status":"","sticky":false,"template":"","format":"standard","meta":{"footnotes":"","_share_on_mastodon":"0"},"categories":[20],"tags":[50448,50447,32,35,31,34,16026,36,76,37,38,50449,33,1975,45240,488,2233,43988],"class_list":["post-204705","post","type-post","status-publish","format-standard","has-post-thumbnail","category-novice","tag-civilna-straza","tag-cullera","tag-headlines","tag-najpomembnejse-novice","tag-news","tag-novice","tag-obdukcija","tag-osrednje-novice","tag-preiskava","tag-slovene","tag-slovenscina","tag-socialna-sluzba","tag-top-stories","tag-tragedija","tag-trupli","tag-turizem","tag-umor","tag-valencija"],"share_on_mastodon":{"url":"https:\/\/pubeurope.com\/@si\/117162066331104172","error":""},"_links":{"self":[{"href":"https:\/\/www.europesays.com\/si\/wp-json\/wp\/v2\/posts\/204705","targetHints":{"allow":["GET"]}}],"collection":[{"href":"https:\/\/www.europesays.com\/si\/wp-json\/wp\/v2\/posts"}],"about":[{"href":"https:\/\/www.europesays.com\/si\/wp-json\/wp\/v2\/types\/post"}],"author":[{"embeddable":true,"href":"https:\/\/www.europesays.com\/si\/wp-json\/wp\/v2\/users\/2"}],"replies":[{"embeddable":true,"href":"https:\/\/www.europesays.com\/si\/wp-json\/wp\/v2\/comments?post=204705"}],"version-history":[{"count":0,"href":"https:\/\/www.europesays.com\/si\/wp-json\/wp\/v2\/posts\/204705\/revisions"}],"wp:featuredmedia":[{"embeddable":true,"href":"https:\/\/www.europesays.com\/si\/wp-json\/wp\/v2\/media\/204706"}],"wp:attachment":[{"href":"https:\/\/www.europesays.com\/si\/wp-json\/wp\/v2\/media?parent=204705"}],"wp:term":[{"taxonomy":"category","embeddable":true,"href":"https:\/\/www.europesays.com\/si\/wp-json\/wp\/v2\/categories?post=204705"},{"taxonomy":"post_tag","embeddable":true,"href":"https:\/\/www.europesays.com\/si\/wp-json\/wp\/v2\/tags?post=204705"}],"curies":[{"name":"wp","href":"https:\/\/api.w.org\/{rel}","templated":true}]}}