{"id":204769,"date":"2026-08-26T14:27:07","date_gmt":"2026-08-26T14:27:07","guid":{"rendered":"https:\/\/www.europesays.com\/si\/204769\/"},"modified":"2026-08-26T14:27:07","modified_gmt":"2026-08-26T14:27:07","slug":"drama-pri-sosedih-strmoglavilo-letalo-v-teku-obsezna-iskalna-akcija","status":"publish","type":"post","link":"https:\/\/www.europesays.com\/si\/204769\/","title":{"rendered":"Drama pri sosedih: Strmoglavilo letalo, v teku obse\u017ena iskalna akcija"},"content":{"rendered":"<p>Le nekaj dni po tr\u010denju dveh letal v Wachauu se je zgodila \u0161e ena nesre\u010da.<\/p>\n<p>V nadaljevanju preberite:<\/p>\n<p>Nad jezerom Attersee je v sredo dopoldne strmoglavilo lahko dvosede\u017eno letalo, ki je vzletelo iz Salzburga.<br \/>\nPo prekinitvi stika ob 11.23 je stekla obse\u017ena iskalna akcija.<br \/>\nVzrok nesre\u010de za zdaj ni znan, iskanje razbitin in morebitnih pre\u017eivelih \u0161e poteka.<\/p>\n<p>V sredo zjutraj je nad jezerom Attersee strmoglavilo lahko dvosede\u017eno <a href=\"https:\/\/www.zurnal24.si\/svet\/med-letom-trcili-letali-dve-osebi-umrli-464060\" rel=\"nofollow noopener\" target=\"_blank\">letalo<\/a>, kar je potrdila tudi policija. Letalo je vzletelo iz Salzburga, stik pa je bil nenadoma prekinjen okoli 11.23.<\/p>\n<p>Re\u0161evalne slu\u017ebe so takoj spro\u017eile obse\u017eno iskalno akcijo. Na kraj je bilo napotenih \u0161est gasilskih enot in tri ekipe za re\u0161evanje iz vode, da bi locirali razbitine in na\u0161li morebitne pre\u017eivele. Nad jezerom tudi kro\u017ei <a href=\"https:\/\/www.zurnal24.si\/svet\/amerisko-vojasko-letalo-pristalo-v-moskvi-bela-hisa-zavita-v-molk-464122\" rel=\"nofollow noopener\" target=\"_blank\">helikopter<\/a>, poro\u010da oe24.<\/p>\n<p>Natan\u010den vzrok nesre\u010de trenutno ni jasen. Preiskava in iskanje letala \u0161e potekata.<\/p>\n<p><a href=\"https:\/\/www.zurnal24.si\/svet\/mailto:dezurni@styria-media.si\" rel=\"nofollow noopener\" target=\"_blank\">dezurni@styria-media.si<\/a><\/p>\n","protected":false},"excerpt":{"rendered":"Le nekaj dni po tr\u010denju dveh letal v Wachauu se je zgodila \u0161e ena nesre\u010da. V nadaljevanju preberite:&hellip;\n","protected":false},"author":2,"featured_media":204770,"comment_status":"","ping_status":"","sticky":false,"template":"","format":"standard","meta":{"footnotes":"","_share_on_mastodon":"0"},"categories":[8],"tags":[360,1592,2693,4392,4702,326,76,37,38,2880,64,63],"class_list":["post-204769","post","type-post","status-publish","format-standard","has-post-thumbnail","category-svet","tag-avstrija","tag-iskalna-akcija","tag-kronika","tag-letalo","tag-letalska-nesreca","tag-policija","tag-preiskava","tag-slovene","tag-slovenscina","tag-strmoglavljenje","tag-svet","tag-world"],"share_on_mastodon":{"url":"https:\/\/pubeurope.com\/@si\/117162281983869200","error":""},"_links":{"self":[{"href":"https:\/\/www.europesays.com\/si\/wp-json\/wp\/v2\/posts\/204769","targetHints":{"allow":["GET"]}}],"collection":[{"href":"https:\/\/www.europesays.com\/si\/wp-json\/wp\/v2\/posts"}],"about":[{"href":"https:\/\/www.europesays.com\/si\/wp-json\/wp\/v2\/types\/post"}],"author":[{"embeddable":true,"href":"https:\/\/www.europesays.com\/si\/wp-json\/wp\/v2\/users\/2"}],"replies":[{"embeddable":true,"href":"https:\/\/www.europesays.com\/si\/wp-json\/wp\/v2\/comments?post=204769"}],"version-history":[{"count":0,"href":"https:\/\/www.europesays.com\/si\/wp-json\/wp\/v2\/posts\/204769\/revisions"}],"wp:featuredmedia":[{"embeddable":true,"href":"https:\/\/www.europesays.com\/si\/wp-json\/wp\/v2\/media\/204770"}],"wp:attachment":[{"href":"https:\/\/www.europesays.com\/si\/wp-json\/wp\/v2\/media?parent=204769"}],"wp:term":[{"taxonomy":"category","embeddable":true,"href":"https:\/\/www.europesays.com\/si\/wp-json\/wp\/v2\/categories?post=204769"},{"taxonomy":"post_tag","embeddable":true,"href":"https:\/\/www.europesays.com\/si\/wp-json\/wp\/v2\/tags?post=204769"}],"curies":[{"name":"wp","href":"https:\/\/api.w.org\/{rel}","templated":true}]}}