{"id":204911,"date":"2026-08-26T16:48:12","date_gmt":"2026-08-26T16:48:12","guid":{"rendered":"https:\/\/www.europesays.com\/si\/204911\/"},"modified":"2026-08-26T16:48:12","modified_gmt":"2026-08-26T16:48:12","slug":"pred-zgodovinsko-tekmo-v-celju-na-ulicah-vec-policistov-na-nebu-tudi-dron","status":"publish","type":"post","link":"https:\/\/www.europesays.com\/si\/204911\/","title":{"rendered":"Pred zgodovinsko tekmo v Celju: na ulicah ve\u010d policistov, na nebu tudi dron"},"content":{"rendered":"<p>Celje bo danes zve\u010der v znamenju ene najve\u010djih tekem v zgodovini celjskega nogometa. <a href=\"https:\/\/slovenskenovice.delo.si\/tag\/liga-prvakov\" target=\"_blank\" rel=\"nofollow noopener\">Na razprodanem Stadionu Z&#8217;de\u017eele bodo nogometa\u0161i Celja ob 21. uri odigrali povratno tekmo zadnjega kroga kvalifikacij za Ligo prvakov proti slova\u0161kemu prvaku Slovanu iz Bratislave<\/a>. Zaradi pri\u010dakovanega velikega \u0161tevila obiskovalcev bo za varnost in nemoten potek \u0161portnega dogodka skrbelo ve\u010d policijskih enot, obiskovalce pa policija opozarja tudi na prometne omejitve in posebne varnostne ukrepe.<\/p>\n<p>Celjskim policistom so se pri zagotavljanju varnosti na stadionu in v njegovi okolici pridru\u017eili predstavniki posebnih policijskih enot drugih policijskih uprav. Za varnost obiskovalcev bodo skrbeli tudi policijski konjeniki in vodniki slu\u017ebenih psov, dogajanje pa bodo spremljali tudi z dronom. Policija obiskovalce ob tem posebej obve\u0161\u010da, da bo zaradi u\u010dinkovitega zagotavljanja varnosti ljudi in premo\u017eenja ter spremljanja in dokumentiranja policijskih postopkov uporabljala tehni\u010dna sredstva za fotografiranje in video snemanje.<\/p>\n<p>Vsem obiskovalcem nogometne tekme policisti svetujejo, naj na stadion pridejo pravo\u010dasno. Glede na to, da se na tekmi pri\u010dakuje ve\u010dje \u0161tevilo obiskovalcev, naj ra\u010dunajo tudi na gne\u010do na bli\u017enjih parkiri\u0161\u010dih. Pri vstopu na stadion in med zadr\u017eevanjem na njem morajo obiskovalci upo\u0161tevati navodila varnostnih in rediteljskih slu\u017eb ter policistov. Vhodi na Stadion Z&#8217;de\u017eele se bodo odprli ob 19.30. Obiskovalci naj imajo vstopnice pripravljene \u017ee vnaprej, saj bo tako vstop na tribune potekal hitreje in bolj nemoteno.<\/p>\n<p>Kje bo mogo\u010de parkirati?<\/p>\n<p>Obiskovalcem bodo za parkiranje na voljo naslednja ve\u010dja parkiri\u0161\u010da:<\/p>\n<p>\tzunanje parkiri\u0161\u010de pred Supernovo,<br \/>\n\tGara\u017ena hi\u0161a CityCenter, ki bo odprta celo no\u010d,<br \/>\n\tGara\u017ena hi\u0161a Planet Tu\u0161, ki bo prav tako odprta celo no\u010d,<br \/>\n\tparkiri\u0161\u010de pri Mesnin\u010dku, odprto celo no\u010d,<br \/>\n\tparkiri\u0161\u010de pred Dvorano Zlatorog,<br \/>\n\tparkiri\u0161\u010de pred \u0160portno dvorano Golovec.<\/p>\n<p>Policija Celjane poziva, naj se na tekmo, \u010de je mogo\u010de, odpravijo pe\u0161, saj bo to pripomoglo k bolj teko\u010demu prometu in zmanj\u0161anju mo\u017enosti za nastanek zastojev.<\/p>\n<p>Jamova ulica bo zaprta<\/p>\n<p>Zaradi zagotavljanja varnosti in urejenega prometa bo med 18. uro in polno\u010djo za ves promet zaprta Jamova ulica, in sicer od odcepa pri igri\u0161\u010du Olimp do gostilne Stara Brajda. Policija zato obiskovalcem svetuje, naj se na pot odpravijo pravo\u010dasno in pri na\u010drtovanju poti upo\u0161tevajo zaporo ceste.<\/p>\n<p>Pirotehnika in nevarni predmeti prepovedani<\/p>\n<p>Pred tekmo policisti znova opozarjajo, da je na \u0161portno prireditev prepovedano vna\u0161ati pirotehni\u010dne izdelke in nevarne predmete. Prav tako niso dovoljeni transparenti, ki so \u017ealjivi ali spodbujajo k nasilju. Policija si \u017eeli, da bi \u0161portna prireditev potekala mirno in varno ter da ravnanja posameznikov ali skupin ne bi ogro\u017eala splo\u0161ne varnosti ljudi.\u00a0\u00bbTako organizatorji kot vsi, ki bomo nocoj skrbeli za varnost, \u017eelimo, da dogodek mine v \u0161portnem duhu, brez kakr\u0161nih koli odklonskih ravnanj,\u00ab je sporo\u010dila Milena Trbulin, predstavnica za odnose z javnostmi Policijske uprave Celje.<\/p>\n<p>Celje tako drevi \u010daka velik evropski nogometni ve\u010der, ob katerem bo poleg \u0161portnega razpleta pomembno tudi odgovorno vedenje vseh obiskovalcev. Policija ob \u0161tevilnih varnostnih ukrepih in pri\u010dakovanem velikem obisku poziva navija\u010de, naj spo\u0161tujejo navodila pristojnih slu\u017eb ter poskrbijo, da bo tekma minila predvsem v znamenju nogometa in \u0161portnega navijanja.<\/p>\n","protected":false},"excerpt":{"rendered":"Celje bo danes zve\u010der v znamenju ene najve\u010djih tekem v zgodovini celjskega nogometa. Na razprodanem Stadionu Z&#8217;de\u017eele bodo&hellip;\n","protected":false},"author":2,"featured_media":204912,"comment_status":"","ping_status":"","sticky":false,"template":"","format":"standard","meta":{"footnotes":"","_share_on_mastodon":"0"},"categories":[23],"tags":[162,1372,239,264,10660,2428,2891,326,504,827,62,44361,37,58,60,38,643],"class_list":["post-204911","post","type-post","status-publish","format-standard","has-post-thumbnail","category-celje","tag-celje","tag-liga-prvakov","tag-nadzor","tag-nogomet","tag-nogometna-tekma","tag-parkiranje","tag-parkirisce","tag-policija","tag-policisti","tag-promet","tag-si","tag-slovan-bratislava","tag-slovene","tag-slovenia","tag-slovenija","tag-slovenscina","tag-varnost"],"share_on_mastodon":{"url":"https:\/\/pubeurope.com\/@si\/117162836464050531","error":""},"_links":{"self":[{"href":"https:\/\/www.europesays.com\/si\/wp-json\/wp\/v2\/posts\/204911","targetHints":{"allow":["GET"]}}],"collection":[{"href":"https:\/\/www.europesays.com\/si\/wp-json\/wp\/v2\/posts"}],"about":[{"href":"https:\/\/www.europesays.com\/si\/wp-json\/wp\/v2\/types\/post"}],"author":[{"embeddable":true,"href":"https:\/\/www.europesays.com\/si\/wp-json\/wp\/v2\/users\/2"}],"replies":[{"embeddable":true,"href":"https:\/\/www.europesays.com\/si\/wp-json\/wp\/v2\/comments?post=204911"}],"version-history":[{"count":0,"href":"https:\/\/www.europesays.com\/si\/wp-json\/wp\/v2\/posts\/204911\/revisions"}],"wp:featuredmedia":[{"embeddable":true,"href":"https:\/\/www.europesays.com\/si\/wp-json\/wp\/v2\/media\/204912"}],"wp:attachment":[{"href":"https:\/\/www.europesays.com\/si\/wp-json\/wp\/v2\/media?parent=204911"}],"wp:term":[{"taxonomy":"category","embeddable":true,"href":"https:\/\/www.europesays.com\/si\/wp-json\/wp\/v2\/categories?post=204911"},{"taxonomy":"post_tag","embeddable":true,"href":"https:\/\/www.europesays.com\/si\/wp-json\/wp\/v2\/tags?post=204911"}],"curies":[{"name":"wp","href":"https:\/\/api.w.org\/{rel}","templated":true}]}}