{"id":204927,"date":"2026-08-26T17:05:08","date_gmt":"2026-08-26T17:05:08","guid":{"rendered":"https:\/\/www.europesays.com\/si\/204927\/"},"modified":"2026-08-26T17:05:08","modified_gmt":"2026-08-26T17:05:08","slug":"slovenke-po-drami-in-velikem-preobratu-do-pomembne-zmage-video","status":"publish","type":"post","link":"https:\/\/www.europesays.com\/si\/204927\/","title":{"rendered":"Slovenke po drami in velikem preobratu do pomembne zmage #video"},"content":{"rendered":"<p><img decoding=\"async\" class=\"article_content__inline_video_poster\" loading=\"lazy\" src=\"https:\/\/www.europesays.com\/si\/wp-content\/uploads\/2026\/08\/cev-euro-league-women-slo-latvia17.jpg\"\/><\/p>\n<p>Slovenske odbojkarice so v prvem delu reprezentan\u010dne sezone zaigrale v evropski ligi,\u00a0jo sklenile tik pod vrhom in naknadno izvedele, da bodo prihodnje leto igrale v elitni ligi narodov, trenutno pa igrajo na evropskem prvenstvu v Istanbulu.<\/p>\n<p>V Tur\u010diji so za\u010dele odli\u010dno, s premierno zmago nad Nem\u010dijo brez izgubljenega niza, nadaljevale s spodbudno predstavo in porazom z 1:3 proti gostiteljicam in branilkam naslova, v torek pa niso bile kos \u0161e eni favorizirani izbrani vrsti skupine Poljski.\u00a0Izgubile so z 0:3, pred dana\u0161njo tekmo z ni\u017eje rangirano Latvijo pa so si za\u010dele predvsem bolj\u0161i za\u010detek obra\u010duna, vendar\u00a0ga niso do\u010dakale.<\/p>\n<p><img decoding=\"async\" alt=\"Ma\u0161a Pucelj je tekmo kon\u010dala z 20 to\u010dkami. | Foto: CEV\" class=\"article_content__inline_image js_imageLightbox is-clickable\" data-author=\"CEV\" data-caption=\"Ma\u0161a Pucelj je tekmo kon\u010dala z 20 to\u010dkami.\" data-height=\"1004\" data-href=\"https:\/\/siol.net\/media\/images\/2026-34\/a2_9nuwUEd.jpg\" data-width=\"1280\" loading=\"lazy\" src=\"\/media\/img\/fd\/3e\/26b18fbaa95e8f10028a-slovenska-zenska-odbojkarska-reprezentanca-latvija-evropsko-prvenstvo.jpeg\" title=\"slovenska \u017eenska odbojkarska reprezentanca : Latvija, evropsko prvenstvo\"\/><\/p>\n<p> Ma\u0161a Pucelj je tekmo kon\u010dala z 20 to\u010dkami.<br \/>\n Foto: CEV <\/p>\n<p>Slovenkam za\u010detek sre\u010danja, na katerem so bile prvi\u010d na tem prvenstvu papirnate favoritinje in pod pritiskom zmage, ni uspel po \u017eeljah. Tekmice so uvodni niz osvojile s 25:23, v drugem nadzirale potek in ga dobile s 25:19 ter varovanke Alessandra Oreficeja spravile v nelagoden polo\u017eaj. Slovenske reprezentantke so na igri\u0161\u010de stopile s \u010disto druga\u010dnim obrazom, ko se je razigrala \u0161e Fatoumatta Sillah, ki ji v prvih dveh nizih ni \u0161lo.\u00a0Slovenska prednost se je ve\u010dala iz minute v minuto.<\/p>\n<p>Slovenke so s 25:15 podalj\u0161ale tekmo, suvereno dobile \u0161e \u010detrti niz (25:13) in izsilile odlo\u010dilni skraj\u0161ani peti niz. Odprle so ga slabo, zaostajale z 1:5, a v nadaljevanju naredile \u0161e en preobrat, ga dobile s 15:12 in pri\u0161le do prigarane, predvsem pa zelo pomembne zmage v boju za napredovanje.<\/p>\n<p><img decoding=\"async\" alt=\"slovenska \u017eenska odbojkarska reprezentanca : Latvija, evropsko prvenstvo | Foto: CEV\" class=\"article_content__inline_image js_imageLightbox is-clickable\" data-author=\"CEV\" data-caption=\"\" data-height=\"927\" data-href=\"https:\/\/siol.net\/media\/images\/2026-34\/a3_KW7YkwT.jpg\" data-width=\"1280\" loading=\"lazy\" src=\"\/media\/img\/94\/3d\/53ecb57839303bd47c34-slovenska-zenska-odbojkarska-reprezentanca-latvija-evropsko-prvenstvo.jpeg\" title=\"slovenska \u017eenska odbojkarska reprezentanca : Latvija, evropsko prvenstvo\"\/><\/p>\n<p> Foto: CEV <\/p>\n<p>Pri Sloveniji je najve\u010d to\u010dk, 20, dosegla\u00a0Ma\u0161a Pucelj, kapetanka Sa\u0161a Planin\u0161ec jih je\u00a0dodala 16 to\u010dk, Lorena Lorber Fijok 14, Sillah 13, Nika Milo\u0161i\u010d 9, podajalka Eva Pavlovi\u0107 Mori pa 4. Pri Latvijkah je Paula Nikola Ne\u010diporuka ob porazu dosegla 20 to\u010dk.<\/p>\n<p><img decoding=\"async\" class=\"article_content__inline_video_poster\" loading=\"lazy\" src=\"https:\/\/www.europesays.com\/si\/wp-content\/uploads\/2026\/08\/297c2d66c3a75d789f8b-eva-pavlovic-mori.png\"\/><\/p>\n<p>Orefice: Rad bi se tudi opravi\u010dil igralkam<\/p>\n<p>&#8220;Zame je bilo danes res te\u017eko. Mislim, da je bilo s to ekipo prvi\u010d tako te\u017eko pritisniti nanje in jih spodbuditi. Rad bi se tudi opravi\u010dil igralkam, saj v prvih dveh nizih nisem na\u0161el energije, da bi jih dvignil, ker sem imel sino\u010di manj\u0161o osebno te\u017eavo, s katero se je bilo te\u017eko spopasti in skorajda nisem spal. Bil sem res\u00a0res utrujen, povsem brez energije. Nato pa me je tudi po zaslugi mojega strokovnega \u0161taba nekoliko predramilo njihovo spodbujanje: &#8220;Hej, v sebi mora\u0161 nekaj najti.&#8221;\u00a0In kot pravim, v prvih dveh nizih ni delovalo ni\u010d. Prav ni\u010d. Ni \u0161lo za tehni\u010dne ali takti\u010dne stvari, \u0161lo je le za ekipo, ki je bila na igri\u0161\u010du pod velikim pritiskom. Pod res velikim pritiskom in zavedanjem, da mora zmagati. In ni \u0161lo,&#8221; je po zmagi dejal selektor Orefice in nadaljeval.<\/p>\n<p><img decoding=\"async\" alt=\"\" rad=\"\" bi=\"\" se=\"\" tudi=\"\" opravi=\"\" igralkam=\"\" saj=\"\" v=\"\" prvih=\"\" dveh=\"\" nizih=\"\" nisem=\"\" na=\"\" energije=\"\" da=\"\" jih=\"\" dvignil=\"\" ker=\"\" sem=\"\" imel=\"\" sino=\"\" manj=\"\" osebno=\"\" te=\"\" s=\"\" katero=\"\" je=\"\" bilo=\"\" spopasti=\"\" in=\"\" skorajda=\"\" spal.=\"\" bil=\"\" res=\"\" utrujen=\"\" povsem=\"\" brez=\"\" energije.=\"\" foto:=\"\" cev=\"\" class=\"article_content__inline_image js_imageLightbox is-clickable\" data-author=\"CEV\" data-caption=\"&quot;Rad bi se tudi opravi\u010dil igralkam, saj v prvih dveh nizih nisem na\u0161el energije, da bi jih dvignil, ker sem imel sino\u010di manj\u0161o osebno te\u017eavo, s katero se je bilo te\u017eko spopasti in skorajda nisem spal. Bil sem res, res utrujen, povsem brez energije.&quot;\" data-height=\"793\" data-href=\"https:\/\/siol.net\/media\/images\/2026-34\/a7_jTDEcqP.jpg\" data-width=\"1280\" loading=\"lazy\" src=\"\/media\/img\/40\/1d\/91855ac561a3ee86bf2c-slovenska-zenska-odbojkarska-reprezentanca-latvija-evropsko-prvenstvo.jpeg\" title=\"slovenska \u017eenska odbojkarska reprezentanca : Latvija, evropsko prvenstvo\"\/><\/p>\n<p> &#8220;Rad bi se tudi opravi\u010dil igralkam, saj v prvih dveh nizih nisem na\u0161el energije, da bi jih dvignil, ker sem imel sino\u010di manj\u0161o osebno te\u017eavo, s katero se je bilo te\u017eko spopasti in skorajda nisem spal. Bil sem res, res utrujen, povsem brez energije.&#8221;<br \/>\n Foto: CEV <\/p>\n<p>&#8220;Zato sem ekipi po dveh nizih rekel le: &#8220;Punce, tukaj smo, ker \u017eelimo sanjati. Zato vas prosim, \u010de \u017eelite \u0161e naprej sanjati, moramo pokazati nekaj ve\u010d.&#8221;\u00a0Sanjajmo torej naprej. To je bilo moje sporo\u010dilo ekipi. Ko so nato za\u010dele igrati, smo videli, da so neustavljive. Da, nekoliko smo spremenili zadeve, da bi spravili Latvijo v te\u017eave, a ne toliko zaradi nas, temve\u010d bolj zato, da bi vnesli nekaj zmede v njihovo takti\u010dno pripravo na nas. Zato smo zamenjali Ma\u0161o z Neneh. Mislim pa tudi, da tak\u0161na tekma po zaostanku z 0:2 ekipi omogo\u010di izjemno rast. In verjamem, da mora biti ta tekma po 0:2 velika lekcija, ki bo pomagala ekipi zrasti,&#8221; je zaklju\u010dil 41-letni Italijan.<\/p>\n<p>Lorber Fijok: Na koncu, hvala bogu, smo dobile to zmago, tudi \u010de ne z na\u0161o najbolj\u0161o igro<\/p>\n<p>&#8220;Res zelo te\u017eka tekma je za nami. To smo tudi pri\u010dakovale. Predvsem veliko borbenosti na njihovi strani. Vedele smo, da moramo biti potrpe\u017eljive in vztrajne. To smo tudi bile. Na koncu, hvala bogu, smo dobile to zmago, tudi \u010de ne z na\u0161o najbolj\u0161o igro. Dale\u010d od tega. Ampak da pridemo do \u017eelenega cilja, so pomembne zmage, tudi \u010de bo vsaka zmaga od zdaj naprej v petih nizih, jo vzamemo, samo da nekako pridemo do na\u0161ega kon\u010dnega cilja. Mislim, da nam bo ta prost dan res koristil, da vidimo, kaj delamo narobe, kako igrati bolj\u0161e, da se malo spo\u010dijemo, da bomo fizi\u010dno pripravljene na tekmi proti Mad\u017earski, ki bo najpomembnej\u0161a. Pri\u010dakujemo enako, boj za vsako \u017eogo. Tudi one si \u017eelijo zmage in pripravljene smo \u0161e na eno dolgo tekmo, \u010deprav verjamem, da \u010de prika\u017eemo na\u0161o dobro igro, \u010de smo me &#8216;prave&#8217;, lahko tekmo kon\u010damo prej, kot smo jo danes,&#8221; pa je misli v izjavi za OZS strnila Lorber Fijok.\u00a0<\/p>\n<p><img decoding=\"async\" alt=\"\" na=\"\" koncu=\"\" hvala=\"\" bogu=\"\" smo=\"\" dobile=\"\" to=\"\" zmago=\"\" tudi=\"\" ne=\"\" z=\"\" najbolj=\"\" igro.=\"\" dale=\"\" od=\"\" tega.=\"\" ampak=\"\" da=\"\" pridemo=\"\" do=\"\" cilja=\"\" so=\"\" pomembne=\"\" zmage=\"\" bo=\"\" vsaka=\"\" zmaga=\"\" zdaj=\"\" naprej=\"\" v=\"\" petih=\"\" nizih=\"\" jo=\"\" vzamemo.=\"\" foto:=\"\" cev=\"\" class=\"article_content__inline_image js_imageLightbox is-clickable\" data-author=\"CEV\" data-caption=\"&quot;Na koncu, hvala bogu, smo dobile to zmago, tudi \u010de ne z na\u0161o najbolj\u0161o igro. Dale\u010d od tega. Ampak da pridemo do \u017eelenega cilja, so pomembne zmage, tudi \u010de bo vsaka zmaga od zdaj naprej v petih nizih, jo vzamemo.&quot;\" data-height=\"933\" data-href=\"https:\/\/siol.net\/media\/images\/2026-34\/153905-cev4-2.jpg\" data-width=\"1280\" loading=\"lazy\" src=\"\/media\/img\/86\/d8\/dc53abd8e7b027394006-slovenska-zenska-odbojkarska-reprezentanca-latvija-evropsko-prvenstvo-lorena-lorber-fijok.jpeg\" title=\"slovenska \u017eenska odbojkarska reprezentanca : Latvija, evropsko prvenstvo, Lorena Lorber Fijok\"\/><\/p>\n<p> &#8220;Na koncu, hvala bogu, smo dobile to zmago, tudi \u010de ne z na\u0161o najbolj\u0161o igro. Dale\u010d od tega. Ampak da pridemo do \u017eelenega cilja, so pomembne zmage, tudi \u010de bo vsaka zmaga od zdaj naprej v petih nizih, jo vzamemo.&#8221;<br \/>\n Foto: CEV <\/p>\n<p>Slovenke so trenutno na zadnjem, \u010detrtem mestu, ki vodi v izlo\u010dilne boje.\u00a0Po dana\u0161nji tekmi bodo imele v \u010detrtek tekme prost dan, v petek ob 15. uri pa bodo skupinski del kon\u010dale proti Mad\u017earkam.<\/p>\n<p>\nEvropsko prvenstvo, 6. dan<br \/>\nSreda, 26. avgust<\/p>\n<p>Napredujejo prve \u0161tiri reprezentance skupine<\/p>\n<p>Leto\u0161nje evropsko prvenstvo gostijo Tur\u010dija (Istanbul), \u010ce\u0161ka (Brno), Azerbajd\u017ean (Baku) in \u0160vedska (G\u00f6teborg).\u00a0V vsaki\u00a0od \u0161tirih skupin je \u0161est reprezentanc, ki na predtekmovanju odigrajo po pet tekem. V\u00a0izlo\u010dilne boje napredujejo prve \u0161tiri reprezentance vsake skupine. Prva iz slovenske skupine se bo v osmini finala merila s \u010detrto iz skupine C, druga s tretjo iz skupine C &#8230; V skupini C sta najvi\u0161je postavljeni Nizozemska in Belgija. Obe sta v soboto zmagali po petih nizih.<\/p>\n<p>\nEvropsko prvenstvo, 6. dan<br \/>\nSreda, 26. avgust<\/p>\n<p>Lestvice:<\/p>\n<p>\u00a0<\/p>\n<p>Reprezentanca Slovenije:<\/p>\n<p>Podajalki: Eva Pavlovi\u0107 Mori, \u017dana Ivana Halu\u017ean Sagadin<br \/>Srednje blokerke: Sa\u0161a Planin\u0161ec, Nika Milo\u0161i\u010d, Mirta Velikonja Grbac, Pia Cviji\u0107<br \/>Sprejemalke: Lorena Lorber Fijok, Fatoumatta Sillah, \u017dana Godec, Iza Koren<br \/>Korektorici: Ma\u0161a Pucelj, Polona Frelih<br \/>Prosti igralki: Zoja Donko, Tara Filipi\u010d<\/p>\n<p>Selektor: Alessandro Orefice<\/p>\n<p>Spored tekem v skupinskem delu slovenske reprezentance<\/p>\n<p>Sobota, 22. avgusta<br \/>Nem\u010dija : Slovenija 0:3 (\u201322, \u201321, \u201320)<\/p>\n<p>Nedelja, 23. avgusta<br \/>Slovenija :\u00a0Tur\u010dija 1:3 (\u201321, 22, \u201317, \u201316)<\/p>\n<p>Torek, 25. avgusta<br \/>Poljska : Slovenija\u00a03:0 (14, 26, 18)<\/p>\n<p>Sreda, 26. avgusta<br \/>Slovenija : Latvija 3:2 (\u201323, \u201319, 15, 13, 12)<\/p>\n<p>Petek, 28. avgusta<br \/>15.00 Slovenija \u2013\u00a0Mad\u017earska<\/p>\n<p>Skupine na EP:<\/p>\n<p>Skupina A, Istanbul (Tur\u010dija): Tur\u010dija, Latvija, Poljska, Nem\u010dija, Slovenija, Mad\u017earska<br \/>Skupina B, Brno (\u010ce\u0161ka): \u010ce\u0161ka, Avstrija, Srbija, Ukrajina, Bolgarija, Gr\u010dija<br \/>Skupina C, Baku (Azerbajd\u017ean): Azerbajd\u017ean, Portugalska, Nizozemska, Belgija, Romunija, \u0160panija<br \/>Skupina D, G\u00f6teborg (\u0160vedska): \u0160vedska, \u010crna gora, Italija, Francija, Slova\u0161ka, Hrva\u0161ka<\/p>\n<p>Dozdaj\u0161nji nastopi Slovenk na EP:<\/p>\n<p>2015: 16. mesto (sodelovalo je\u00a016 ekip)<br \/>2019: 16. mesto (24 ekip)<br \/>2023: 20. mesto (24 ekip)<\/p>\n","protected":false},"excerpt":{"rendered":"Slovenske odbojkarice so v prvem delu reprezentan\u010dne sezone zaigrale v evropski ligi,\u00a0jo sklenile tik pod vrhom in naknadno&hellip;\n","protected":false},"author":2,"featured_media":204928,"comment_status":"","ping_status":"","sticky":false,"template":"","format":"standard","meta":{"footnotes":"","_share_on_mastodon":"0"},"categories":[20],"tags":[11852,48716,32,10400,35,31,34,146,36,37,38,33116,33],"class_list":["post-204927","post","type-post","status-publish","format-standard","has-post-thumbnail","category-novice","tag-alessandro-orefice","tag-evropsko-prvenstvo-v-odbojki","tag-headlines","tag-latvija","tag-najpomembnejse-novice","tag-news","tag-novice","tag-odbojka","tag-osrednje-novice","tag-slovene","tag-slovenscina","tag-slovenska-zenska-odbojkarska-reprezentanca","tag-top-stories"],"share_on_mastodon":{"url":"https:\/\/pubeurope.com\/@si\/117162903673695422","error":""},"_links":{"self":[{"href":"https:\/\/www.europesays.com\/si\/wp-json\/wp\/v2\/posts\/204927","targetHints":{"allow":["GET"]}}],"collection":[{"href":"https:\/\/www.europesays.com\/si\/wp-json\/wp\/v2\/posts"}],"about":[{"href":"https:\/\/www.europesays.com\/si\/wp-json\/wp\/v2\/types\/post"}],"author":[{"embeddable":true,"href":"https:\/\/www.europesays.com\/si\/wp-json\/wp\/v2\/users\/2"}],"replies":[{"embeddable":true,"href":"https:\/\/www.europesays.com\/si\/wp-json\/wp\/v2\/comments?post=204927"}],"version-history":[{"count":0,"href":"https:\/\/www.europesays.com\/si\/wp-json\/wp\/v2\/posts\/204927\/revisions"}],"wp:featuredmedia":[{"embeddable":true,"href":"https:\/\/www.europesays.com\/si\/wp-json\/wp\/v2\/media\/204928"}],"wp:attachment":[{"href":"https:\/\/www.europesays.com\/si\/wp-json\/wp\/v2\/media?parent=204927"}],"wp:term":[{"taxonomy":"category","embeddable":true,"href":"https:\/\/www.europesays.com\/si\/wp-json\/wp\/v2\/categories?post=204927"},{"taxonomy":"post_tag","embeddable":true,"href":"https:\/\/www.europesays.com\/si\/wp-json\/wp\/v2\/tags?post=204927"}],"curies":[{"name":"wp","href":"https:\/\/api.w.org\/{rel}","templated":true}]}}