{"id":204993,"date":"2026-08-26T18:18:07","date_gmt":"2026-08-26T18:18:07","guid":{"rendered":"https:\/\/www.europesays.com\/si\/204993\/"},"modified":"2026-08-26T18:18:07","modified_gmt":"2026-08-26T18:18:07","slug":"v-celju-vse-pripravljeno-za-nogometni-praznik-pri-gostih-sporar-od-prve-minute","status":"publish","type":"post","link":"https:\/\/www.europesays.com\/si\/204993\/","title":{"rendered":"V Celju vse pripravljeno za nogometni praznik, pri gostih \u0160porar od prve minute"},"content":{"rendered":"<p>    <img decoding=\"async\" data-lb-desktop=\"\/media\/2026\/08\/26\/857906\/Orig-20260825_01567355-1200.webp\" data-lb-mobile=\"\/media\/2026\/08\/26\/857906\/Orig-20260825_01567355-600.webp\" class=\"main-gallery-image se_image_lb\" src=\"https:\/\/www.europesays.com\/si\/wp-content\/uploads\/2026\/08\/Wide-20260825_01567355-1000.webp\" alt=\"Celje, Stadion Z'dezele.Medijski termin NK Celje pred tekmo proti SK Slovan Bratislava.\"\/><\/p>\n<p>Trener Celja Vitor Campelos in junak prvega sre\u010danja\u00a0Milot Avdyli sta bila na torkovi novinarski konferenci prepri\u010dana o uspehu Celja. Foto: STA<\/p>\n<p>V Celju vse pripravljeno za nogometni praznik, pri gostih \u0160porar od prve minute<\/p>\n<p>Celje danes \u017eivi za nogomet. Ob 21. uri se bo na stadionu Z&#8217;de\u017eele za\u010dela povratna tekma zadnjega kroga kvalifikacij za ligo prvakov med doma\u010dim Celjem in Slovanom iz Bratislave. Prva tekma se je kon\u010dala neodlo\u010deno (1:1).<\/p>\n<p>                        26. 08. 2026, 19.50\n                    <\/p>\n<p>                        <a href=\"https:\/\/google.com\/preferences\/source?q=dnevnik.si\" class=\"se-author-gps-cta\" target=\"_blank\" rel=\"nofollow noopener\"><br \/>\n                            <img decoding=\"async\" class=\"se-author-gps-cta-badge\" src=\"https:\/\/www.europesays.com\/si\/wp-content\/uploads\/2026\/08\/1787768287_168_dnevnik_gps_badge.png\" alt=\"Google Preferred Sources CTA\"\/><br \/>\n                        <\/a><\/p>\n<p>Celje je vedno slovelo kot rokometno mesto, a danes je v ospredju nogomet. Zanimanje za tekmo doma\u010dega kluba \u0161e nikoli ni bilo tako veliko, kon\u010dna nagrada pa je velika\u00a0\u2013 elitna liga prvakov oziroma nogometni raj. Vrata vanj so odprta, saj je Milot Avdyli v Bratislavi z evrogolom poskrbel, da se tekma v Celju za\u010denja z neodlo\u010denim izidom.<\/p>\n<p>Morebitno napredovanje v liga\u0161ki del lige prvakov bi precej odebelilo tudi celjsko klubsko blagajno. \u017de sama uvrstitev v skupinski del prina\u0161a kar 18,62 milijona evrov, skupaj z zaslu\u017eki iz televizijskih pravic in evropskega koeficienta pa ve\u010d kot 20 milijonov. Dodatni zaslu\u017eek seveda zagotavljajo tudi uspehi na zelenicah. Vsak remi v ligi prvakov je vreden 700.000 evrov, vsaka zmaga pa neverjetnih 2,1 milijona evrov. Celjska uvrstitev med elito bi bila finan\u010dno dobrodo\u0161la tudi za druge slovenske klube: \u010de bi Campelosova \u010deta izlo\u010dila Slovana, bi vsak slovenski prvoliga\u0161 dobil ve\u010d kot milijon evrov.\u00a0<\/p>\n<p>Spremembe v za\u010detni postavi<\/p>\n<p>Oba trenerja sta dobro skrivala svoje takti\u010dne zamisli, tako doma\u010di Vitor Campelos, kot gostujo\u010di Yaya Toure sta poskrbela za spremembe v za\u010detni postavi v primerjavi s prvo tekmo. Pri gostih ni\u010desar ne prepu\u0161\u010dajo naklju\u010dju in bo namesto njihovega strelca edinega zadetka na prvi tekme \u010cerepkaia v prvi postavi namesto njega za\u010del Slovenec Andra\u017e \u0160porar.<\/p>\n<p>Tudi Campelos je presenetil predvsem z ofenzivnim delom ekipe. Od prve minute bosta na igri\u0161\u010du denimo Kotnik in Dukuly.<\/p>\n<p>Celje:\u00a0Leban; \u0160irvys,\u00a0Hrka, Tuty\u0161kinas, Avdyli; Daniel, Zabukovnik, Se\u0161lar;\u00a0Kvesi\u0107, Kotnik, Dukuly.\u00a0Trener:\u00a0Vitor Campelos.<\/p>\n<p>Slovan Bratislava:\u00a0Taka\u010d; Blackman, Bajri\u0107, Markovi\u0107, Cruz; Ibrahim, Pokorny, Martinez;\u00a0Camara, \u0160porar,\u00a0Barseghyan.\u00a0Trener:\u00a0Yaya Toure.<\/p>\n<p>\u00a0<\/p>\n<p>Podvig do zdaj uspel le Mariboru<\/p>\n<p>Slovan iz Bratislave je po podatkih Transfermarkta precej vrednej\u0161e mo\u0161tvo od Celjanov, saj njegova skupna vrednost zna\u0161a 35,14 milijona evrov. Celjani so od slova\u0161kih tekmecev vredni slabih 22 milijonov evrov manj, a to se na prvem sre\u010danju ni pokazalo na igri\u0161\u010du.<\/p>\n<p>Grofje bi v primeru napredovanja postali \u0161ele drugo slovensko mo\u0161tvo z nastopom v ligi prvakov. Pred tem je to uspelo le nogometa\u0161em Maribora v letih 1999, 2014 in 2017. \u010ce bi jih Slovan izlo\u010dil, pa bi tekmovanje nadaljevali v evropski ligi, v kateri so doslej od slovenskih predstavnikov prav tako igrali zgolj vijoli\u010dasti.\u00a0<\/p>\n","protected":false},"excerpt":{"rendered":"Trener Celja Vitor Campelos in junak prvega sre\u010danja\u00a0Milot Avdyli sta bila na torkovi novinarski konferenci prepri\u010dana o uspehu&hellip;\n","protected":false},"author":2,"featured_media":204994,"comment_status":"","ping_status":"","sticky":false,"template":"","format":"standard","meta":{"footnotes":"","_share_on_mastodon":"0"},"categories":[23],"tags":[162,1372,150,264,62,44361,37,58,60,38],"class_list":["post-204993","post","type-post","status-publish","format-standard","has-post-thumbnail","category-celje","tag-celje","tag-liga-prvakov","tag-maribor","tag-nogomet","tag-si","tag-slovan-bratislava","tag-slovene","tag-slovenia","tag-slovenija","tag-slovenscina"],"share_on_mastodon":{"url":"https:\/\/pubeurope.com\/@si\/117163190651906307","error":""},"_links":{"self":[{"href":"https:\/\/www.europesays.com\/si\/wp-json\/wp\/v2\/posts\/204993","targetHints":{"allow":["GET"]}}],"collection":[{"href":"https:\/\/www.europesays.com\/si\/wp-json\/wp\/v2\/posts"}],"about":[{"href":"https:\/\/www.europesays.com\/si\/wp-json\/wp\/v2\/types\/post"}],"author":[{"embeddable":true,"href":"https:\/\/www.europesays.com\/si\/wp-json\/wp\/v2\/users\/2"}],"replies":[{"embeddable":true,"href":"https:\/\/www.europesays.com\/si\/wp-json\/wp\/v2\/comments?post=204993"}],"version-history":[{"count":0,"href":"https:\/\/www.europesays.com\/si\/wp-json\/wp\/v2\/posts\/204993\/revisions"}],"wp:featuredmedia":[{"embeddable":true,"href":"https:\/\/www.europesays.com\/si\/wp-json\/wp\/v2\/media\/204994"}],"wp:attachment":[{"href":"https:\/\/www.europesays.com\/si\/wp-json\/wp\/v2\/media?parent=204993"}],"wp:term":[{"taxonomy":"category","embeddable":true,"href":"https:\/\/www.europesays.com\/si\/wp-json\/wp\/v2\/categories?post=204993"},{"taxonomy":"post_tag","embeddable":true,"href":"https:\/\/www.europesays.com\/si\/wp-json\/wp\/v2\/tags?post=204993"}],"curies":[{"name":"wp","href":"https:\/\/api.w.org\/{rel}","templated":true}]}}