{"id":205051,"date":"2026-08-26T19:14:11","date_gmt":"2026-08-26T19:14:11","guid":{"rendered":"https:\/\/www.europesays.com\/si\/205051\/"},"modified":"2026-08-26T19:14:11","modified_gmt":"2026-08-26T19:14:11","slug":"boj-za-ligo-prvakov-celje-slovan-00-prvi-polcas","status":"publish","type":"post","link":"https:\/\/www.europesays.com\/si\/205051\/","title":{"rendered":"Boj za ligo prvakov: Celje \u2013 Slovan 0:0 (prvi pol\u010das)"},"content":{"rendered":"<p>Zgodovinski ve\u010der! Nogometa\u0161i\u00a0Celja\u00a0so ob 21. uri na razprodanem \u0161tadionu Z&#8217;de\u017eele za\u010deli povratno\u00a0tekmo\u00a0zadnjega kroga kvalifikacij za ligo prvakov proti slova\u0161kemu prvaku Slovanu iz Bratislave. Celjani pred najpomembnej\u0161o tekmo v klubski zgodovini napovedujejo pogumno igro in upajo, da jim bo dodatno spodbudo vlil \u0161tadion. <a href=\"https:\/\/www.delo.si\/sport\/nogomet\/trpljenje-celjanov-je-nagradilo-potrpljenje-vrata-paradiza-so-zdaj-le-priprta\" target=\"_blank\" rel=\"nofollow noopener\">Prva tekma se je kon\u010dala z 1:1.<\/a><\/p>\n","protected":false},"excerpt":{"rendered":"Zgodovinski ve\u010der! Nogometa\u0161i\u00a0Celja\u00a0so ob 21. uri na razprodanem \u0161tadionu Z&#8217;de\u017eele za\u010deli povratno\u00a0tekmo\u00a0zadnjega kroga kvalifikacij za ligo prvakov proti&hellip;\n","protected":false},"author":2,"featured_media":205052,"comment_status":"","ping_status":"","sticky":false,"template":"","format":"standard","meta":{"footnotes":"","_share_on_mastodon":"0"},"categories":[23],"tags":[5614,9461,38744,162,36043,1372,49424,134,62,44361,37,58,60,38,3923,4192,1376,2893,9822],"class_list":["post-205051","post","type-post","status-publish","format-standard","has-post-thumbnail","category-celje","tag-andraz-sporar","tag-benjamin-verbic","tag-bratislava","tag-celje","tag-kvalifikacije-za-ligo-prvakov","tag-liga-prvakov","tag-milot-avdyli","tag-nk-celje","tag-si","tag-slovan-bratislava","tag-slovene","tag-slovenia","tag-slovenija","tag-slovenscina","tag-stadion-zdezele","tag-svit-seslar","tag-uefa","tag-uefa-liga-prvakov","tag-vitor-campelos"],"share_on_mastodon":{"url":"https:\/\/pubeurope.com\/@si\/117163410489211961","error":""},"_links":{"self":[{"href":"https:\/\/www.europesays.com\/si\/wp-json\/wp\/v2\/posts\/205051","targetHints":{"allow":["GET"]}}],"collection":[{"href":"https:\/\/www.europesays.com\/si\/wp-json\/wp\/v2\/posts"}],"about":[{"href":"https:\/\/www.europesays.com\/si\/wp-json\/wp\/v2\/types\/post"}],"author":[{"embeddable":true,"href":"https:\/\/www.europesays.com\/si\/wp-json\/wp\/v2\/users\/2"}],"replies":[{"embeddable":true,"href":"https:\/\/www.europesays.com\/si\/wp-json\/wp\/v2\/comments?post=205051"}],"version-history":[{"count":0,"href":"https:\/\/www.europesays.com\/si\/wp-json\/wp\/v2\/posts\/205051\/revisions"}],"wp:featuredmedia":[{"embeddable":true,"href":"https:\/\/www.europesays.com\/si\/wp-json\/wp\/v2\/media\/205052"}],"wp:attachment":[{"href":"https:\/\/www.europesays.com\/si\/wp-json\/wp\/v2\/media?parent=205051"}],"wp:term":[{"taxonomy":"category","embeddable":true,"href":"https:\/\/www.europesays.com\/si\/wp-json\/wp\/v2\/categories?post=205051"},{"taxonomy":"post_tag","embeddable":true,"href":"https:\/\/www.europesays.com\/si\/wp-json\/wp\/v2\/tags?post=205051"}],"curies":[{"name":"wp","href":"https:\/\/api.w.org\/{rel}","templated":true}]}}