{"id":205299,"date":"2026-08-27T01:38:15","date_gmt":"2026-08-27T01:38:15","guid":{"rendered":"https:\/\/www.europesays.com\/si\/205299\/"},"modified":"2026-08-27T01:38:15","modified_gmt":"2026-08-27T01:38:15","slug":"video-zaradi-krofa-ljudje-kampirajo-na-2300-metrih","status":"publish","type":"post","link":"https:\/\/www.europesays.com\/si\/205299\/","title":{"rendered":"(VIDEO) Zaradi krofa ljudje kampirajo na 2300 metrih"},"content":{"rendered":"<p>    <img decoding=\"async\" data-lb-desktop=\"\/media\/2026\/08\/23\/857132\/Orig-WhatsApp_Image_2026-08-24_at_12_57_51-1200.webp\" data-lb-mobile=\"\/media\/2026\/08\/23\/857132\/Orig-WhatsApp_Image_2026-08-24_at_12_57_51-600.webp\" class=\"main-gallery-image se_image_lb\" src=\"https:\/\/www.europesays.com\/si\/wp-content\/uploads\/2026\/08\/Wide-WhatsApp_Image_2026-08-24_at_12_57_51-1000.webp\" alt=\"Krofi v dolomitih\"\/><\/p>\n<p>Za planince in spletne vplivne\u017ee so Dolomiti odli\u010dna kulisa. Foto: IG<\/p>\n<p>(VIDEO) Zaradi krofa ljudje kampirajo na 2300 metrih<\/p>\n<p>V Dolomitih je iz povsem obi\u010dajnega planinskega peciva nastal spletni fenomen. Krofi iz ko\u010de Friedrich August so zaradi instagrama in tiktoka privabili mno\u017eice, ki na goro prihajajo predvsem zaradi fotografije in sladice. Lokalni prebivalci opozarjajo, da problem niso krofi, ampak algoritmi, ki turiste usmerjajo vedno na ista mesta.<\/p>\n<p>V planinski ko\u010di Friedrich August v dolini Fassa, med Col Rodello in prelazom Sella, krofe pe\u010dejo \u017ee pribli\u017eno tri desetletja. V\u010dasih so bili zgolj ena od ponudb za pohodnike, ki so se po vzponu ustavili na terasi, naro\u010dili nekaj toplega in ob\u010dudovali mogo\u010dne dolomitske vrhove. Danes so krofi postali glavna atrakcija, predvsem za spletne vplivne\u017ee pa motivacija za kraj\u0161i 20-minutni vzpon. Kajti predvsem zaradi objave prehranskih vplivne\u017eev na instagramu in tiktoku se je proti ko\u010di za\u010dela valiti mno\u017eica obiskovalcev. Nekateri so na pot krenili \u017ee pred zoro, drugi so bili pripravljeni \u010dakati ve\u010d ur, da bi dobili sve\u017ee ocvrt krof. Poro\u010dila in tudi spletne objave govorijo o stotinah ljudi, ki se zbirajo pred ko\u010do, krofi pa so lahko razprodani \u017ee dopoldne.<\/p>\n<p>Fotografija je pomembnej\u0161a od gore<\/p>\n<p>Fenomen je \u0161e bolj nenavaden, ker se obiskovalci zaradi njega ne odpravljajo na vrh gore, tudi zaradi zahtevne planinske poti. Glavni cilj je fotografija krofa pred kuliso Dolomitov. Ko so se na dru\u017ebenih omre\u017ejih pojavili posnetki peciva, obdanega z dramati\u010dnimi gorskimi vrhovi, se je zgodba za\u010dela \u0161iriti z izjemno hitrostjo. In zgodilo se je nekaj, kar je za mno\u017ei\u010dni turizem skoraj paradoksalno: fotografije dolgih vrst ljudi niso odvrnile, ampak so privabile \u0161e ve\u010d obiskovalcev.<\/p>\n<p>        <img decoding=\"async\" data-lb-desktop=\"\/media\/2026\/08\/23\/857130\/Orig-WhatsApp_Image_2026-08-24_at_12_57_06-1200.webp\" data-lb-mobile=\"\/media\/2026\/08\/23\/857130\/Orig-WhatsApp_Image_2026-08-24_at_12_57_06-600.webp\" class=\"se_image se_image_lb\" src=\"https:\/\/www.europesays.com\/si\/wp-content\/uploads\/2026\/08\/Orig-WhatsApp_Image_2026-08-24_at_12_57_06-1000.webp\" alt=\"Krofi v dolomitih\"\/><\/p>\n<p>Planinska ko\u010da Friedrich August v dolini Fassa je zaradi krofov postala hit leto\u0161njega poletja. Foto: IG<\/p>\n<p>O fenomenu so v zadnjih tednih poro\u010dali tudi \u0161tevilni italijanski in evropski mediji. Italijanski mediji pi\u0161ejo, da so se po viralnih objavah za\u010dele oblikovati dolge vrste na ozkih poteh do ko\u010de. Friedrich August je tako postal nov primer tega, kako lahko dru\u017ebena omre\u017eja v zelo kratkem \u010dasu preoblikujejo obisk dolo\u010dene lokacije. Prav tako italijanski mediji opozarjajo, da se zaradi dru\u017ebenih omre\u017eij spreminja na\u010din, kako ljudje izbirajo svoje izlete. Namesto vpra\u0161anja, katera gora, dolina ali pot je vredna obiska, postaja pomembnej\u0161e vpra\u0161anje, kje je mogo\u010de posneti fotografijo, ki bo dobro videti na telefonu.<\/p>\n<p>Problem niso krofi, ampak algoritmi<\/p>\n<p>Lokalne planinske skupnosti nad dogajanjem niso navdu\u0161ene. Predstavniki italijanskih gorskih obmo\u010dij opozarjajo, da problem ni v priljubljenosti ene sladice, ampak v \u0161ir\u0161em pojavu, ko algoritmi dru\u017ebenih omre\u017eij ogromno \u0161tevilo ljudi usmerijo na isto lokacijo. Predstavniki planinskih skupnosti opozarjajo, da gore niso zabavi\u0161\u010dni park, medtem ko drugi menijo, da turizem, ki ga vodi predvsem \u017eelja po fotografiji, spodjeda tradicionalnega duha obiskovanja gora.<\/p>\n<p>Podobne skrbi so v Dolomitih izra\u017eali \u017ee prej. Nekatere lokacije so zaradi mno\u017ei\u010dnega obiska \u017ee uvedle omejitve, na drugih pa so se pojavljali dolge vrste, prometni zastoji in preobremenjena infrastruktura. Friedrich August je tako le \u0161e en primer \u0161ir\u0161ega problema. Krof je postal viralen, vendar bi ga lahko nadomestila katera koli druga atrakcija. Danes krof, jutri razgledna to\u010dka.<\/p>\n<p>Dolomiti letos znova pokajo po \u0161ivih<\/p>\n<p>Da leto\u0161nja zgodba ni zgolj posledica viralnega krofa, potrjujejo tudi aktualna poro\u010dila iz drugih delov Dolomitov. Na Passo Sella je bilo v prvih \u0161estih dneh avgusta parkiri\u0161\u010de s 199 mesti zapolnjeno prav vsak dan. Povpre\u010dno je bilo polno \u017ee ob 7.42. Julija je bilo popolnoma zasedeno 24 od 31 dni, junija pa \u0161est od 30 dni. \u0160e bolj zgovorni so podatki s Tre Cime di Lavaredo. Julija je bilo zaradi velikega navala okoli 300 turistov ujetih v \u010dakalni vrsti za avtobuse med Misurino in ko\u010do Auronzo. Kljub dodatnemu avtobusu prevozniku ni uspelo sproti odpeljati vseh obiskovalcev. Tudi v drugih delih Dolomitov letos opozarjajo na vse ve\u010dje prometne zastoje, polna parkiri\u0161\u010da in prenatrpane planinske poti. Kot enega od razlogov pogosto omenjajo vpliv potovalnih vplivne\u017eev in dru\u017ebenih omre\u017eij.<\/p>\n<p>        <img decoding=\"async\" data-lb-desktop=\"\/media\/2026\/08\/23\/857131\/Orig-WhatsApp_Image_2026-08-24_at_12_57_24-1200.webp\" data-lb-mobile=\"\/media\/2026\/08\/23\/857131\/Orig-WhatsApp_Image_2026-08-24_at_12_57_24-600.webp\" class=\"se_image se_image_lb\" src=\"https:\/\/www.europesays.com\/si\/wp-content\/uploads\/2026\/08\/Orig-WhatsApp_Image_2026-08-24_at_12_57_24-1000.webp\" alt=\"Krofi v dolomitih\"\/><\/p>\n<p>Krofov po navadi zmanjka \u017ee zgodaj dopoldne. Foto: IG<\/p>\n<p>K ve\u010djemu obisku prispeva tudi trend tako imenovanega coolcation turizma, ko se ljudje v poletni vro\u010dini odpravljajo na hladnej\u0161a gorska obmo\u010dja.<\/p>\n","protected":false},"excerpt":{"rendered":"Za planince in spletne vplivne\u017ee so Dolomiti odli\u010dna kulisa. Foto: IG (VIDEO) Zaradi krofa ljudje kampirajo na 2300&hellip;\n","protected":false},"author":2,"featured_media":205300,"comment_status":"","ping_status":"","sticky":false,"template":"","format":"standard","meta":{"footnotes":"","_share_on_mastodon":"0"},"categories":[8],"tags":[31550,8563,50558,946,37,38,64,63],"class_list":["post-205299","post","type-post","status-publish","format-standard","has-post-thumbnail","category-svet","tag-dolomiti","tag-gneca","tag-koca-friedrich-august","tag-krofi","tag-slovene","tag-slovenscina","tag-svet","tag-world"],"share_on_mastodon":{"url":"https:\/\/pubeurope.com\/@si\/117164920742691143","error":""},"_links":{"self":[{"href":"https:\/\/www.europesays.com\/si\/wp-json\/wp\/v2\/posts\/205299","targetHints":{"allow":["GET"]}}],"collection":[{"href":"https:\/\/www.europesays.com\/si\/wp-json\/wp\/v2\/posts"}],"about":[{"href":"https:\/\/www.europesays.com\/si\/wp-json\/wp\/v2\/types\/post"}],"author":[{"embeddable":true,"href":"https:\/\/www.europesays.com\/si\/wp-json\/wp\/v2\/users\/2"}],"replies":[{"embeddable":true,"href":"https:\/\/www.europesays.com\/si\/wp-json\/wp\/v2\/comments?post=205299"}],"version-history":[{"count":0,"href":"https:\/\/www.europesays.com\/si\/wp-json\/wp\/v2\/posts\/205299\/revisions"}],"wp:featuredmedia":[{"embeddable":true,"href":"https:\/\/www.europesays.com\/si\/wp-json\/wp\/v2\/media\/205300"}],"wp:attachment":[{"href":"https:\/\/www.europesays.com\/si\/wp-json\/wp\/v2\/media?parent=205299"}],"wp:term":[{"taxonomy":"category","embeddable":true,"href":"https:\/\/www.europesays.com\/si\/wp-json\/wp\/v2\/categories?post=205299"},{"taxonomy":"post_tag","embeddable":true,"href":"https:\/\/www.europesays.com\/si\/wp-json\/wp\/v2\/tags?post=205299"}],"curies":[{"name":"wp","href":"https:\/\/api.w.org\/{rel}","templated":true}]}}