{"id":205503,"date":"2026-08-27T06:35:14","date_gmt":"2026-08-27T06:35:14","guid":{"rendered":"https:\/\/www.europesays.com\/si\/205503\/"},"modified":"2026-08-27T06:35:14","modified_gmt":"2026-08-27T06:35:14","slug":"meta-bo-placala-18-milijard-dolarjev-in-uvedla-omejitve-uporabe-svojih-omrezij-za-najstnike","status":"publish","type":"post","link":"https:\/\/www.europesays.com\/si\/205503\/","title":{"rendered":"Meta bo pla\u010dala 18 milijard dolarjev in uvedla omejitve uporabe svojih omre\u017eij za najstnike"},"content":{"rendered":"<p>\t\t\t\t\t\t\t\t<a href=\"https:\/\/www.europesays.com\/si\/wp-content\/uploads\/2026\/08\/66902340.jpg\" itemprop=\"contentUrl\" data-size=\"1200x800\" data-large=\"https:\/\/www.europesays.com\/si\/wp-content\/uploads\/2026\/08\/66902340.jpg\"><br \/>\n\t\t\t\t\t\t\t\t\t<img decoding=\"async\" src=\"https:\/\/www.europesays.com\/si\/wp-content\/uploads\/2026\/08\/66902340.jpg\" title=\"Gre za prelomno to\u017ebo. Foto: AP\" alt=\"Gre za prelomno to\u017ebo. Foto: AP\"\/><br \/>\n\t\t\t\t\t\t\t\t<\/a><\/p>\n<p>\t\t\t\t\t\t\t\t\tGre za prelomno to\u017ebo. Foto: AP<\/p>\n<p>\t\t\t\t\t\t\t<a id=\"preferredSourceBanner\" href=\"https:\/\/www.rtvslo.si\/svet\/s-in-j-amerika\/meta-bo-placala-18-milijard-dolarjev-in-uvedla-omejitve-uporabe-svojih-omrezij-za-najstnike\/javascript:void(0)\" target=\"_blank\" class=\"d-none align-items-center justify-content-between rounded my-3\" style=\"padding: 10px 15px;\" rel=\"nofollow noopener\"><br \/>\n\t\t\t\t\t\t<img decoding=\"async\" src=\"https:\/\/img.rtvslo.si\/_static\/novi\/img\/ico-google.svg\" class=\"flex-shrink-0 mr-3\" aria-hidden=\"true\"\/><br \/>\n\t\t\t\t\t\tSpremljajte RTVSLO.si kot prednostni vir na Google<\/p>\n<p>\t\t\t\t\t<\/a><\/p>\n<p>Gre za dogovor oziroma poravnavo v okviru prelomne to\u017ebe 29 zveznih dr\u017eav, ki so Meti o\u010ditale, da je omre\u017eji Facebook in Instagram namenoma zasnovala na na\u010din, da povzro\u010data zasvojenost med otroki in mladostniki, zavajala javnost glede tveganj ter nezakonito in brez odobritve star\u0161ev zbirala podatke o otrocih, mlaj\u0161ih od 13 let.<\/p>\n<p>Oglas<\/p>\n<p>To\u017eniki so Metinim proizvodom o\u010ditali, da povzro\u010dajo te\u017eave v du\u0161evnem zdravju, vklju\u010dno s tesnobo, depresijo in samomorilnostjo, poro\u010da Guardian.<\/p>\n<p>Pred za\u010detkom sojenja na zveznem sodi\u0161\u010du v Oaklandu v Kaliforniji, ki se je za\u010delo pretekli torek, se je pri\u010dakovalo, da bo to trajalo pribli\u017eno \u0161est tednov, zdaj pa se je s poravnavo sojenje kon\u010dalo \u017ee v drugem tednu.<\/p>\n<p>&#8220;Meta je privolila v to, da bo v prihodnjih mesecih na svoje platforme vpeljala obse\u017ene spremembe, ki bodo zmanj\u0161ale tveganje za \u0161kodovanje mladim,&#8221; je dejal kalifornijski dr\u017eavni to\u017eilec Rob Bonta. Ob tem je izrazil prepri\u010danje, da izid sodbe predstavlja resni\u010dno spremembo, preglednost in za\u0161\u010dito za otroke.<\/p>\n<p>Iz sodnega spisa sicer izhaja, da sporazum ne pomeni priznanja odgovornosti ali nepravilnosti Mete, ki je dosledno zanikala obto\u017ebe.<\/p>\n<p>No\u010dna prepoved in dnevna omejitev uporabe aplikacij<\/p>\n<p>Meta, ki je sicer vredna 1,36 bilijona dolarjev (1,17 bilijona evrov), bo zveznim dr\u017eavam pla\u010dala do 18 milijard dolarjev v desetih letih. Kalifornija bo prejela med 1,5 in 2,1 milijarde dolarjev, Kolorado pa okoli 615 milijonov dolarjev.<\/p>\n<p>A glavne dolo\u010dbe sporazuma niso finan\u010dne narave. Za to\u017enike je namre\u010d pomembnej\u0161e to, da je Meta privolila v dolg seznam novih za\u0161\u010ditnih ukrepov, ki bodo bistveno spremenili na\u010din delovanja aplikacij za mlade, je poro\u010dala francoska tiskovna agencija AFP.<\/p>\n<p>Ena od sprememb je vklop no\u010dne prepovedi uporabe aplikacij, kar pomeni, da bodo najstniki imeli privzet zaklenjen dostop do dru\u017ebenih omre\u017eij Facebook in Instagram med polno\u010djo in 6. uro zjutraj po krajevnem \u010dasu.<\/p>\n<p>Prav tako bodo najstniki svoje ra\u010dune v vseh aplikacijah Mete lahko uporabljali le dve uri na dan, za kar bodo poskrbele privzete nastavitve v aplikacijah. Neposredna izmenjava sporo\u010dil sicer ne bo vklju\u010dena v to dnevno omejitev.<\/p>\n<p>Aplikacije Mete bodo tudi ustavile obvestila med 8. in 15. uro v \u0161olskih dnevih, prepovedana bo tudi mo\u017enost nekaterih filtrov.<\/p>\n<p>To je prvi\u010d v ZDA, da je bila Meta prisiljena spremeniti na\u010din uporabe svojih aplikacij.<\/p>\n<p>Varnostna orodja &#8220;zasnovana tako, da niso u\u010dinkovita&#8221;<\/p>\n<p>Med pri\u010dami na sojenju je bil sicer tudi direktor Instagrama Adam Mosseri, ki je v torek priznal, da je zagovarjal nova varnostna orodja za najstnike, \u010deprav je njihovo zgodnje preizku\u0161anje pred nekaj leti kazalo na nizko stopnjo uporabe.<\/p>\n<p>Druge pri\u010de pa so v \u010dasu sojenja navedle, da je Meta vedela, da orodja niso u\u010dinkovita in da so bila celo &#8220;zasnovana tako, da ne uspejo&#8221;.<\/p>\n<p>Glavni pravni zastopnik Mete C. J. Mahomey je dejal, da bo dogovor, ki so ga dosegli z dr\u017eavami, deloval le, \u010de bodo tudi rivalska podjetja spremenila zasnove svojih dru\u017ebenih omre\u017eij. K uveljavitvi sprememb, v katere je privolila Meta, je tako pozval tudi TikTok, Snap in YouTube.<\/p>\n<p>Vsa ta podjetja vklju\u010dno z Meto se spoprijemajo z ve\u010d tiso\u010d podobnimi to\u017ebami, ki so jih vlo\u017eili dru\u017eine, posamezniki, \u0161olska okro\u017eja in dr\u017eavni to\u017eilci. Meta in YouTube sta \u017ee izgubila prvo tak\u0161no to\u017ebo. Sojenje je potekalo februarja, podjetji pa morata pla\u010dati \u0161est milijonov dolarjev \u017eenski, ki je to\u017ebo vlo\u017eila. TikTok in Snap sta dosegla poravnavo pred za\u010detkom sojenja. Do poravnav za neznane zneske je pri\u0161lo \u0161e v dveh to\u017ebah, glede katerih naj bi sojenje potekalo to poletje.<\/p>\n<p>Oglas<\/p>\n","protected":false},"excerpt":{"rendered":"Gre za prelomno to\u017ebo. Foto: AP Spremljajte RTVSLO.si kot prednostni vir na Google Gre za dogovor oziroma poravnavo&hellip;\n","protected":false},"author":2,"featured_media":205504,"comment_status":"","ping_status":"","sticky":false,"template":"","format":"standard","meta":{"footnotes":"","_share_on_mastodon":"0"},"categories":[10],"tags":[81,1398,82,3717,573,4139,84,83,62,37,58,60,38,2269,404],"class_list":["post-205503","post","type-post","status-publish","format-standard","has-post-thumbnail","category-poslovni-svet","tag-business","tag-druzbena-omrezja","tag-economic","tag-facebook","tag-instagram","tag-meta","tag-poslovni","tag-poslovni-svet","tag-si","tag-slovene","tag-slovenia","tag-slovenija","tag-slovenscina","tag-tozba","tag-zda"],"share_on_mastodon":{"url":"https:\/\/pubeurope.com\/@si\/117166088281827125","error":""},"_links":{"self":[{"href":"https:\/\/www.europesays.com\/si\/wp-json\/wp\/v2\/posts\/205503","targetHints":{"allow":["GET"]}}],"collection":[{"href":"https:\/\/www.europesays.com\/si\/wp-json\/wp\/v2\/posts"}],"about":[{"href":"https:\/\/www.europesays.com\/si\/wp-json\/wp\/v2\/types\/post"}],"author":[{"embeddable":true,"href":"https:\/\/www.europesays.com\/si\/wp-json\/wp\/v2\/users\/2"}],"replies":[{"embeddable":true,"href":"https:\/\/www.europesays.com\/si\/wp-json\/wp\/v2\/comments?post=205503"}],"version-history":[{"count":0,"href":"https:\/\/www.europesays.com\/si\/wp-json\/wp\/v2\/posts\/205503\/revisions"}],"wp:featuredmedia":[{"embeddable":true,"href":"https:\/\/www.europesays.com\/si\/wp-json\/wp\/v2\/media\/205504"}],"wp:attachment":[{"href":"https:\/\/www.europesays.com\/si\/wp-json\/wp\/v2\/media?parent=205503"}],"wp:term":[{"taxonomy":"category","embeddable":true,"href":"https:\/\/www.europesays.com\/si\/wp-json\/wp\/v2\/categories?post=205503"},{"taxonomy":"post_tag","embeddable":true,"href":"https:\/\/www.europesays.com\/si\/wp-json\/wp\/v2\/tags?post=205503"}],"curies":[{"name":"wp","href":"https:\/\/api.w.org\/{rel}","templated":true}]}}