{"id":205535,"date":"2026-08-27T06:57:08","date_gmt":"2026-08-27T06:57:08","guid":{"rendered":"https:\/\/www.europesays.com\/si\/205535\/"},"modified":"2026-08-27T06:57:08","modified_gmt":"2026-08-27T06:57:08","slug":"dedek-pred-ocmi-vnuka-omahnil-v-smrt","status":"publish","type":"post","link":"https:\/\/www.europesays.com\/si\/205535\/","title":{"rendered":"Dedek pred o\u010dmi vnuka omahnil v smrt"},"content":{"rendered":"<p>79-letni mo\u0161ki se je v sredo med pohodom v F\u00fcgenbergu na Tirolskem smrtno ponesre\u010dil.<\/p>\n<p>Dedek in vnuk sta hodila proti kapelici Kellerjoch, ko je dedek, ki je hodil spredaj, iz \u0161e neznanega razloga nenadoma padel po strmem, skalnatem pobo\u010dju z naklonom 40 do 45 stopinj. Avstrijec je utrpel tako hude po\u0161kodbe, da je <a href=\"https:\/\/www.zurnal24.si\/svet\/nasli-ze-162-trupel-pogresajo-se-vec-tisoc-ljudi-464205\" rel=\"nofollow noopener\" target=\"_blank\">umrl <\/a>na kraju, je sporo\u010dila policija.<\/p>\n<p>V re\u0161evalni akciji so sodelovali helikopter NMP, policijski helikopter, <a href=\"https:\/\/www.zurnal24.si\/svet\/z-avtom-zapeljal-v-mnozico-ena-oseba-mrtva-vec-ranjenih-464206\" rel=\"nofollow noopener\" target=\"_blank\">policijska <\/a>patrulja ter ekipa Rde\u010dega kri\u017ea za krizno posredovanje.<\/p>\n<p><a href=\"https:\/\/www.zurnal24.si\/svet\/mailto:dezurni@styria-media.si\" rel=\"nofollow noopener\" target=\"_blank\">dezurni@styria-media.si<\/a><\/p>\n","protected":false},"excerpt":{"rendered":"79-letni mo\u0161ki se je v sredo med pohodom v F\u00fcgenbergu na Tirolskem smrtno ponesre\u010dil. Dedek in vnuk sta&hellip;\n","protected":false},"author":2,"featured_media":205536,"comment_status":"","ping_status":"","sticky":false,"template":"","format":"standard","meta":{"footnotes":"","_share_on_mastodon":"0"},"categories":[20],"tags":[360,1976,32,7523,2693,35,4900,31,34,36,10729,326,37,38,26488,33],"class_list":["post-205535","post","type-post","status-publish","format-standard","has-post-thumbnail","category-novice","tag-avstrija","tag-gore","tag-headlines","tag-hribi","tag-kronika","tag-najpomembnejse-novice","tag-nesreca-v-gorah","tag-news","tag-novice","tag-osrednje-novice","tag-pohod","tag-policija","tag-slovene","tag-slovenscina","tag-tirolska","tag-top-stories"],"share_on_mastodon":{"url":"https:\/\/pubeurope.com\/@si\/117166174848542020","error":""},"_links":{"self":[{"href":"https:\/\/www.europesays.com\/si\/wp-json\/wp\/v2\/posts\/205535","targetHints":{"allow":["GET"]}}],"collection":[{"href":"https:\/\/www.europesays.com\/si\/wp-json\/wp\/v2\/posts"}],"about":[{"href":"https:\/\/www.europesays.com\/si\/wp-json\/wp\/v2\/types\/post"}],"author":[{"embeddable":true,"href":"https:\/\/www.europesays.com\/si\/wp-json\/wp\/v2\/users\/2"}],"replies":[{"embeddable":true,"href":"https:\/\/www.europesays.com\/si\/wp-json\/wp\/v2\/comments?post=205535"}],"version-history":[{"count":0,"href":"https:\/\/www.europesays.com\/si\/wp-json\/wp\/v2\/posts\/205535\/revisions"}],"wp:featuredmedia":[{"embeddable":true,"href":"https:\/\/www.europesays.com\/si\/wp-json\/wp\/v2\/media\/205536"}],"wp:attachment":[{"href":"https:\/\/www.europesays.com\/si\/wp-json\/wp\/v2\/media?parent=205535"}],"wp:term":[{"taxonomy":"category","embeddable":true,"href":"https:\/\/www.europesays.com\/si\/wp-json\/wp\/v2\/categories?post=205535"},{"taxonomy":"post_tag","embeddable":true,"href":"https:\/\/www.europesays.com\/si\/wp-json\/wp\/v2\/tags?post=205535"}],"curies":[{"name":"wp","href":"https:\/\/api.w.org\/{rel}","templated":true}]}}