{"id":205727,"date":"2026-08-27T09:43:12","date_gmt":"2026-08-27T09:43:12","guid":{"rendered":"https:\/\/www.europesays.com\/si\/205727\/"},"modified":"2026-08-27T09:43:12","modified_gmt":"2026-08-27T09:43:12","slug":"nejc-skubic-po-drami-v-celju-nogomet-jih-vceraj-ni-nagradil","status":"publish","type":"post","link":"https:\/\/www.europesays.com\/si\/205727\/","title":{"rendered":"Nejc Skubic po drami v Celju: Nogomet jih v\u010deraj ni nagradil"},"content":{"rendered":"<p>Nekdanji reprezentant Nejc Skubic ocenjuje, da so si Celjani po obeh tekmah zaslu\u017eili napredovanje v ligo prvakov.<\/p>\n<p><img decoding=\"async\" class=\"articlePicture_image__om2Oc\" src=\"https:\/\/www.europesays.com\/si\/wp-content\/uploads\/2026\/08\/3711077.width-660.format-webp.webp\" alt=\"Celje je po dramati\u010dnem obra\u010dunu s Slovanom ostalo brez lige prvakov, zdaj bo igralo v evropski ligi.\u00a0FOTO: Bla\u017e Samec\" img_id=\"15043152\"\/><\/p>\n<p> Galerija<\/p>\n<p>Celje je po dramati\u010dnem obra\u010dunu s Slovanom ostalo brez lige prvakov, zdaj bo igralo v evropski ligi.\u00a0FOTO: Bla\u017e Samec<\/p>\n<p>\nCelje je po dramati\u010dnem obra\u010dunu s Slovanom ostalo brez lige prvakov, a evropske jeseni \u0161e zdale\u010d ni konec.<br \/>\nNekdanji reprezentant Nejc Skubic ocenjuje, da so si Celjani po obeh tekmah zaslu\u017eili napredovanje: \u00bbRes velika \u0161koda, da jih nogomet v\u010deraj ni nagradil.\u00ab<br \/>\nKaj je odlo\u010dilo obra\u010dun, zakaj Celje lahko veliko pri\u010dakuje v evropski ligi in kako bo evropski ritem vplival na boj za slovenski naslov? \u00bbVeliko bolj tekmovalni bodo v ligi Evropa,\u00ab meni &#8230;<\/p>\n","protected":false},"excerpt":{"rendered":"Nekdanji reprezentant Nejc Skubic ocenjuje, da so si Celjani po obeh tekmah zaslu\u017eili napredovanje v ligo prvakov. Galerija&hellip;\n","protected":false},"author":2,"featured_media":205728,"comment_status":"","ping_status":"","sticky":false,"template":"","format":"standard","meta":{"footnotes":"","_share_on_mastodon":"0"},"categories":[23],"tags":[162,49450,36043,50638,264,62,44361,37,58,60,38],"class_list":["post-205727","post","type-post","status-publish","format-standard","has-post-thumbnail","category-celje","tag-celje","tag-delov-video","tag-kvalifikacije-za-ligo-prvakov","tag-nejc-skubic","tag-nogomet","tag-si","tag-slovan-bratislava","tag-slovene","tag-slovenia","tag-slovenija","tag-slovenscina"],"share_on_mastodon":{"url":"https:\/\/pubeurope.com\/@si\/117166827354126221","error":""},"_links":{"self":[{"href":"https:\/\/www.europesays.com\/si\/wp-json\/wp\/v2\/posts\/205727","targetHints":{"allow":["GET"]}}],"collection":[{"href":"https:\/\/www.europesays.com\/si\/wp-json\/wp\/v2\/posts"}],"about":[{"href":"https:\/\/www.europesays.com\/si\/wp-json\/wp\/v2\/types\/post"}],"author":[{"embeddable":true,"href":"https:\/\/www.europesays.com\/si\/wp-json\/wp\/v2\/users\/2"}],"replies":[{"embeddable":true,"href":"https:\/\/www.europesays.com\/si\/wp-json\/wp\/v2\/comments?post=205727"}],"version-history":[{"count":0,"href":"https:\/\/www.europesays.com\/si\/wp-json\/wp\/v2\/posts\/205727\/revisions"}],"wp:featuredmedia":[{"embeddable":true,"href":"https:\/\/www.europesays.com\/si\/wp-json\/wp\/v2\/media\/205728"}],"wp:attachment":[{"href":"https:\/\/www.europesays.com\/si\/wp-json\/wp\/v2\/media?parent=205727"}],"wp:term":[{"taxonomy":"category","embeddable":true,"href":"https:\/\/www.europesays.com\/si\/wp-json\/wp\/v2\/categories?post=205727"},{"taxonomy":"post_tag","embeddable":true,"href":"https:\/\/www.europesays.com\/si\/wp-json\/wp\/v2\/tags?post=205727"}],"curies":[{"name":"wp","href":"https:\/\/api.w.org\/{rel}","templated":true}]}}