{"id":205745,"date":"2026-08-27T10:01:11","date_gmt":"2026-08-27T10:01:11","guid":{"rendered":"https:\/\/www.europesays.com\/si\/205745\/"},"modified":"2026-08-27T10:01:11","modified_gmt":"2026-08-27T10:01:11","slug":"celjski-nogometasi-so-izgubili-proti-slovanu-iz-bratislave","status":"publish","type":"post","link":"https:\/\/www.europesays.com\/si\/205745\/","title":{"rendered":"Celjski nogometa\u0161i so izgubili proti Slovanu iz Bratislave"},"content":{"rendered":"<p>\t\t\t\t\t\t\t\t<a href=\"https:\/\/www.europesays.com\/si\/wp-content\/uploads\/2026\/08\/67082605.jpg\" itemprop=\"contentUrl\" data-size=\"1200x800\" data-large=\"https:\/\/www.europesays.com\/si\/wp-content\/uploads\/2026\/08\/67082605.jpg\"><br \/>\n\t\t\t\t\t\t\t\t\t<img decoding=\"async\" src=\"https:\/\/www.europesays.com\/si\/wp-content\/uploads\/2026\/08\/67082605.jpg\" title=\"Tekma med Celjem in Slovanom. Foto: www.alesfevzer.com\" alt=\"Tekma med Celjem in Slovanom. Foto: www.alesfevzer.com\"\/><br \/>\n\t\t\t\t\t\t\t\t<\/a><\/p>\n<p>\t\t\t\t\t\t\t\t\tTekma med Celjem in Slovanom. Foto: www.alesfevzer.com<\/p>\n<p>\t\t\t\t\t\t\t<a id=\"preferredSourceBanner\" href=\"https:\/\/www.rtvslo.si\/enostavno\/sport\/celjski-nogometasi-so-izgubili-proti-slovanu-iz-bratislave\/javascript:void(0)\" target=\"_blank\" class=\"d-none align-items-center justify-content-between rounded my-3\" style=\"padding: 10px 15px;\" rel=\"nofollow noopener\"><br \/>\n\t\t\t\t\t\t<img decoding=\"async\" src=\"https:\/\/img.rtvslo.si\/_static\/novi\/img\/ico-google.svg\" class=\"flex-shrink-0 mr-3\" aria-hidden=\"true\"\/><br \/>\n\t\t\t\t\t\tSpremljajte RTVSLO.si kot prednostni vir na Google<\/p>\n<p>\t\t\t\t\t<\/a><\/p>\n<p>V sredo, 26. avgusta 2026, <br \/>so nogometa\u0161i NK Celje <br \/>igrali povratno tekmo <br \/>proti ekipi Slovan iz Bratislave<\/p>\n<p>Bratislava je glavno mesto Slova\u0161ke, <br \/>dr\u017eave v srednji Evropi.<\/p>\n<p>V mestu \u017eivi okoli 500.000 ljudi.<\/p>\n<p>  .<\/p>\n<p>Oglas<\/p>\n<p>Tekma je bila v Celju.<\/p>\n<p>Na tekmo je pri\u0161lo 11.500 gledalcev.<\/p>\n<p>Na prvi tekmi je bil rezultat 1:1.<br \/>Tekma je bila na Slova\u0161kem.<\/p>\n<p>Celjski nogometa\u0161i so izgubili <br \/>proti Slovanu iz Bratislave<\/p>\n<p>Slovan je v 18. minuti dosegel prvi zadetek.<br \/>Andra\u017e \u0160porar je po podaji Kenana Bajri\u0107a <br \/>dosegel zadetek za Slovan.<br \/>Celje je izena\u010dilo v 34. minuti z enajstmetrovko<\/p>\n<p>Enajstmetrovka je kazen, <br \/>ki jo sodnik dosodi, <br \/>ko ekipa naredi prekr\u0161ek <br \/>v kazenskem prostoru.<\/p>\n<p>Strelec udari \u017eogo z razdalje 11 metrov <br \/>naravnost proti vratom.<\/p>\n<p>Brani le vratar.<\/p>\n<p>  .<br \/>Zadetek je dosegel Svit Se\u0161lar. <\/p>\n<p>Celje je imelo v tekmi veliko prilo\u017enosti za gol.<br \/>Yaya Dukuly je v 67. minuti zadel vratnico.<br \/>V 90. minuti je Armandas Ku\u010dys iz treh metrov poslal \u017eogo \u010dez gol.<br \/>Mario Kvesi\u0107 je v 105. minuti prav tako zadel vratnico.<\/p>\n<p>Ker je bil izid po rednem delu 1:1, <br \/>sta ekipi igrali podalj\u0161ek.<\/p>\n<p>V 100. minuti je Cristiano Martinez <br \/>dosegel zadetek za Slovan.<\/p>\n<p>Tekma se je kon\u010dala z izidom 1:2 za Slovan.<\/p>\n<p>Celje gre v Evropsko ligo<\/p>\n<p>Ker je Celje skupno izgubilo, <br \/>se ni uvrstilo v Ligo prvakov<\/p>\n<p>Liga prvakov je najpomembnej\u0161e <br \/>evropsko tekmovanje v nogometu.<\/p>\n<p>Vsako leto v njej igra <br \/>36 najbolj\u0161ih klubov iz Evrope.<\/p>\n<p>Uvrstitev v Ligo prvakov prina\u0161a klubu <br \/>veliko denarja in ugleda.<\/p>\n<p>  .<\/p>\n<p>Celje bo prvi\u010d v zgodovini <br \/>igralo v Evropski ligi<\/p>\n<p>Evropska liga je drugo najpomembnej\u0161e <br \/>evropsko tekmovanje v nogometu.<\/p>\n<p>V njej igrajo klubi, <br \/>ki se niso uvrstili v Ligo prvakov.<\/p>\n<p>  .<\/p>\n<p>\u017dreb za Evropsko ligo <br \/>bo v petek ob 13.00.<\/p>\n<p>Za uvrstitev v Evropsko ligo <br \/>bo Celje dobilo 4,31 milijona evrov.<\/p>\n<p>\t\t\t\t\t\t\t\t<a href=\"https:\/\/www.europesays.com\/si\/wp-content\/uploads\/2026\/08\/67082595.jpg\" itemprop=\"contentUrl\" data-size=\"1200x800\" data-large=\"https:\/\/www.europesays.com\/si\/wp-content\/uploads\/2026\/08\/67082595.jpg\"><br \/>\n\t\t\t\t\t\t\t\t\t<img decoding=\"async\" src=\"https:\/\/www.europesays.com\/si\/wp-content\/uploads\/2026\/08\/67082595.jpg\" title=\"Trener Celja Vitor Campelos. Foto: www.alesfevzer.com\" alt=\"Trener Celja Vitor Campelos. Foto: www.alesfevzer.com\"\/><br \/>\n\t\t\t\t\t\t\t\t<\/a><\/p>\n<p>\t\t\t\t\t\t\t\t\tTrener Celja Vitor Campelos. Foto: www.alesfevzer.com<\/p>\n<p>Trener Celja Vitor Campelos je po tekmi rekel: <br \/>Imeli smo veliko prilo\u017enosti, <br \/>ampak nismo zadeli.<\/p>\n<p>Campelos je rekel: <br \/>Glave moramo dvigniti, <br \/>prvi\u010d bomo igrali v Evropski ligi <br \/>in moramo biti ponosni.<\/p>\n<p>Trener Slovana Yaya Toure je rekel: <br \/>Vesel sem za igralce, <br \/>da smo se uvrstili v Ligo prvakov.<\/p>\n","protected":false},"excerpt":{"rendered":"Tekma med Celjem in Slovanom. Foto: www.alesfevzer.com Spremljajte RTVSLO.si kot prednostni vir na Google V sredo, 26. avgusta&hellip;\n","protected":false},"author":2,"featured_media":205746,"comment_status":"","ping_status":"","sticky":false,"template":"","format":"standard","meta":{"footnotes":"","_share_on_mastodon":"0"},"categories":[23],"tags":[162,4620,1372,4827,62,44361,37,58,60,38],"class_list":["post-205745","post","type-post","status-publish","format-standard","has-post-thumbnail","category-celje","tag-celje","tag-evropska-liga","tag-liga-prvakov","tag-podaljsek","tag-si","tag-slovan-bratislava","tag-slovene","tag-slovenia","tag-slovenija","tag-slovenscina"],"share_on_mastodon":{"url":"https:\/\/pubeurope.com\/@si\/117166898409671310","error":""},"_links":{"self":[{"href":"https:\/\/www.europesays.com\/si\/wp-json\/wp\/v2\/posts\/205745","targetHints":{"allow":["GET"]}}],"collection":[{"href":"https:\/\/www.europesays.com\/si\/wp-json\/wp\/v2\/posts"}],"about":[{"href":"https:\/\/www.europesays.com\/si\/wp-json\/wp\/v2\/types\/post"}],"author":[{"embeddable":true,"href":"https:\/\/www.europesays.com\/si\/wp-json\/wp\/v2\/users\/2"}],"replies":[{"embeddable":true,"href":"https:\/\/www.europesays.com\/si\/wp-json\/wp\/v2\/comments?post=205745"}],"version-history":[{"count":0,"href":"https:\/\/www.europesays.com\/si\/wp-json\/wp\/v2\/posts\/205745\/revisions"}],"wp:featuredmedia":[{"embeddable":true,"href":"https:\/\/www.europesays.com\/si\/wp-json\/wp\/v2\/media\/205746"}],"wp:attachment":[{"href":"https:\/\/www.europesays.com\/si\/wp-json\/wp\/v2\/media?parent=205745"}],"wp:term":[{"taxonomy":"category","embeddable":true,"href":"https:\/\/www.europesays.com\/si\/wp-json\/wp\/v2\/categories?post=205745"},{"taxonomy":"post_tag","embeddable":true,"href":"https:\/\/www.europesays.com\/si\/wp-json\/wp\/v2\/tags?post=205745"}],"curies":[{"name":"wp","href":"https:\/\/api.w.org\/{rel}","templated":true}]}}