{"id":205773,"date":"2026-08-27T10:34:06","date_gmt":"2026-08-27T10:34:06","guid":{"rendered":"https:\/\/www.europesays.com\/si\/205773\/"},"modified":"2026-08-27T10:34:06","modified_gmt":"2026-08-27T10:34:06","slug":"zdravstveno-stanje-norveskega-kralja-haralda-izredno-resno","status":"publish","type":"post","link":"https:\/\/www.europesays.com\/si\/205773\/","title":{"rendered":"Zdravstveno stanje norve\u0161kega kralja Haralda izredno resno"},"content":{"rendered":"<p>Zdravstveno stanje 89-letnega norve\u0161kega kralja Haralda V., ki je v bolni\u0161nici zaradi krvne bolezni, se je poslab\u0161alo in je &#8221; izredno resno&#8221;, so danes sporo\u010dili iz kraljeve pala\u010de. Kraljica Sonja in prestolonaslednik Haakon sta odpovedala vse obveznosti in sta pri njem v bolni\u0161nici.<\/p>\n<p>Monarh je od 17. avgusta v bolni\u0161nici v Oslu zaradi hemoliti\u010dne anemije, vrste slabokrvnosti, pri kateri rde\u010de krvni\u010dke propadajo hitreje, kot jih lahko nadomesti kostni mozeg. V bolni\u0161nico so ga sicer sprejeli zaradi zadr\u017eevanja teko\u010dine, ki je bila posledica zdravljenja s kortizonom, poro\u010da francoska tiskovna agencija AFP.<\/p>\n<p>Kraljica in prestolonaslednik s soprogo v bolni\u0161nici<\/p>\n<p><img decoding=\"async\" alt=\"Prestolonaslednik Haakon je odhitel v bolni\u0161nico. | Foto: Reuters\" class=\"article_content__inline_image js_imageLightbox is-clickable\" data-author=\"Reuters\" data-caption=\"Prestolonaslednik Haakon je odhitel v bolni\u0161nico.\" data-height=\"3744\" data-href=\"https:\/\/siol.net\/media\/img\/67\/ee\/4791df91f98c7ece0130-prestolonaslednik-haakon.jpeg\" data-width=\"5616\" loading=\"lazy\" src=\"\/media\/img\/6d\/d5\/6e9d8abc65886dfe6ccb-prestolonaslednik-haakon.jpeg\" title=\"Prestolonaslednik Haakon\"\/><\/p>\n<p> Prestolonaslednik Haakon je odhitel v bolni\u0161nico.<br \/>\n Foto: Reuters <\/p>\n<p>Iz kraljeve pala\u010de so danes sporo\u010dili, da je &#8220;zdravstveno stanje njegovega veli\u010danstva kralja izredno resno&#8221;, drugih podrobnosti pa niso navedli.<\/p>\n<p>Po poro\u010danju medijev so kraljica Sonja in prestolonaslednik Haakon z \u017eeno\u00a0Mette-Marit pri kralju v bolni\u0161nici.<\/p>\n<p>Kralj Harald V. je trenutno najstarej\u0161i vladajo\u010di monarh v Evropi, prestol pa je zasedel 17. januarja 1991 po smrti svojega o\u010deta. V zadnjih letih je imel ve\u010d zdravstvenih te\u017eav. Med drugim so mu pred dvema letoma vstavili sr\u010dni spodbujevalnik in je moral zmanj\u0161ati obseg svojih uradnih obveznosti.<\/p>\n<p>Kljub krhkemu zdravju je vedno izklju\u010deval mo\u017enost abdikacije, saj da je pred norve\u0161kim parlamentom prisegel dosmrtno.<\/p>\n","protected":false},"excerpt":{"rendered":"Zdravstveno stanje 89-letnega norve\u0161kega kralja Haralda V., ki je v bolni\u0161nici zaradi krvne bolezni, se je poslab\u0161alo in&hellip;\n","protected":false},"author":2,"featured_media":205774,"comment_status":"","ping_status":"","sticky":false,"template":"","format":"standard","meta":{"footnotes":"","_share_on_mastodon":"0"},"categories":[8],"tags":[1760,2598,1104,37,38,64,63,20734],"class_list":["post-205773","post","type-post","status-publish","format-standard","has-post-thumbnail","category-svet","tag-bolnisnica","tag-kraljeva-druzina","tag-norveska","tag-slovene","tag-slovenscina","tag-svet","tag-world","tag-zdravstveno-stanje"],"share_on_mastodon":{"url":"https:\/\/pubeurope.com\/@si\/117167028247866040","error":""},"_links":{"self":[{"href":"https:\/\/www.europesays.com\/si\/wp-json\/wp\/v2\/posts\/205773","targetHints":{"allow":["GET"]}}],"collection":[{"href":"https:\/\/www.europesays.com\/si\/wp-json\/wp\/v2\/posts"}],"about":[{"href":"https:\/\/www.europesays.com\/si\/wp-json\/wp\/v2\/types\/post"}],"author":[{"embeddable":true,"href":"https:\/\/www.europesays.com\/si\/wp-json\/wp\/v2\/users\/2"}],"replies":[{"embeddable":true,"href":"https:\/\/www.europesays.com\/si\/wp-json\/wp\/v2\/comments?post=205773"}],"version-history":[{"count":0,"href":"https:\/\/www.europesays.com\/si\/wp-json\/wp\/v2\/posts\/205773\/revisions"}],"wp:featuredmedia":[{"embeddable":true,"href":"https:\/\/www.europesays.com\/si\/wp-json\/wp\/v2\/media\/205774"}],"wp:attachment":[{"href":"https:\/\/www.europesays.com\/si\/wp-json\/wp\/v2\/media?parent=205773"}],"wp:term":[{"taxonomy":"category","embeddable":true,"href":"https:\/\/www.europesays.com\/si\/wp-json\/wp\/v2\/categories?post=205773"},{"taxonomy":"post_tag","embeddable":true,"href":"https:\/\/www.europesays.com\/si\/wp-json\/wp\/v2\/tags?post=205773"}],"curies":[{"name":"wp","href":"https:\/\/api.w.org\/{rel}","templated":true}]}}