{"id":205801,"date":"2026-08-27T11:00:10","date_gmt":"2026-08-27T11:00:10","guid":{"rendered":"https:\/\/www.europesays.com\/si\/205801\/"},"modified":"2026-08-27T11:00:10","modified_gmt":"2026-08-27T11:00:10","slug":"razreseni-novomeski-ortoped-gregor-kavcic-se-v-bolnisnico-ne-vraca-spor-koncan-brez-krivca","status":"publish","type":"post","link":"https:\/\/www.europesays.com\/si\/205801\/","title":{"rendered":"Razre\u0161eni novome\u0161ki ortoped Gregor Kav\u010di\u010d se v bolni\u0161nico ne vra\u010da: spor kon\u010dan brez krivca"},"content":{"rendered":"<p>Primer ortopeda\u00a0Gregorja Kav\u010di\u010da je v javnosti odjeknil po tem,\u00a0ko ga je vodstvo Splo\u0161ne bolni\u0161nice Novo mesto konec lanskega leta po izrednem strokovnem nadzoru razre\u0161ilo kot vodjo ortopedskega oddelka in mu izredno odpovedalo pogodbo o zaposlitvi. Po ugotovitvah bolni\u0161nice naj bi umetno podalj\u0161eval \u010dakalne vrste in paciente preusmerjal k zasebnemu izvajalcu, kjer je tudi sam operiral. Kav\u010di\u010d je o\u010ditke ves \u010das zavra\u010dal kot neresni\u010dne in \u017ealjive ter januarja vlo\u017eil to\u017ebo proti bolni\u0161nici.<\/p>\n<p>Spor je zdaj dobil epilog. Splo\u0161na bolni\u0161nica Novo mesto je sporo\u010dila, da je bil delovnopravni spor s Kav\u010di\u010dem zaklju\u010den s sodno poravnavo, s katero sta stranki sporazumno in dokon\u010dno uredili medsebojna razmerja, povezana z njegovim nekdanjim delovnim razmerjem v bolni\u0161nici. V skladu s sklenjeno poravnavo je Kav\u010di\u010d umaknil to\u017ebo in se v bolni\u0161nico ne vra\u010da. Zato bi bilo po navedbah bolni\u0161nice nadaljevanje sodnega spora nesmiselno.<\/p>\n<p>Nih\u010de ne bo ni\u010desar pla\u010dal, niti ni znano, kdo je kriv<\/p>\n<p>Poravnava za nobeno od strank ne prina\u0161a finan\u010dnih obveznosti do druge stranke. Hkrati bolni\u0161nica poudarja, da gre za kompromisno re\u0161itev spora, ki ne pomeni priznanja pravilnosti pravnih stali\u0161\u010d katere koli od strank glede zakonitosti izredne odpovedi pogodbe o zaposlitvi. S tem torej poravnava ne dolo\u010da, kdo je imel prav glede odpovedi, temve\u010d pomeni dogovor, s katerim sta obe strani zaklju\u010dili medsebojni spor. Tudi na julijski prvi obravnavi je Kav\u010di\u010d vztrajal, da je bila njegova odpoved neupravi\u010dena, in si je \u017eelel, da bi bolni\u0161nica to priznala.<\/p>\n<p>O primeru so se vmes izrekli tudi drugi pristojni. Komisija za prepre\u010devanje korupcije je maja sporo\u010dila, da zadeve ni sprejela v nadaljnjo obravnavo, saj je bila prijava \u017ee posredovana pristojnim organom, za lo\u010den postopek KPK pa ni bilo dovolj razlogov. V skladu z dose\u017eenim dogovorom bosta bolni\u0161nica in Kav\u010di\u010d tudi v prihodnje komunicirala korektno, spo\u0161tljivo in v skladu s prevzetimi zavezami.<\/p>\n","protected":false},"excerpt":{"rendered":"Primer ortopeda\u00a0Gregorja Kav\u010di\u010da je v javnosti odjeknil po tem,\u00a0ko ga je vodstvo Splo\u0161ne bolni\u0161nice Novo mesto konec lanskega&hellip;\n","protected":false},"author":2,"featured_media":205802,"comment_status":"","ping_status":"","sticky":false,"template":"","format":"standard","meta":{"footnotes":"","_share_on_mastodon":"0"},"categories":[27],"tags":[1760,3906,181,24647,62,37,58,60,38,28744,6478,2269],"class_list":["post-205801","post","type-post","status-publish","format-standard","has-post-thumbnail","category-novo-mesto","tag-bolnisnica","tag-gregor-kavcic","tag-novo-mesto","tag-poravnava","tag-si","tag-slovene","tag-slovenia","tag-slovenija","tag-slovenscina","tag-splosna-bolnisnica-novo-mesto","tag-spor","tag-tozba"],"share_on_mastodon":{"url":"https:\/\/pubeurope.com\/@si\/117167130276804805","error":""},"_links":{"self":[{"href":"https:\/\/www.europesays.com\/si\/wp-json\/wp\/v2\/posts\/205801","targetHints":{"allow":["GET"]}}],"collection":[{"href":"https:\/\/www.europesays.com\/si\/wp-json\/wp\/v2\/posts"}],"about":[{"href":"https:\/\/www.europesays.com\/si\/wp-json\/wp\/v2\/types\/post"}],"author":[{"embeddable":true,"href":"https:\/\/www.europesays.com\/si\/wp-json\/wp\/v2\/users\/2"}],"replies":[{"embeddable":true,"href":"https:\/\/www.europesays.com\/si\/wp-json\/wp\/v2\/comments?post=205801"}],"version-history":[{"count":0,"href":"https:\/\/www.europesays.com\/si\/wp-json\/wp\/v2\/posts\/205801\/revisions"}],"wp:featuredmedia":[{"embeddable":true,"href":"https:\/\/www.europesays.com\/si\/wp-json\/wp\/v2\/media\/205802"}],"wp:attachment":[{"href":"https:\/\/www.europesays.com\/si\/wp-json\/wp\/v2\/media?parent=205801"}],"wp:term":[{"taxonomy":"category","embeddable":true,"href":"https:\/\/www.europesays.com\/si\/wp-json\/wp\/v2\/categories?post=205801"},{"taxonomy":"post_tag","embeddable":true,"href":"https:\/\/www.europesays.com\/si\/wp-json\/wp\/v2\/tags?post=205801"}],"curies":[{"name":"wp","href":"https:\/\/api.w.org\/{rel}","templated":true}]}}