{"id":205876,"date":"2026-08-27T12:06:11","date_gmt":"2026-08-27T12:06:11","guid":{"rendered":"https:\/\/www.europesays.com\/si\/205876\/"},"modified":"2026-08-27T12:06:11","modified_gmt":"2026-08-27T12:06:11","slug":"huda-nesreca-pri-trdnjavi-kluze-v-zlico-delovnega-stroja-trcil-motorist-58-s-sopotnico-61","status":"publish","type":"post","link":"https:\/\/www.europesays.com\/si\/205876\/","title":{"rendered":"Huda nesre\u010da pri Trdnjavi Klu\u017ee: v \u017elico delovnega stroja tr\u010dil motorist (58) s sopotnico (61)"},"content":{"rendered":"<p>Policisti PP Bovec so bili v sredo ob 12:01 obve\u0161\u010deni o prometni nesre\u010di pri Trdnjavi Klu\u017ee, v kateri so bili udele\u017eeni dva motorista in delovni stroj. Na kraju je bilo ugotovljeno, da je 61-letnik upravljal delovni stroj na gradbi\u0161\u010du na cesti, kjer je s\u00a0semaforji urejen izmeni\u010dni promet. Upravljavec delovnega stroja je zapeljal na prometni pas v trenutku, ko sta pravilno po prometnem pasu pripeljala voznika motornih koles iz Avstrije.<\/p>\n<p>Upravljavca\u00a0delovnega stroja \u010daka ovadba<\/p>\n<p>Prvi voznik motornega kolesa 58-letnik z 61-letno sopotnico je tr\u010dil v \u017elico delovnega stroja. Pri tr\u010denju sta oba utrpela telesne po\u0161kodbe, sopotnica hude. Drugi voznik motornega kolesa, 53-letni dr\u017eavljan Avstrije, ki je tr\u010dil v zadnji del prvega motorista, ni bil po\u0161kodovan. Zoper upravljavca delovnega stroja sledi kazenska ovadba na okro\u017eno sodi\u0161\u010de.<\/p>\n","protected":false},"excerpt":{"rendered":"Policisti PP Bovec so bili v sredo ob 12:01 obve\u0161\u010deni o prometni nesre\u010di pri Trdnjavi Klu\u017ee, v kateri&hellip;\n","protected":false},"author":2,"featured_media":205877,"comment_status":"","ping_status":"","sticky":false,"template":"","format":"standard","meta":{"footnotes":"","_share_on_mastodon":"0"},"categories":[6],"tags":[3179,9053,7960,215,59,61,62,37,58,60,38,2011,50672],"class_list":["post-205876","post","type-post","status-publish","format-standard","has-post-thumbnail","category-slovenija","tag-delovni-stroj","tag-hude-poskodbe","tag-motorist","tag-prometna-nesreca","tag-republic-of-slovenia","tag-republika-slovenija","tag-si","tag-slovene","tag-slovenia","tag-slovenija","tag-slovenscina","tag-trcenje","tag-trdnjava-kluze"],"share_on_mastodon":{"url":"https:\/\/pubeurope.com\/@si\/117167389784838405","error":""},"_links":{"self":[{"href":"https:\/\/www.europesays.com\/si\/wp-json\/wp\/v2\/posts\/205876","targetHints":{"allow":["GET"]}}],"collection":[{"href":"https:\/\/www.europesays.com\/si\/wp-json\/wp\/v2\/posts"}],"about":[{"href":"https:\/\/www.europesays.com\/si\/wp-json\/wp\/v2\/types\/post"}],"author":[{"embeddable":true,"href":"https:\/\/www.europesays.com\/si\/wp-json\/wp\/v2\/users\/2"}],"replies":[{"embeddable":true,"href":"https:\/\/www.europesays.com\/si\/wp-json\/wp\/v2\/comments?post=205876"}],"version-history":[{"count":0,"href":"https:\/\/www.europesays.com\/si\/wp-json\/wp\/v2\/posts\/205876\/revisions"}],"wp:featuredmedia":[{"embeddable":true,"href":"https:\/\/www.europesays.com\/si\/wp-json\/wp\/v2\/media\/205877"}],"wp:attachment":[{"href":"https:\/\/www.europesays.com\/si\/wp-json\/wp\/v2\/media?parent=205876"}],"wp:term":[{"taxonomy":"category","embeddable":true,"href":"https:\/\/www.europesays.com\/si\/wp-json\/wp\/v2\/categories?post=205876"},{"taxonomy":"post_tag","embeddable":true,"href":"https:\/\/www.europesays.com\/si\/wp-json\/wp\/v2\/tags?post=205876"}],"curies":[{"name":"wp","href":"https:\/\/api.w.org\/{rel}","templated":true}]}}