{"id":205896,"date":"2026-08-27T12:27:10","date_gmt":"2026-08-27T12:27:10","guid":{"rendered":"https:\/\/www.europesays.com\/si\/205896\/"},"modified":"2026-08-27T12:27:10","modified_gmt":"2026-08-27T12:27:10","slug":"vloge-letos-obrnjene-celje-brani-slovan-pa-napada-rokometni-vrh","status":"publish","type":"post","link":"https:\/\/www.europesays.com\/si\/205896\/","title":{"rendered":"Vloge letos obrnjene: Celje brani, Slovan pa napada rokometni vrh"},"content":{"rendered":"<p>\t\t\t\t\t\t\t\t<a href=\"https:\/\/www.europesays.com\/si\/wp-content\/uploads\/2026\/08\/67048571.jpg\" itemprop=\"contentUrl\" data-size=\"1200x800\" data-large=\"https:\/\/www.europesays.com\/si\/wp-content\/uploads\/2026\/08\/67048571.jpg\"><br \/>\n\t\t\t\t\t\t\t\t\t<img decoding=\"async\" src=\"https:\/\/www.europesays.com\/si\/wp-content\/uploads\/2026\/08\/67048571.jpg\" title=\"Celje je v prej\u0161nji sezoni v finalu premagalo Slovan z 2:0. Foto: www.alesfevzer.com\" alt=\"Celje je v prej\u0161nji sezoni v finalu premagalo Slovan z 2:0. Foto: www.alesfevzer.com\"\/><br \/>\n\t\t\t\t\t\t\t\t<\/a><\/p>\n<p>\t\t\t\t\t\t\t\t\tCelje je v prej\u0161nji sezoni v finalu premagalo Slovan z 2:0. Foto: www.alesfevzer.com<\/p>\n<p>\t\t\t\t\t\t\t<a id=\"preferredSourceBanner\" href=\"https:\/\/www.rtvslo.si\/sport\/rokomet\/drzavno-rokometno-prvenstvo\/vloge-letos-obrnjene-celje-brani-slovan-pa-napada-rokometni-vrh\/javascript:void(0)\" target=\"_blank\" class=\"d-none align-items-center justify-content-between rounded my-3\" style=\"padding: 10px 15px;\" rel=\"nofollow noopener\"><br \/>\n\t\t\t\t\t\t<img decoding=\"async\" src=\"https:\/\/img.rtvslo.si\/_static\/novi\/img\/ico-google.svg\" class=\"flex-shrink-0 mr-3\" aria-hidden=\"true\"\/><br \/>\n\t\t\t\t\t\tSpremljajte RTVSLO.si kot prednostni vir na Google<\/p>\n<p>\t\t\t\t\t<\/a><\/p>\n<p>Poleg celjske ekipe, ki je v prej\u0161nji sezoni nekoliko nepri\u010dakovano osvojila 27. naslov dr\u017eavnega in 23. naslov pokalnega prvaka, bodo v najmo\u010dnej\u0161em doma\u010dem liga\u0161kem tekmovanju nastopili \u0161e LL Grosist Slovan, Trimo Trebnje, Slovenj Gradec, Gorenje Velenje, Krka, \u0160kofja Loka, Riko Ribnica, Jeruzalem Ormo\u017e in Svi\u0161 Cugelj okna Ivan\u010dna Gorica ter \u0160kofljica. Novi \u010dlan elitne dru\u0161\u010dine je tudi Ajdov\u0161\u010dina, ki si je letos spomladi po dolgih 29 letih znova izborila nastop na prvoliga\u0161ki sceni.<\/p>\n<p>Oglas<\/p>\n<p>Ekipe so na medijskem dnevu v Celju predstavile cilje v novi sezoni. Strokovni del vseh 12 ekip najve\u010d mo\u017enosti za kon\u010dno zmago pripisujejo rokometa\u0161em iz Ljubljane in Celja, iz ozadja pa lahko presenetijo tudi vselej ambiciozni Trebanjci.<\/p>\n<p>Celjane \u010daka precej bolj naporen urnik<\/p>\n<p>Celjska zasedba je po koncu sezone ostala brez nekaterih nosilcev igre. Strateg Klemen Luzar bo gotovo najbolj pogre\u0161al usluge Andra\u017ea Makuca in Luke Peri\u0107a, ki sta okrepila \u010dlana lige prvakov iz romunske Bukare\u0161te oziroma francoskega Nantesa. Poleti se je v Zlatorog vrnil izku\u0161eni Ga\u0161per Margu\u010d, poleg njega pa \u0161e Jaka Sor\u0161ak, Luka Ka\u010di\u010dnik, Lun Klju\u010danin, Nemec Mattis Heiss, Makedonec Dimitar Uzun\u010dev in Kolumbijec Jesus Hurtado Vergara. <\/p>\n<p>&#8220;Minula sezona se je sanjsko razpletla, a moram priznati, da nam je tudi sam tekmovalni ritem zelo ustrezal. Nova sezona bo zavoljo vrnitve v Ligo prvakov in ve\u010djega \u0161tevila tekem veliko zahtevnej\u0161a, tudi konkurenca na doma\u010dem prizori\u0161\u010du je vse ostrej\u0161a,&#8221; je dejal Klemen Luzar. &#8220;V Celju smo navajeni, da nas napadajo, kar pa je logi\u010dno glede na to, da gre za najuspe\u0161nej\u0161i slovenski rokometni klub. Naredili bomo vse, da zadr\u017eimo primat na doma\u010dem prizori\u0161\u010du, na vsaki tekmi bomo \u0161li na zmago,&#8221; je \u0161e dodal 42-letni strateg na celjski klopi. <\/p>\n<p>Cilj Slovana je osvojiti obe doma\u010di lovoriki<\/p>\n<p>Tudi ljubljanska ekipa je poleti do\u017eivela korenite kadrovske spremembe. Klub so poleti zapustili Gal Margu\u010d, Leon Ljevar, Matic Suhole\u017enik, Kenan Pajt, Ga\u0161per Hrastnik, David Kova\u010di\u010d, Adi Mehmed\u010dehaji\u0107, Bine Pirc in Bruno Vili Zobec, novi obrazi pa so slovenski reprezentan\u010dni vratar Klemen Ferlin in organizator igre Domen Tajnik ter Urban Pipp, Uro\u0161 Knavs, Mirko Latkovi\u0107, Ahmed Begi\u0107, Belorus Kiril Samoila, Hrvat Roko Trivkovi\u0107 in \u010crnogorec Stefan \u010cavor. <\/p>\n<p>&#8220;Na\u0161 cilj je vrniti oba dr\u017eavna naslova na Kodeljevo. Na papirju je videti vse lepo. Imamo izredno mo\u010dno ekipo, a tudi v minuli sezoni smo jo imeli, pa se ni iz\u0161lo po na\u0161ih na\u010drtih. Z dosedanjim opravljenim delom sem zadovoljen, \u010deravno nas pesti veliko ve\u010d po\u0161kodb, kot smo pri\u010dakovali v tem pripravljalnem obdobju. A ne bomo jamrali, na nam je da pridno delamo in naredimo vse, da izpolnimo zastavljene cilje,&#8221; je cilje Slovana predstavil trener Uro\u0161 Zorman, ki najve\u010d pozornosti namenja uigravanju precej spremenjene zasedbe. <\/p>\n<p>Tam\u0161e si \u017eeli predvsem konstantnost<\/p>\n<p>Svoje na\u010drte kujejo tudi Trebanjci. &#8220;Nova sezona bo te\u017eka, zanimiva, pisana in polna pasti zavoljo samega tekmovalnega sistema. Najbolj pomembna bo konstantnost, ki jo bo v tako dolgem obdobju in izostreni konkurenci zelo te\u017eko zadr\u017eati. Minula sezona se je razpletla nekoliko nepri\u010dakovano in je bila dobra \u0161ola za vse ekipe, v novo pa vstopamo optimisti\u010dno razpolo\u017eeni in polni pri\u010dakovanj,&#8221; pred za\u010detkom nove sezone med drugim meni trener Trima Branko Tam\u0161e. <\/p>\n<p>Slovenj Gradec v novi sezoni s trenerjem Jovi\u010di\u0107em<\/p>\n<p>V prej\u0161nji sezoni so prijetno presenetili rokometa\u0161i iz Slovenj Gradca, ki so se uvrstili v polfinale, poleti pa se je na klop usedel Zoran Jovi\u010di\u0107. &#8220;Pri\u0161el sem v sredino, ki diha in \u017eivi za rokomet, tako da je na\u0161a primarna naloga, da ne razo\u010daramo na\u0161ih privr\u017eencev,&#8221; pred za\u010detkom sezone med drugim meni 50-letni Jovi\u010di\u0107. <\/p>\n<p>Tekmovalni sistem v novi sezoni ostaja bolj ali manj nespremenjen, edina sprememba se obeta v kon\u010dnici za prvaka, kjer po novem ne bo polfinalnih tekem. <\/p>\n<p>Oglas<\/p>\n","protected":false},"excerpt":{"rendered":"Celje je v prej\u0161nji sezoni v finalu premagalo Slovan z 2:0. Foto: www.alesfevzer.com Spremljajte RTVSLO.si kot prednostni vir&hellip;\n","protected":false},"author":2,"featured_media":205897,"comment_status":"","ping_status":"","sticky":false,"template":"","format":"standard","meta":{"footnotes":"","_share_on_mastodon":"0"},"categories":[23],"tags":[162,1266,7880,301,62,6050,37,58,60,38],"class_list":["post-205896","post","type-post","status-publish","format-standard","has-post-thumbnail","category-celje","tag-celje","tag-koncnica","tag-prvak","tag-rokomet","tag-si","tag-slovan","tag-slovene","tag-slovenia","tag-slovenija","tag-slovenscina"],"share_on_mastodon":{"url":"https:\/\/pubeurope.com\/@si\/117167472195391428","error":""},"_links":{"self":[{"href":"https:\/\/www.europesays.com\/si\/wp-json\/wp\/v2\/posts\/205896","targetHints":{"allow":["GET"]}}],"collection":[{"href":"https:\/\/www.europesays.com\/si\/wp-json\/wp\/v2\/posts"}],"about":[{"href":"https:\/\/www.europesays.com\/si\/wp-json\/wp\/v2\/types\/post"}],"author":[{"embeddable":true,"href":"https:\/\/www.europesays.com\/si\/wp-json\/wp\/v2\/users\/2"}],"replies":[{"embeddable":true,"href":"https:\/\/www.europesays.com\/si\/wp-json\/wp\/v2\/comments?post=205896"}],"version-history":[{"count":0,"href":"https:\/\/www.europesays.com\/si\/wp-json\/wp\/v2\/posts\/205896\/revisions"}],"wp:featuredmedia":[{"embeddable":true,"href":"https:\/\/www.europesays.com\/si\/wp-json\/wp\/v2\/media\/205897"}],"wp:attachment":[{"href":"https:\/\/www.europesays.com\/si\/wp-json\/wp\/v2\/media?parent=205896"}],"wp:term":[{"taxonomy":"category","embeddable":true,"href":"https:\/\/www.europesays.com\/si\/wp-json\/wp\/v2\/categories?post=205896"},{"taxonomy":"post_tag","embeddable":true,"href":"https:\/\/www.europesays.com\/si\/wp-json\/wp\/v2\/tags?post=205896"}],"curies":[{"name":"wp","href":"https:\/\/api.w.org\/{rel}","templated":true}]}}