{"id":205950,"date":"2026-08-27T13:23:08","date_gmt":"2026-08-27T13:23:08","guid":{"rendered":"https:\/\/www.europesays.com\/si\/205950\/"},"modified":"2026-08-27T13:23:08","modified_gmt":"2026-08-27T13:23:08","slug":"je-to-ruski-napad-na-norvesko-to-je-za-zdaj-znano","status":"publish","type":"post","link":"https:\/\/www.europesays.com\/si\/205950\/","title":{"rendered":"Je to ruski napad na Norve\u0161ko? To je za zdaj znano."},"content":{"rendered":"<p>Zaradi svoje podpore Ukrajini, tudi denarne, je Norve\u0161ka trn v peti Moskvi. Zato ne presene\u010da, da je proruska hekerska skupina Server Killers napovedala kibernetsko vojno proti Norve\u0161ki in prevzela odgovornost za obse\u017een napad DDoS na dr\u017eavne digitalne storitve.<\/p>\n<p>Napad na infrastrukturo norve\u0161kega direktorata za digitalizacijo (Digdir) se je za\u010del v no\u010di na 24. avgust in se nadaljuje \u017ee tretji dan, poro\u010da norve\u0161ka TV 2.<\/p>\n<p>Vzgib za napad je norve\u0161ka podpora Ukrajini<\/p>\n<p>Digdir pravi, da njegovi osrednji sistemi trenutno delujejo in da ve\u010dina uporabnikov ne do\u017eivlja resnih motenj. Agencija poudarja tudi, da napad DDoS ne pomeni, da so bili njeni sistemi kr\u0161eni, in da ni dokazov, da so bili osebni podatki uporabnikov razkriti.<\/p>\n<p>V objavi na svojem ra\u010dunu na dru\u017ebenem omre\u017eju Telegram je skupina Server Killers sporo\u010dila, da je bil napad motiviran z norve\u0161ko podporo Ukrajini. Skupina je pri tem zlasti navajala nov sporazum o obrambnem in varnostnem sodelovanju, ki sta ga Oslo in Kijev podpisala 23. avgusta.<\/p>\n<p>Milijardna pomo\u010d Ukrajini<\/p>\n<p>Norve\u0161ki premier Jonas Gahr St\u00f8re je \u017ee prej napovedal, da namerava vlada v prora\u010dunu za prihodnje leto Ukrajini nameniti 85 milijard norve\u0161kih kron (okoli 7,8 milijarde evrov) pomo\u010di. Prora\u010dun \u0161e ni bil sprejet.<\/p>\n<p>Norve\u0161ka nacionalna slu\u017eba za kriminalisti\u010dne preiskave, Kripos, je za\u010dela preiskavo incidenta. Policijska varnostna slu\u017eba (PST) je za TV 2 prav tako povedala, da spremlja polo\u017eaj in se povezuje z drugimi vladnimi agencijami.<\/p>\n<p>Skupina je dejavna od leta 2023<\/p>\n<p>Skupina Server Killers je dejavna od leta 2023 in je \u017ee prej prevzela odgovornost za napade na spletna mesta na Danskem, v Veliki Britaniji, Romuniji in Kanadi. Skupina je bila povezana tudi z drugo prorusko hekersko skupino \u2013 NoName057(16).<\/p>\n<p>Trenutno ni neodvisne potrditve, da je skupina Server Killers odgovorna za napad na Norve\u0161ko, pi\u0161e norve\u0161ki medij Barents Observer.<\/p>\n","protected":false},"excerpt":{"rendered":"Zaradi svoje podpore Ukrajini, tudi denarne, je Norve\u0161ka trn v peti Moskvi. Zato ne presene\u010da, da je proruska&hellip;\n","protected":false},"author":2,"featured_media":205951,"comment_status":"","ping_status":"","sticky":false,"template":"","format":"standard","meta":{"footnotes":"","_share_on_mastodon":"0"},"categories":[8],"tags":[9181,1104,421,50690,37,38,64,71,63],"class_list":["post-205950","post","type-post","status-publish","format-standard","has-post-thumbnail","category-svet","tag-jonas-gahr-store","tag-norveska","tag-rusija","tag-server-killers","tag-slovene","tag-slovenscina","tag-svet","tag-ukrajina","tag-world"],"share_on_mastodon":{"url":"https:\/\/pubeurope.com\/@si\/117167692664222734","error":""},"_links":{"self":[{"href":"https:\/\/www.europesays.com\/si\/wp-json\/wp\/v2\/posts\/205950","targetHints":{"allow":["GET"]}}],"collection":[{"href":"https:\/\/www.europesays.com\/si\/wp-json\/wp\/v2\/posts"}],"about":[{"href":"https:\/\/www.europesays.com\/si\/wp-json\/wp\/v2\/types\/post"}],"author":[{"embeddable":true,"href":"https:\/\/www.europesays.com\/si\/wp-json\/wp\/v2\/users\/2"}],"replies":[{"embeddable":true,"href":"https:\/\/www.europesays.com\/si\/wp-json\/wp\/v2\/comments?post=205950"}],"version-history":[{"count":0,"href":"https:\/\/www.europesays.com\/si\/wp-json\/wp\/v2\/posts\/205950\/revisions"}],"wp:featuredmedia":[{"embeddable":true,"href":"https:\/\/www.europesays.com\/si\/wp-json\/wp\/v2\/media\/205951"}],"wp:attachment":[{"href":"https:\/\/www.europesays.com\/si\/wp-json\/wp\/v2\/media?parent=205950"}],"wp:term":[{"taxonomy":"category","embeddable":true,"href":"https:\/\/www.europesays.com\/si\/wp-json\/wp\/v2\/categories?post=205950"},{"taxonomy":"post_tag","embeddable":true,"href":"https:\/\/www.europesays.com\/si\/wp-json\/wp\/v2\/tags?post=205950"}],"curies":[{"name":"wp","href":"https:\/\/api.w.org\/{rel}","templated":true}]}}