{"id":206038,"date":"2026-08-27T14:39:16","date_gmt":"2026-08-27T14:39:16","guid":{"rendered":"https:\/\/www.europesays.com\/si\/206038\/"},"modified":"2026-08-27T14:39:16","modified_gmt":"2026-08-27T14:39:16","slug":"celjske-pravljice-je-konec-navijali-vsi-od-anzeta-logarja-do-alye-za-nas-ste-zmagovalci","status":"publish","type":"post","link":"https:\/\/www.europesays.com\/si\/206038\/","title":{"rendered":"Celjske pravljice je konec, navijali vsi od An\u017eeta Logarja do Alye: \u00bbZa nas ste zmagovalci!\u00ab"},"content":{"rendered":"<p><a href=\"https:\/\/slovenskenovice.delo.si\/sport\/tekme\/celjani-za-zgodovinski-preboj-v-ligo-prvakov-v-zivo?fbclid=IwcGRvZgVleHRuA2FlbQIxMABicmlkETF2RGVUd25QQ0FWd0tpMUtsc3J0YwZhcHBfaWQQMjIyMDM5MTc4ODIwMDg5MgABHuBQ43Kh9V1wMvb-RkVcPixWwuHBs_US3s5XgUV6w83xDSMcnL_GoMmSJR9t_aem_RIwv0p4pJhpv6_H1YULGIw\" target=\"_blank\" rel=\"nofollow noopener\">\u010ceprav se je Celjanom po pravi drami in podalj\u0161kih uvrstitev<\/a> med nogometno elito za las izmuznila, bodo nogometni navdu\u0161enci sredin ve\u010der \u0161e dolgo pomnili. \u0160lo je namre\u010d za najve\u010djo tekmo v zgodovini kluba, utrip celjskega stadiona pa se je \u010dutil po vsej dr\u017eavi. Tudi v\u010deraj je dokazal, da \u0161port zdru\u017euje \u2014 zasedba Vitorja Campelosa je zdru\u017eila slovenske navija\u010de in znane obraze, ki so ob grenkem porazu namesto razo\u010daranja \u0161irili val ponosa.<\/p>\n<p>Kljub nesre\u010dnemu razpletu so dru\u017ebena omre\u017eja takoj po koncu preplavile odmevne reakcije. Pevka Alya se je na tekmo odpravila v dru\u017ebi televizijske voditeljice in pevke Martine \u0160vab ter na omre\u017ejih strnila misli: \u00bbHvala, NK Celje, za nas ste zmagovalci, ponosni smo na vas.\u00ab Pesti je stiskal tudi prvak Demokratov\u00a0An\u017ee Logar, ki je nogometa\u0161em polo\u017eil na srce: \u00bbFantje, pustili ste srce na igri\u0161\u010du. Ponosni smo na vas. Glave gor in pogumno naprej v Ligi Evropa.\u00ab Sporo\u010dilo podpore je poslala tudi ministrica za kulturo Asta Vre\u010dko: \u00bbV zadnjih tednih je Celje dihalo nogomet. \u010cestitke Celjanom, ki so se hrabro borili in podlegli \u0161ele povsem na koncu. Lige prvakov \u017eal \u0161e ne bo, ne bomo pa zato ni\u010d manj navijali v evropski ligi.\u00ab<\/p>\n<p><img decoding=\"async\" class=\"article__img-tag-visible\" src=\"https:\/\/www.europesays.com\/si\/wp-content\/uploads\/2026\/08\/3710778.width-660.format-webp.webp\" alt=\"Nogomet Celje - Slovan 26.\u00a008.\u00a02026. FOTO: Bla\u017e Samec\" img_id=\"11771281\" data-img-id=\"11771281\"\/><\/p>\n<p>Nogomet Celje &#8211; Slovan 26.\u00a008.\u00a02026. FOTO: Bla\u017e Samec<\/p>\n<p>Tudi v taboru celjskega kluba po nesre\u010dnem porazu ostajajo dostojanstveni in zrejo naprej. Na uradnih profilih so zapisali: \u00bbPredstava, po kateri lahko ponosno in z dvignjeno glavo evropsko pot nadaljujemo tudi v jeseni. Navija\u010di, Celje, Slovenija \u2014 hvala, ker ste bili z nami.\u00ab Strateg Celja Vitor Campelos pa je med hrupnim slavjem slova\u0161kih navija\u010dev poudaril grenko resnico: \u00bbDvigniti moramo glave. Skozi dve tekmi smo bili po mojem mnenju bolj\u0161a ekipa od Slovana.\u00ab<\/p>\n<p>Prvi afri\u0161ki\u00a0strateg<\/p>\n<p>Na drugi strani Slovaki pi\u0161ejo zgodovino \u2014 njihov trener Yaya Tour\u00e9 je namre\u010d postal sploh prvi afri\u0161ki strokovnjak, ki mu je uspe\u0161na uvrstitev v elitno ligo prvakov sploh uspela. Poleg Slovana so si v zadnjem krogu kvalifikacij napredovanje priigrali \u0161e atenski AEK, norve\u0161ki Viking (ki je presenetil in izlo\u010dil zagreb\u0161ki Dinamo), ter tur\u0161ki Fenerbah\u010de, ki je bil bolj\u0161i od Lyona.<\/p>\n<p>A za Celjane evropske pravljice s tem nikakor ni konec. \u010ceprav so ostali brez lige prvakov, jih \u010daka izjemno atraktivna jesen v evropski ligi. Tam se bodo merili z resni\u010dnimi evropskimi te\u017eakokategorniki \u2014 med potencialnimi tekmeci jih namre\u010d \u017ee \u010dakajo giganti, kot so torinski Juventus, nem\u0161ki Leverkusen ter francoska in italijanska velikana Marseille in Milan. \u017dreb, ki bo razkril celjske tekmece, bo na sporedu \u017ee v petek ob 13. uri.<\/p>\n","protected":false},"excerpt":{"rendered":"\u010ceprav se je Celjanom po pravi drami in podalj\u0161kih uvrstitev med nogometno elito za las izmuznila, bodo nogometni&hellip;\n","protected":false},"author":2,"featured_media":206039,"comment_status":"","ping_status":"","sticky":false,"template":"","format":"standard","meta":{"footnotes":"","_share_on_mastodon":"0"},"categories":[23],"tags":[15069,1137,1200,162,4620,1372,134,264,62,44361,37,58,60,38,94,9822,47542],"class_list":["post-206038","post","type-post","status-publish","format-standard","has-post-thumbnail","category-celje","tag-alya","tag-anze-logar","tag-asta-vrecko","tag-celje","tag-evropska-liga","tag-liga-prvakov","tag-nk-celje","tag-nogomet","tag-si","tag-slovan-bratislava","tag-slovene","tag-slovenia","tag-slovenija","tag-slovenscina","tag-sport","tag-vitor-campelos","tag-yaya-toure"],"share_on_mastodon":{"url":"https:\/\/pubeurope.com\/@si\/117167991367818133","error":""},"_links":{"self":[{"href":"https:\/\/www.europesays.com\/si\/wp-json\/wp\/v2\/posts\/206038","targetHints":{"allow":["GET"]}}],"collection":[{"href":"https:\/\/www.europesays.com\/si\/wp-json\/wp\/v2\/posts"}],"about":[{"href":"https:\/\/www.europesays.com\/si\/wp-json\/wp\/v2\/types\/post"}],"author":[{"embeddable":true,"href":"https:\/\/www.europesays.com\/si\/wp-json\/wp\/v2\/users\/2"}],"replies":[{"embeddable":true,"href":"https:\/\/www.europesays.com\/si\/wp-json\/wp\/v2\/comments?post=206038"}],"version-history":[{"count":0,"href":"https:\/\/www.europesays.com\/si\/wp-json\/wp\/v2\/posts\/206038\/revisions"}],"wp:featuredmedia":[{"embeddable":true,"href":"https:\/\/www.europesays.com\/si\/wp-json\/wp\/v2\/media\/206039"}],"wp:attachment":[{"href":"https:\/\/www.europesays.com\/si\/wp-json\/wp\/v2\/media?parent=206038"}],"wp:term":[{"taxonomy":"category","embeddable":true,"href":"https:\/\/www.europesays.com\/si\/wp-json\/wp\/v2\/categories?post=206038"},{"taxonomy":"post_tag","embeddable":true,"href":"https:\/\/www.europesays.com\/si\/wp-json\/wp\/v2\/tags?post=206038"}],"curies":[{"name":"wp","href":"https:\/\/api.w.org\/{rel}","templated":true}]}}