{"id":206050,"date":"2026-08-27T14:54:13","date_gmt":"2026-08-27T14:54:13","guid":{"rendered":"https:\/\/www.europesays.com\/si\/206050\/"},"modified":"2026-08-27T14:54:13","modified_gmt":"2026-08-27T14:54:13","slug":"foto-slovenski-drzavljani-z-ladjo-z-laznimi-oznakami-vojne-mornarice-vpluli-na-obmocje-brionov","status":"publish","type":"post","link":"https:\/\/www.europesays.com\/si\/206050\/","title":{"rendered":"[Foto] Slovenski dr\u017eavljani z ladjo z la\u017enimi oznakami vojne mornarice vpluli na obmo\u010dje Brionov"},"content":{"rendered":"<p style=\"text-align: justify;\">V hrva\u0161kih vodah pluje ladja, ki na prvi pogled deluje kot ladja hrva\u0161ke vojne mornarice. A le na prvi pogled. V resnici gre za civilno plovilo, ki je zaradi vojnih barv pri sosedih povzro\u010dilo pravi \u0161kandal. \u0160e ve\u010d \u2013 posadka plovila je o\u010ditno slovenska, lastnik pa Hrvat s poslovnimi interesi v Sloveniji.<\/p>\n<p style=\"text-align: justify;\">Pred dnevi se je po poro\u010danju Morski.hr na Brionih odvijala prava drama. Obmo\u010dje otoka je bilo pod povi\u0161ano stopnjo nadzora in varovanja, ker je v preteklih dneh tam dopustoval vodja hrva\u0161kih to\u017eilcev, in ravno takrat je skupina slovensko-hrva\u0161kih dr\u017eavljanov posku\u0161ala uporabiti la\u017eno voja\u0161ko identiteto, da bi se izognila varnostnim protokolom in finan\u010dnim obveznostim, ki jih prina\u0161a privez v luki na Brionih.<\/p>\n<p> Preberite \u0161e: <a href=\"https:\/\/nova24tv.si\/nov-bizaren-predlog-iz-los-angelesa-brezplacni-centri-za-spolno-olajsanje-brezdomcev\/\" rel=\"nofollow noopener\" target=\"_blank\">Nov bizaren predlog iz Los Angelesa: brezpla\u010dni centri za spolno olaj\u0161anje brezdomcev<\/a><\/p>\n<p style=\"text-align: justify;\">Po dosegljivih informacijah plovilo \u017ee kak\u0161nih deset let pluje v okolici Istre, uspelo se mu je celo privezati v voja\u0161kem pristani\u0161\u010du Vargarola. Eden izmed razlogov, zakaj jim je doslej uspelo vse preslepiti, je, da je bila celo posadka oble\u010dena v voja\u0161ke uniforme. Zakaj bi to nekdo po\u010del? Preprosto \u2013 zaradi izogibanja obvezni identifikaciji vozila in pla\u010dilu pristani\u0161kih pristojbin, privezov in vstopnin lu\u0161ki upravi Pulj, ki upravlja s privezi na Brionih in v Fa\u017eani.<\/p>\n<p style=\"text-align: justify;\">Kasneje je bilo ugotovljeno, da gre seveda za povsem civilno vozilo, namenjeno zasebnim potrebam podjetja Olimp Defense Group. Podjetje je v lasti avtoprevoznika in upokojenega pripadnika Hrva\u0161ke vojske Mladena Miljani\u0107a. V \u010dasu incidenta pa je s plovilom upravljal slovenski dr\u017eavljan K. G. Tudi slednji je znan hrva\u0161kim organom pregona, saj je zaradi njegove kazenske evidence pred nekaj meseci propadel razpis Ministrstva za notranje zadeve za nabavo policijskih \u010dolnov.<\/p>\n<p style=\"text-align: justify;\">Skratka, ko so hrva\u0161ki dr\u017eavni organi ugotovili, kaj se dogaja, je sledila bliskovita akcija, v kateri so na Brijonih prestregli vozilo, izvedli nadzor in sankcionirali posadko. Po neuradnih informacijah (tamkaj\u0161nja policija ne izdaja informacij, saj je postopek \u0161e v teku) naj bi prejeli globo 1000 evrov. Vsako plovilo mora namre\u010d imeti ozna\u010deno pristani\u0161\u010de vpisa in registrsko \u0161tevilko. V primeru tujih vozil pa tudi izobe\u0161eno zastavo mati\u010dne dr\u017eave, dr\u017eave gostiteljice (Hrva\u0161ke) in pla\u010dano vinjeto.<\/p>\n<p><a href=\"https:\/\/nova24tv.si\/foto-fantom-hrvaske-mornarice-slovenska-posadka-z-vojasko-ladjo-preslepila-pristaniske-oblasti\/moski-6\/\" rel=\"attachment wp-att-993644 nofollow noopener\" target=\"_blank\"><img fetchpriority=\"high\" decoding=\"async\" class=\"wp-image-993644\" src=\"https:\/\/www.europesays.com\/si\/wp-content\/uploads\/2026\/08\/moski-400x178.png\" alt=\"\" width=\"1254\" height=\"558\"  \/><\/a>Vir: Morski.hr<\/p>\n<p style=\"text-align: justify;\">Tako je incident opisal Franko Kliman, vodja pristani\u0161\u010d v Fa\u017eani in na Brionih: \u201cPred mesecem dni smo prejeli klic nadzorne slu\u017ebe Narodnega parka Brioni z vpra\u0161anjem, ali je mogo\u010de za 10 minut pristati na Brionih in v Fa\u017eani, ker naj bi imeli neko \u2018voja\u0161ko delegacijo iz Vietnama\u2019. Rekel sem jim, da za teh 10 minut ni te\u017eav. Danes ponovno dobim vpra\u0161anje istega gospoda. Vendar je v tistem trenutku prispela prava Obalna stra\u017ea in potrdili so, da na Brionih ni bilo nobene uradne voja\u0161ke delegacije. Takrat smo posumili, da nas nekdo zavaja, kar je na\u0161e slu\u017ebe alarmiralo, da so takoj odhitele na Brione.\u201d<\/p>\n<p style=\"text-align: justify;\">In \u0161e: \u201cPo tem so bile v skladu s Pomorskim zakonikom ugotovljene kr\u0161itve, zato so bili sankcionirani. Pred nekaj leti mi je kolega iz NP Brioni povedal, da so mu ti isti ljudje grozili, ker jim je hotel zara\u010dunati privez, oni pa niso hoteli pla\u010dati in so trdili, da bo zaradi tega \u2018izbruhnil diplomatski incident\u2019. Na\u0161li smo osebe, ki se la\u017eno predstavljajo samo zato, da jim nikjer ne bi bilo treba pla\u010devati. Kontaktiral sem to tretjo osebo in jim sporo\u010dil, naj k nam ve\u010d ne prihajajo \u2014 v Fa\u017eani in na Brionih ne bodo ve\u010d pristajali! Re\u010deno mi je bilo, da gre za slovenske dr\u017eavljane.\u201d<\/p>\n<p style=\"text-align: justify;\">\u017d. K.<\/p>\n","protected":false},"excerpt":{"rendered":"V hrva\u0161kih vodah pluje ladja, ki na prvi pogled deluje kot ladja hrva\u0161ke vojne mornarice. A le na&hellip;\n","protected":false},"author":2,"featured_media":206051,"comment_status":"","ping_status":"","sticky":false,"template":"","format":"standard","meta":{"footnotes":"","_share_on_mastodon":"0"},"categories":[8],"tags":[50714,5129,43247,23803,37,60,38,64,50715,63],"class_list":["post-206050","post","type-post","status-publish","format-standard","has-post-thumbnail","category-svet","tag-brijoni","tag-globa","tag-privez","tag-pulj","tag-slovene","tag-slovenija","tag-slovenscina","tag-svet","tag-vojna-mornarica","tag-world"],"share_on_mastodon":{"url":"https:\/\/pubeurope.com\/@si\/117168050777507766","error":""},"_links":{"self":[{"href":"https:\/\/www.europesays.com\/si\/wp-json\/wp\/v2\/posts\/206050","targetHints":{"allow":["GET"]}}],"collection":[{"href":"https:\/\/www.europesays.com\/si\/wp-json\/wp\/v2\/posts"}],"about":[{"href":"https:\/\/www.europesays.com\/si\/wp-json\/wp\/v2\/types\/post"}],"author":[{"embeddable":true,"href":"https:\/\/www.europesays.com\/si\/wp-json\/wp\/v2\/users\/2"}],"replies":[{"embeddable":true,"href":"https:\/\/www.europesays.com\/si\/wp-json\/wp\/v2\/comments?post=206050"}],"version-history":[{"count":0,"href":"https:\/\/www.europesays.com\/si\/wp-json\/wp\/v2\/posts\/206050\/revisions"}],"wp:featuredmedia":[{"embeddable":true,"href":"https:\/\/www.europesays.com\/si\/wp-json\/wp\/v2\/media\/206051"}],"wp:attachment":[{"href":"https:\/\/www.europesays.com\/si\/wp-json\/wp\/v2\/media?parent=206050"}],"wp:term":[{"taxonomy":"category","embeddable":true,"href":"https:\/\/www.europesays.com\/si\/wp-json\/wp\/v2\/categories?post=206050"},{"taxonomy":"post_tag","embeddable":true,"href":"https:\/\/www.europesays.com\/si\/wp-json\/wp\/v2\/tags?post=206050"}],"curies":[{"name":"wp","href":"https:\/\/api.w.org\/{rel}","templated":true}]}}