{"id":206120,"date":"2026-08-27T16:06:10","date_gmt":"2026-08-27T16:06:10","guid":{"rendered":"https:\/\/www.europesays.com\/si\/206120\/"},"modified":"2026-08-27T16:06:10","modified_gmt":"2026-08-27T16:06:10","slug":"upanja-ni-vec-v-razbitinah-letala-na-dnu-jezera-nasli-trupli","status":"publish","type":"post","link":"https:\/\/www.europesays.com\/si\/206120\/","title":{"rendered":"Upanja ni ve\u010d: V razbitinah letala na dnu jezera na\u0161li trupli"},"content":{"rendered":"<p>Trupli so na\u0161li na globini 160 metrov.<\/p>\n<p>V nadaljevanju preberite:<\/p>\n<p>V Atterseeju so na globini 160 metrov na\u0161li razbitine letala, ki je v sredo strmoglavilo v jezero.<br \/>\nV pilotski kabini so na\u0161li trupli 20-letnega nem\u0161kega u\u010denca in njegovega 25-letnega u\u010ditelja.<br \/>\nLetalo bodo posku\u0161ali dvigniti iz jezera v soboto, saj naj bi bilo petkovo vreme zaradi napovedanih neviht preve\u010d nestabilno.<\/p>\n<p>Poro\u010dali smo, da je v sredo v jezero Attersee v Avstriji <a href=\"https:\/\/www.zurnal24.si\/svet\/drama-pri-sosedih-strmoglavilo-letalo-v-teku-obsezna-iskalna-akcija-464186\" rel=\"nofollow noopener\" target=\"_blank\">strmoglavilo manj\u0161e<\/a> letalo tipa Tecnam P2002JFS. Pri\u010de naj bi pred strmoglavljenjem sli\u0161ale, kako je motor nehal delovati, nato pa je letalo strmoglavilo v jezero ter potonilo. Oblasti so kasneje locirale razbitine letala, v pilotski kabini pa so na\u0161le dve <a href=\"https:\/\/www.zurnal24.si\/svet\/nasli-ze-162-trupel-pogresajo-se-vec-tisoc-ljudi-464205\" rel=\"nofollow noopener\" target=\"_blank\">trupli<\/a>.<\/p>\n<p>Na krovu letala, ki je del flote letalske \u0161ole Skygate Academy v Wals-Siezenheimu, naj bi bila 20-letni u\u010denec letenja in njegov 25-letni u\u010ditelj \u2013 oba sta bila Nemca. V sredo sta poletela iz Salzburga. Do nesre\u010de je pri\u0161lo manj kot pol ure po vzletu. Jezero so v iskanju propelerskega letala preiskovali s potaplja\u0161kimi roboti in sonarjem. V akciji je sodelovalo tudi ve\u010d gasilskih enot, policija, re\u0161evalni helikopterji in Rde\u010di kri\u017e.<\/p>\n<p>Kot je poro\u010dal oe24, so razbitine zgodaj zve\u010der locirali pribli\u017eno 300 metrov od obale, na globini 160 metrov. Gasilci so dvig razbitin iz vode na\u010drtovali za soboto. Po navedbah policije je bil \u010detrtek prekratek rok za izvedbo, v petek pa naj bi bilo vreme po napovedih preve\u010d nestabilno, saj so napovedane nevihte.<\/p>\n<p><a href=\"https:\/\/www.zurnal24.si\/svet\/mailto:dezurni@styria-media.si\" rel=\"nofollow noopener\" target=\"_blank\">dezurni@styria-media.si<\/a><\/p>\n","protected":false},"excerpt":{"rendered":"Trupli so na\u0161li na globini 160 metrov. V nadaljevanju preberite: V Atterseeju so na globini 160 metrov na\u0161li&hellip;\n","protected":false},"author":2,"featured_media":206121,"comment_status":"","ping_status":"","sticky":false,"template":"","format":"standard","meta":{"footnotes":"","_share_on_mastodon":"0"},"categories":[8],"tags":[360,2693,4702,326,76,37,38,64,63],"class_list":["post-206120","post","type-post","status-publish","format-standard","has-post-thumbnail","category-svet","tag-avstrija","tag-kronika","tag-letalska-nesreca","tag-policija","tag-preiskava","tag-slovene","tag-slovenscina","tag-svet","tag-world"],"share_on_mastodon":{"url":"https:\/\/pubeurope.com\/@si\/117168333431123349","error":""},"_links":{"self":[{"href":"https:\/\/www.europesays.com\/si\/wp-json\/wp\/v2\/posts\/206120","targetHints":{"allow":["GET"]}}],"collection":[{"href":"https:\/\/www.europesays.com\/si\/wp-json\/wp\/v2\/posts"}],"about":[{"href":"https:\/\/www.europesays.com\/si\/wp-json\/wp\/v2\/types\/post"}],"author":[{"embeddable":true,"href":"https:\/\/www.europesays.com\/si\/wp-json\/wp\/v2\/users\/2"}],"replies":[{"embeddable":true,"href":"https:\/\/www.europesays.com\/si\/wp-json\/wp\/v2\/comments?post=206120"}],"version-history":[{"count":0,"href":"https:\/\/www.europesays.com\/si\/wp-json\/wp\/v2\/posts\/206120\/revisions"}],"wp:featuredmedia":[{"embeddable":true,"href":"https:\/\/www.europesays.com\/si\/wp-json\/wp\/v2\/media\/206121"}],"wp:attachment":[{"href":"https:\/\/www.europesays.com\/si\/wp-json\/wp\/v2\/media?parent=206120"}],"wp:term":[{"taxonomy":"category","embeddable":true,"href":"https:\/\/www.europesays.com\/si\/wp-json\/wp\/v2\/categories?post=206120"},{"taxonomy":"post_tag","embeddable":true,"href":"https:\/\/www.europesays.com\/si\/wp-json\/wp\/v2\/tags?post=206120"}],"curies":[{"name":"wp","href":"https:\/\/api.w.org\/{rel}","templated":true}]}}