{"id":206156,"date":"2026-08-27T16:45:56","date_gmt":"2026-08-27T16:45:56","guid":{"rendered":"https:\/\/www.europesays.com\/si\/206156\/"},"modified":"2026-08-27T16:45:56","modified_gmt":"2026-08-27T16:45:56","slug":"mediaspeed-celje-slovan-bratislava","status":"publish","type":"post","link":"https:\/\/www.europesays.com\/si\/206156\/","title":{"rendered":"Mediaspeed &#8211; Celje : Slovan Bratislava"},"content":{"rendered":"<p>\t\t\t\t\t\t<img decoding=\"async\" id=\"galImage0\" src=\"https:\/\/www.europesays.com\/si\/wp-content\/uploads\/2026\/08\/1566163.jpg\" alt=\"Celje : Slovan Bratislava\"\/><\/p>\n<p class=\"text-center mt-3 text-regular\">Celje : Slovan Bratislava<\/p>\n<p>\t\t\t\t\t\t<img decoding=\"async\" id=\"galImage1\" src=\"https:\/\/www.europesays.com\/si\/wp-content\/uploads\/2026\/08\/1566164.jpg\" alt=\"Celje : Slovan Bratislava\"\/><\/p>\n<p class=\"text-center mt-3 text-regular\">Celje : Slovan Bratislava<\/p>\n<p>\t\t\t\t\t\t<img decoding=\"async\" id=\"galImage2\" src=\"https:\/\/www.europesays.com\/si\/wp-content\/uploads\/2026\/08\/1566165.jpg\" alt=\"Celje : Slovan Bratislava\"\/><\/p>\n<p class=\"text-center mt-3 text-regular\">Celje : Slovan Bratislava<\/p>\n<p>\t\t\t\t\t\t<img decoding=\"async\" id=\"galImage3\" src=\"https:\/\/www.europesays.com\/si\/wp-content\/uploads\/2026\/08\/1566166.jpg\" alt=\"Celje : Slovan Bratislava\"\/><\/p>\n<p class=\"text-center mt-3 text-regular\">Celje : Slovan Bratislava<\/p>\n<p>\t\t\t\t\t\t<img decoding=\"async\" id=\"galImage4\" src=\"https:\/\/www.europesays.com\/si\/wp-content\/uploads\/2026\/08\/1566167.jpg\" alt=\"Celje : Slovan Bratislava\"\/><\/p>\n<p class=\"text-center mt-3 text-regular\">Celje : Slovan Bratislava<\/p>\n<p>\t\t\t\t\t\t<img decoding=\"async\" id=\"galImage5\" src=\"https:\/\/www.europesays.com\/si\/wp-content\/uploads\/2026\/08\/1566168.jpg\" alt=\"Celje : Slovan Bratislava\"\/><\/p>\n<p class=\"text-center mt-3 text-regular\">Celje : Slovan Bratislava<\/p>\n<p>\t\t\t\t\t\t<img decoding=\"async\" id=\"galImage6\" src=\"https:\/\/www.europesays.com\/si\/wp-content\/uploads\/2026\/08\/1566169.jpg\" alt=\"Celje : Slovan Bratislava\"\/><\/p>\n<p class=\"text-center mt-3 text-regular\">Celje : Slovan Bratislava<\/p>\n<p>\t\t\t\t\t\t<img decoding=\"async\" id=\"galImage7\" src=\"https:\/\/www.europesays.com\/si\/wp-content\/uploads\/2026\/08\/1566245.jpg\" alt=\"Celje : Slovan Bratislava\"\/><\/p>\n<p class=\"text-center mt-3 text-regular\">Celje : Slovan Bratislava<\/p>\n<p>\t\t\t\t\t\t<img decoding=\"async\" id=\"galImage8\" src=\"https:\/\/www.europesays.com\/si\/wp-content\/uploads\/2026\/08\/1566170.jpg\" alt=\"Celje : Slovan Bratislava\"\/><\/p>\n<p class=\"text-center mt-3 text-regular\">Celje : Slovan Bratislava<\/p>\n<p>\t\t\t\t\t\t<img decoding=\"async\" id=\"galImage9\" src=\"https:\/\/www.europesays.com\/si\/wp-content\/uploads\/2026\/08\/1566171.jpg\" alt=\"Celje : Slovan Bratislava\"\/><\/p>\n<p class=\"text-center mt-3 text-regular\">Celje : Slovan Bratislava<\/p>\n<p>\t\t\t\t\t\t<img decoding=\"async\" id=\"galImage10\" src=\"https:\/\/www.europesays.com\/si\/wp-content\/uploads\/2026\/08\/1566172.jpg\" alt=\"Celje : Slovan Bratislava\"\/><\/p>\n<p class=\"text-center mt-3 text-regular\">Celje : Slovan Bratislava<\/p>\n<p>\t\t\t\t\t\t<img decoding=\"async\" id=\"galImage11\" src=\"https:\/\/www.europesays.com\/si\/wp-content\/uploads\/2026\/08\/1566174.jpg\" alt=\" ... ;  An\u017ee Logar, minister za gospodarstvo, predsednik stranke DemokratiCelje : Slovan Bratislava\"\/><\/p>\n<p class=\"text-center mt-3 text-regular\"> &#8230; ;  An\u017ee Logar, minister za gospodarstvo, predsednik stranke Demokrati<br \/>Celje : Slovan Bratislava<\/p>\n<p>\t\t\t\t\t\t<img decoding=\"async\" id=\"galImage12\" src=\"https:\/\/www.europesays.com\/si\/wp-content\/uploads\/2026\/08\/1566176.jpg\" alt=\"Celje : Slovan Bratislava\"\/><\/p>\n<p class=\"text-center mt-3 text-regular\">Celje : Slovan Bratislava<\/p>\n<p>\t\t\t\t\t\t<img decoding=\"async\" id=\"galImage13\" src=\"https:\/\/www.europesays.com\/si\/wp-content\/uploads\/2026\/08\/1566177.jpg\" alt=\"Celje : Slovan Bratislava\"\/><\/p>\n<p class=\"text-center mt-3 text-regular\">Celje : Slovan Bratislava<\/p>\n<p>\t\t\t\t\t\t<img decoding=\"async\" id=\"galImage14\" src=\"https:\/\/www.europesays.com\/si\/wp-content\/uploads\/2026\/08\/1566178.jpg\" alt=\"Celje : Slovan Bratislava\"\/><\/p>\n<p class=\"text-center mt-3 text-regular\">Celje : Slovan Bratislava<\/p>\n<p>\t\t\t\t\t\t<img decoding=\"async\" id=\"galImage15\" src=\"https:\/\/www.europesays.com\/si\/wp-content\/uploads\/2026\/08\/1566179.jpg\" alt=\"Celje : Slovan Bratislava\"\/><\/p>\n<p class=\"text-center mt-3 text-regular\">Celje : Slovan Bratislava<\/p>\n<p>\t\t\t\t\t\t<img decoding=\"async\" id=\"galImage16\" src=\"https:\/\/www.europesays.com\/si\/wp-content\/uploads\/2026\/08\/1566180.jpg\" alt=\"Celje : Slovan Bratislava\"\/><\/p>\n<p class=\"text-center mt-3 text-regular\">Celje : Slovan Bratislava<\/p>\n<p>\t\t\t\t\t\t<img decoding=\"async\" id=\"galImage17\" src=\"https:\/\/www.europesays.com\/si\/wp-content\/uploads\/2026\/08\/1566181.jpg\" alt=\" Bo\u0161tjan Cesar, nekdanji nogometa\u0161;  ... Celje : Slovan Bratislava\"\/><\/p>\n<p class=\"text-center mt-3 text-regular\"> Bo\u0161tjan Cesar, nekdanji nogometa\u0161;  &#8230; <br \/>Celje : Slovan Bratislava<\/p>\n<p>\t\t\t\t\t\t<img decoding=\"async\" id=\"galImage18\" src=\"https:\/\/www.europesays.com\/si\/wp-content\/uploads\/2026\/08\/1566184.jpg\" alt=\" Milivoje Novakovi\u0107, nekdanji nogometa\u0161;  Bo\u0161tjan Cesar, nekdanji nogometa\u0161Celje : Slovan Bratislava\"\/><\/p>\n<p class=\"text-center mt-3 text-regular\"> Milivoje Novakovi\u0107, nekdanji nogometa\u0161;  Bo\u0161tjan Cesar, nekdanji nogometa\u0161<br \/>Celje : Slovan Bratislava<\/p>\n<p>\t\t\t\t\t\t<img decoding=\"async\" id=\"galImage19\" src=\"https:\/\/www.europesays.com\/si\/wp-content\/uploads\/2026\/08\/1566185.jpg\" alt=\"Celje : Slovan Bratislava\"\/><\/p>\n<p class=\"text-center mt-3 text-regular\">Celje : Slovan Bratislava<\/p>\n<p>\t\t\t\t\t\t<img decoding=\"async\" id=\"galImage20\" src=\"https:\/\/www.europesays.com\/si\/wp-content\/uploads\/2026\/08\/1566186.jpg\" alt=\"Celje : Slovan Bratislava\"\/><\/p>\n<p class=\"text-center mt-3 text-regular\">Celje : Slovan Bratislava<\/p>\n<p>\t\t\t\t\t\t<img decoding=\"async\" id=\"galImage21\" src=\"https:\/\/www.europesays.com\/si\/wp-content\/uploads\/2026\/08\/1566189.jpg\" alt=\"Celje : Slovan Bratislava\"\/><\/p>\n<p class=\"text-center mt-3 text-regular\">Celje : Slovan Bratislava<\/p>\n<p>\t\t\t\t\t\t<img decoding=\"async\" id=\"galImage22\" src=\"https:\/\/www.europesays.com\/si\/wp-content\/uploads\/2026\/08\/1566190.jpg\" alt=\"Celje : Slovan Bratislava\"\/><\/p>\n<p class=\"text-center mt-3 text-regular\">Celje : Slovan Bratislava<\/p>\n<p>\t\t\t\t\t\t<img decoding=\"async\" id=\"galImage23\" src=\"https:\/\/www.europesays.com\/si\/wp-content\/uploads\/2026\/08\/1566191.jpg\" alt=\"Celje : Slovan Bratislava\"\/><\/p>\n<p class=\"text-center mt-3 text-regular\">Celje : Slovan Bratislava<\/p>\n<p>\t\t\t\t\t\t<img decoding=\"async\" id=\"galImage24\" src=\"https:\/\/www.europesays.com\/si\/wp-content\/uploads\/2026\/08\/1566192.jpg\" alt=\"Celje : Slovan Bratislava\"\/><\/p>\n<p class=\"text-center mt-3 text-regular\">Celje : Slovan Bratislava<\/p>\n<p>\t\t\t\t\t\t<img decoding=\"async\" id=\"galImage25\" src=\"https:\/\/www.europesays.com\/si\/wp-content\/uploads\/2026\/08\/1566246.jpg\" alt=\"Celje : Slovan Bratislava\"\/><\/p>\n<p class=\"text-center mt-3 text-regular\">Celje : Slovan Bratislava<\/p>\n<p>\t\t\t\t\t\t<img decoding=\"async\" id=\"galImage26\" src=\"https:\/\/www.europesays.com\/si\/wp-content\/uploads\/2026\/08\/1566248.jpg\" alt=\"Celje : Slovan Bratislava\"\/><\/p>\n<p class=\"text-center mt-3 text-regular\">Celje : Slovan Bratislava<\/p>\n<p>\t\t\t\t\t\t<img decoding=\"async\" id=\"galImage27\" src=\"https:\/\/www.europesays.com\/si\/wp-content\/uploads\/2026\/08\/1566249.jpg\" alt=\"Celje : Slovan Bratislava\"\/><\/p>\n<p class=\"text-center mt-3 text-regular\">Celje : Slovan Bratislava<\/p>\n<p>\t\t\t\t\t\t<img decoding=\"async\" id=\"galImage28\" src=\"https:\/\/www.europesays.com\/si\/wp-content\/uploads\/2026\/08\/1566193.jpg\" alt=\"Celje : Slovan Bratislava\"\/><\/p>\n<p class=\"text-center mt-3 text-regular\">Celje : Slovan Bratislava<\/p>\n<p>\t\t\t\t\t\t<img decoding=\"async\" id=\"galImage29\" src=\"https:\/\/www.europesays.com\/si\/wp-content\/uploads\/2026\/08\/1566194.jpg\" alt=\"Celje : Slovan Bratislava\"\/><\/p>\n<p class=\"text-center mt-3 text-regular\">Celje : Slovan Bratislava<\/p>\n<p>\t\t\t\t\t\t<img decoding=\"async\" id=\"galImage30\" src=\"https:\/\/www.europesays.com\/si\/wp-content\/uploads\/2026\/08\/1566250.jpg\" alt=\"Celje : Slovan Bratislava\"\/><\/p>\n<p class=\"text-center mt-3 text-regular\">Celje : Slovan Bratislava<\/p>\n<p>\t\t\t\t\t\t<img decoding=\"async\" id=\"galImage31\" src=\"https:\/\/www.europesays.com\/si\/wp-content\/uploads\/2026\/08\/1566251.jpg\" alt=\"Celje : Slovan Bratislava\"\/><\/p>\n<p class=\"text-center mt-3 text-regular\">Celje : Slovan Bratislava<\/p>\n<p>\t\t\t\t\t\t<img decoding=\"async\" id=\"galImage32\" src=\"https:\/\/www.europesays.com\/si\/wp-content\/uploads\/2026\/08\/1566252.jpg\" alt=\"Celje : Slovan Bratislava\"\/><\/p>\n<p class=\"text-center mt-3 text-regular\">Celje : Slovan Bratislava<\/p>\n<p>\t\t\t\t\t\t<img decoding=\"async\" id=\"galImage33\" src=\"https:\/\/www.europesays.com\/si\/wp-content\/uploads\/2026\/08\/1566253.jpg\" alt=\"Celje : Slovan Bratislava\"\/><\/p>\n<p class=\"text-center mt-3 text-regular\">Celje : Slovan Bratislava<\/p>\n<p>\t\t\t\t\t\t<img decoding=\"async\" id=\"galImage34\" src=\"https:\/\/www.europesays.com\/si\/wp-content\/uploads\/2026\/08\/1566254.jpg\" alt=\"Celje : Slovan Bratislava\"\/><\/p>\n<p class=\"text-center mt-3 text-regular\">Celje : Slovan Bratislava<\/p>\n<p>\t\t\t\t\t\t<img decoding=\"async\" id=\"galImage35\" src=\"https:\/\/www.europesays.com\/si\/wp-content\/uploads\/2026\/08\/1566196.jpg\" alt=\" ... ;  Andrej Kotnik, nogometa\u0161Celje : Slovan Bratislava\"\/><\/p>\n<p class=\"text-center mt-3 text-regular\"> &#8230; ;  Andrej Kotnik, nogometa\u0161<br \/>Celje : Slovan Bratislava<\/p>\n<p>\t\t\t\t\t\t<img decoding=\"async\" id=\"galImage36\" src=\"https:\/\/www.europesays.com\/si\/wp-content\/uploads\/2026\/08\/1566197.jpg\" alt=\"Celje : Slovan Bratislava\"\/><\/p>\n<p class=\"text-center mt-3 text-regular\">Celje : Slovan Bratislava<\/p>\n<p>\t\t\t\t\t\t<img decoding=\"async\" id=\"galImage37\" src=\"https:\/\/www.europesays.com\/si\/wp-content\/uploads\/2026\/08\/1566198.jpg\" alt=\" Pijus \u0160irvys, nogometa\u0161Celje : Slovan Bratislava\"\/><\/p>\n<p class=\"text-center mt-3 text-regular\"> Pijus \u0160irvys, nogometa\u0161<br \/>Celje : Slovan Bratislava<\/p>\n<p>\t\t\t\t\t\t<img decoding=\"async\" id=\"galImage38\" src=\"https:\/\/www.europesays.com\/si\/wp-content\/uploads\/2026\/08\/1566199.jpg\" alt=\" Pijus \u0160irvys, nogometa\u0161;  Yaya Dukuly, nogometa\u0161;  ... ;  Andrej Kotnik, nogometa\u0161Celje : Slovan Bratislava\"\/><\/p>\n<p class=\"text-center mt-3 text-regular\"> Pijus \u0160irvys, nogometa\u0161;  Yaya Dukuly, nogometa\u0161;  &#8230; ;  Andrej Kotnik, nogometa\u0161<br \/>Celje : Slovan Bratislava<\/p>\n<p>\t\t\t\t\t\t<img decoding=\"async\" id=\"galImage39\" src=\"https:\/\/www.europesays.com\/si\/wp-content\/uploads\/2026\/08\/1566200.jpg\" alt=\" ... ;  Yaya Dukuly, nogometa\u0161;  Andrej Kotnik, nogometa\u0161;  Pijus \u0160irvys, nogometa\u0161Celje : Slovan Bratislava\"\/><\/p>\n<p class=\"text-center mt-3 text-regular\"> &#8230; ;  Yaya Dukuly, nogometa\u0161;  Andrej Kotnik, nogometa\u0161;  Pijus \u0160irvys, nogometa\u0161<br \/>Celje : Slovan Bratislava<\/p>\n<p>\t\t\t\t\t\t<img decoding=\"async\" id=\"galImage40\" src=\"https:\/\/www.europesays.com\/si\/wp-content\/uploads\/2026\/08\/1566201.jpg\" alt=\"Celje : Slovan Bratislava\"\/><\/p>\n<p class=\"text-center mt-3 text-regular\">Celje : Slovan Bratislava<\/p>\n<p>\t\t\t\t\t\t<img decoding=\"async\" id=\"galImage41\" src=\"https:\/\/www.europesays.com\/si\/wp-content\/uploads\/2026\/08\/1566203.jpg\" alt=\" Milot Avdyli, nogometa\u0161Celje : Slovan Bratislava\"\/><\/p>\n<p class=\"text-center mt-3 text-regular\"> Milot Avdyli, nogometa\u0161<br \/>Celje : Slovan Bratislava<\/p>\n<p>\t\t\t\t\t\t<img decoding=\"async\" id=\"galImage42\" src=\"https:\/\/www.europesays.com\/si\/wp-content\/uploads\/2026\/08\/1566204.jpg\" alt=\"Celje : Slovan Bratislava\"\/><\/p>\n<p class=\"text-center mt-3 text-regular\">Celje : Slovan Bratislava<\/p>\n<p>\t\t\t\t\t\t<img decoding=\"async\" id=\"galImage43\" src=\"https:\/\/www.europesays.com\/si\/wp-content\/uploads\/2026\/08\/1566205.jpg\" alt=\" Pijus \u0160irvys, nogometa\u0161Celje : Slovan Bratislava\"\/><\/p>\n<p class=\"text-center mt-3 text-regular\"> Pijus \u0160irvys, nogometa\u0161<br \/>Celje : Slovan Bratislava<\/p>\n<p>\t\t\t\t\t\t<img decoding=\"async\" id=\"galImage44\" src=\"https:\/\/www.europesays.com\/si\/wp-content\/uploads\/2026\/08\/1566255.jpg\" alt=\"Celje : Slovan Bratislava\"\/><\/p>\n<p class=\"text-center mt-3 text-regular\">Celje : Slovan Bratislava<\/p>\n<p>\t\t\t\t\t\t<img decoding=\"async\" id=\"galImage45\" src=\"https:\/\/www.europesays.com\/si\/wp-content\/uploads\/2026\/08\/1566206.jpg\" alt=\" Andrej Kotnik, nogometa\u0161;  ... Celje : Slovan Bratislava\"\/><\/p>\n<p class=\"text-center mt-3 text-regular\"> Andrej Kotnik, nogometa\u0161;  &#8230; <br \/>Celje : Slovan Bratislava<\/p>\n<p>\t\t\t\t\t\t<img decoding=\"async\" id=\"galImage46\" src=\"https:\/\/www.europesays.com\/si\/wp-content\/uploads\/2026\/08\/1566208.jpg\" alt=\"Celje : Slovan Bratislava\"\/><\/p>\n<p class=\"text-center mt-3 text-regular\">Celje : Slovan Bratislava<\/p>\n<p>\t\t\t\t\t\t<img decoding=\"async\" id=\"galImage47\" src=\"https:\/\/www.europesays.com\/si\/wp-content\/uploads\/2026\/08\/1566209.jpg\" alt=\"Celje : Slovan Bratislava\"\/><\/p>\n<p class=\"text-center mt-3 text-regular\">Celje : Slovan Bratislava<\/p>\n<p>\t\t\t\t\t\t<img decoding=\"async\" id=\"galImage48\" src=\"https:\/\/www.europesays.com\/si\/wp-content\/uploads\/2026\/08\/1566256.jpg\" alt=\" Yaya Dukuly, nogometa\u0161;  ... Celje : Slovan Bratislava\"\/><\/p>\n<p class=\"text-center mt-3 text-regular\"> Yaya Dukuly, nogometa\u0161;  &#8230; <br \/>Celje : Slovan Bratislava<\/p>\n<p>\t\t\t\t\t\t<img decoding=\"async\" id=\"galImage49\" src=\"https:\/\/www.europesays.com\/si\/wp-content\/uploads\/2026\/08\/1566257.jpg\" alt=\"Celje : Slovan Bratislava\"\/><\/p>\n<p class=\"text-center mt-3 text-regular\">Celje : Slovan Bratislava<\/p>\n<p>\t\t\t\t\t\t<img decoding=\"async\" id=\"galImage50\" src=\"https:\/\/www.europesays.com\/si\/wp-content\/uploads\/2026\/08\/1566210.jpg\" alt=\" Darko Hrka, nogometa\u0161Celje : Slovan Bratislava\"\/><\/p>\n<p class=\"text-center mt-3 text-regular\"> Darko Hrka, nogometa\u0161<br \/>Celje : Slovan Bratislava<\/p>\n<p>\t\t\t\t\t\t<img decoding=\"async\" id=\"galImage51\" src=\"https:\/\/www.europesays.com\/si\/wp-content\/uploads\/2026\/08\/1566211.jpg\" alt=\" ... ;  Milot Avdyli, nogometa\u0161Celje : Slovan Bratislava\"\/><\/p>\n<p class=\"text-center mt-3 text-regular\"> &#8230; ;  Milot Avdyli, nogometa\u0161<br \/>Celje : Slovan Bratislava<\/p>\n<p>\t\t\t\t\t\t<img decoding=\"async\" id=\"galImage52\" src=\"https:\/\/www.europesays.com\/si\/wp-content\/uploads\/2026\/08\/1566213.jpg\" alt=\" ... ;  Milot Avdyli, nogometa\u0161;  ... Celje : Slovan Bratislava\"\/><\/p>\n<p class=\"text-center mt-3 text-regular\"> &#8230; ;  Milot Avdyli, nogometa\u0161;  &#8230; <br \/>Celje : Slovan Bratislava<\/p>\n<p>\t\t\t\t\t\t<img decoding=\"async\" id=\"galImage53\" src=\"https:\/\/www.europesays.com\/si\/wp-content\/uploads\/2026\/08\/1566214.jpg\" alt=\"Celje : Slovan Bratislava\"\/><\/p>\n<p class=\"text-center mt-3 text-regular\">Celje : Slovan Bratislava<\/p>\n<p>\t\t\t\t\t\t<img decoding=\"async\" id=\"galImage54\" src=\"https:\/\/www.europesays.com\/si\/wp-content\/uploads\/2026\/08\/1566216.jpg\" alt=\"Celje : Slovan Bratislava\"\/><\/p>\n<p class=\"text-center mt-3 text-regular\">Celje : Slovan Bratislava<\/p>\n<p>\t\t\t\t\t\t<img decoding=\"async\" id=\"galImage55\" src=\"https:\/\/www.europesays.com\/si\/wp-content\/uploads\/2026\/08\/1566259.jpg\" alt=\"Celje : Slovan Bratislava\"\/><\/p>\n<p class=\"text-center mt-3 text-regular\">Celje : Slovan Bratislava<\/p>\n<p>\t\t\t\t\t\t<img decoding=\"async\" id=\"galImage56\" src=\"https:\/\/www.europesays.com\/si\/wp-content\/uploads\/2026\/08\/1566217.jpg\" alt=\"Celje : Slovan Bratislava\"\/><\/p>\n<p class=\"text-center mt-3 text-regular\">Celje : Slovan Bratislava<\/p>\n<p>\t\t\t\t\t\t<img decoding=\"async\" id=\"galImage57\" src=\"https:\/\/www.europesays.com\/si\/wp-content\/uploads\/2026\/08\/1566218.jpg\" alt=\" Vitor Campelos, trener NK CeljeCelje : Slovan Bratislava\"\/><\/p>\n<p class=\"text-center mt-3 text-regular\"> Vitor Campelos, trener NK Celje<br \/>Celje : Slovan Bratislava<\/p>\n<p>\t\t\t\t\t\t<img decoding=\"async\" id=\"galImage58\" src=\"https:\/\/www.europesays.com\/si\/wp-content\/uploads\/2026\/08\/1566219.jpg\" alt=\"Celje : Slovan Bratislava\"\/><\/p>\n<p class=\"text-center mt-3 text-regular\">Celje : Slovan Bratislava<\/p>\n<p>\t\t\t\t\t\t<img decoding=\"async\" id=\"galImage59\" src=\"https:\/\/www.europesays.com\/si\/wp-content\/uploads\/2026\/08\/1566220.jpg\" alt=\"Celje : Slovan Bratislava\"\/><\/p>\n<p class=\"text-center mt-3 text-regular\">Celje : Slovan Bratislava<\/p>\n<p>\t\t\t\t\t\t<img decoding=\"async\" id=\"galImage60\" src=\"https:\/\/www.europesays.com\/si\/wp-content\/uploads\/2026\/08\/1566221.jpg\" alt=\" Mark Zabukovnik, nogometa\u0161, NK CeljeCelje : Slovan Bratislava\"\/><\/p>\n<p class=\"text-center mt-3 text-regular\"> Mark Zabukovnik, nogometa\u0161, NK Celje<br \/>Celje : Slovan Bratislava<\/p>\n<p>\t\t\t\t\t\t<img decoding=\"async\" id=\"galImage61\" src=\"https:\/\/www.europesays.com\/si\/wp-content\/uploads\/2026\/08\/1566261.jpg\" alt=\"Celje : Slovan Bratislava\"\/><\/p>\n<p class=\"text-center mt-3 text-regular\">Celje : Slovan Bratislava<\/p>\n<p>\t\t\t\t\t\t<img decoding=\"async\" id=\"galImage62\" src=\"https:\/\/www.europesays.com\/si\/wp-content\/uploads\/2026\/08\/1566260.jpg\" alt=\" Andrej Kotnik, nogometa\u0161;  ... Celje : Slovan Bratislava\"\/><\/p>\n<p class=\"text-center mt-3 text-regular\"> Andrej Kotnik, nogometa\u0161;  &#8230; <br \/>Celje : Slovan Bratislava<\/p>\n<p>\t\t\t\t\t\t<img decoding=\"async\" id=\"galImage63\" src=\"https:\/\/www.europesays.com\/si\/wp-content\/uploads\/2026\/08\/1566222.jpg\" alt=\"Celje : Slovan Bratislava\"\/><\/p>\n<p class=\"text-center mt-3 text-regular\">Celje : Slovan Bratislava<\/p>\n<p>\t\t\t\t\t\t<img decoding=\"async\" id=\"galImage64\" src=\"https:\/\/www.europesays.com\/si\/wp-content\/uploads\/2026\/08\/1566224.jpg\" alt=\"Celje : Slovan Bratislava\"\/><\/p>\n<p class=\"text-center mt-3 text-regular\">Celje : Slovan Bratislava<\/p>\n<p>\t\t\t\t\t\t<img decoding=\"async\" id=\"galImage65\" src=\"https:\/\/www.europesays.com\/si\/wp-content\/uploads\/2026\/08\/1566225.jpg\" alt=\"Celje : Slovan Bratislava\"\/><\/p>\n<p class=\"text-center mt-3 text-regular\">Celje : Slovan Bratislava<\/p>\n<p>\t\t\t\t\t\t<img decoding=\"async\" id=\"galImage66\" src=\"https:\/\/www.europesays.com\/si\/wp-content\/uploads\/2026\/08\/1566227.jpg\" alt=\"Celje : Slovan Bratislava\"\/><\/p>\n<p class=\"text-center mt-3 text-regular\">Celje : Slovan Bratislava<\/p>\n<p>\t\t\t\t\t\t<img decoding=\"async\" id=\"galImage67\" src=\"https:\/\/www.europesays.com\/si\/wp-content\/uploads\/2026\/08\/1566262.jpg\" alt=\" Mario Kvesi\u0107, nogometa\u0161, NK CeljeCelje : Slovan Bratislava\"\/><\/p>\n<p class=\"text-center mt-3 text-regular\"> Mario Kvesi\u0107, nogometa\u0161, NK Celje<br \/>Celje : Slovan Bratislava<\/p>\n<p>\t\t\t\t\t\t<img decoding=\"async\" id=\"galImage68\" src=\"https:\/\/www.europesays.com\/si\/wp-content\/uploads\/2026\/08\/1566264.jpg\" alt=\"Celje : Slovan Bratislava\"\/><\/p>\n<p class=\"text-center mt-3 text-regular\">Celje : Slovan Bratislava<\/p>\n<p>\t\t\t\t\t\t<img decoding=\"async\" id=\"galImage69\" src=\"https:\/\/www.europesays.com\/si\/wp-content\/uploads\/2026\/08\/1566228.jpg\" alt=\" Andra\u017e \u0160porar, nogometa\u0161Celje : Slovan Bratislava\"\/><\/p>\n<p class=\"text-center mt-3 text-regular\"> Andra\u017e \u0160porar, nogometa\u0161<br \/>Celje : Slovan Bratislava<\/p>\n<p>\t\t\t\t\t\t<img decoding=\"async\" id=\"galImage70\" src=\"https:\/\/www.europesays.com\/si\/wp-content\/uploads\/2026\/08\/1566229.jpg\" alt=\" Matic Ivan\u0161ek, nogometa\u0161;  ... Celje : Slovan Bratislava\"\/><\/p>\n<p class=\"text-center mt-3 text-regular\"> Matic Ivan\u0161ek, nogometa\u0161;  &#8230; <br \/>Celje : Slovan Bratislava<\/p>\n<p>\t\t\t\t\t\t<img decoding=\"async\" id=\"galImage71\" src=\"https:\/\/www.europesays.com\/si\/wp-content\/uploads\/2026\/08\/1566230.jpg\" alt=\" Alpha Diounkou, nogometa\u0161;  Svit Se\u0161lar, nogometa\u0161Celje : Slovan Bratislava\"\/><\/p>\n<p class=\"text-center mt-3 text-regular\"> Alpha Diounkou, nogometa\u0161;  Svit Se\u0161lar, nogometa\u0161<br \/>Celje : Slovan Bratislava<\/p>\n<p>\t\t\t\t\t\t<img decoding=\"async\" id=\"galImage72\" src=\"https:\/\/www.europesays.com\/si\/wp-content\/uploads\/2026\/08\/1566231.jpg\" alt=\" Alpha Diounkou, nogometa\u0161Celje : Slovan Bratislava\"\/><\/p>\n<p class=\"text-center mt-3 text-regular\"> Alpha Diounkou, nogometa\u0161<br \/>Celje : Slovan Bratislava<\/p>\n<p>\t\t\t\t\t\t<img decoding=\"async\" id=\"galImage73\" src=\"https:\/\/www.europesays.com\/si\/wp-content\/uploads\/2026\/08\/1566232.jpg\" alt=\"Celje : Slovan Bratislava\"\/><\/p>\n<p class=\"text-center mt-3 text-regular\">Celje : Slovan Bratislava<\/p>\n<p>\t\t\t\t\t\t<img decoding=\"async\" id=\"galImage74\" src=\"https:\/\/www.europesays.com\/si\/wp-content\/uploads\/2026\/08\/1566233.jpg\" alt=\"Celje : Slovan Bratislava\"\/><\/p>\n<p class=\"text-center mt-3 text-regular\">Celje : Slovan Bratislava<\/p>\n<p>\t\t\t\t\t\t<img decoding=\"async\" id=\"galImage75\" src=\"https:\/\/www.europesays.com\/si\/wp-content\/uploads\/2026\/08\/1566234.jpg\" alt=\" Benjamin Verbi\u010d, nogometa\u0161Celje : Slovan Bratislava\"\/><\/p>\n<p class=\"text-center mt-3 text-regular\"> Benjamin Verbi\u010d, nogometa\u0161<br \/>Celje : Slovan Bratislava<\/p>\n<p>\t\t\t\t\t\t<img decoding=\"async\" id=\"galImage76\" src=\"https:\/\/www.europesays.com\/si\/wp-content\/uploads\/2026\/08\/1566235.jpg\" alt=\"Celje : Slovan Bratislava\"\/><\/p>\n<p class=\"text-center mt-3 text-regular\">Celje : Slovan Bratislava<\/p>\n<p>\t\t\t\t\t\t<img decoding=\"async\" id=\"galImage77\" src=\"https:\/\/www.europesays.com\/si\/wp-content\/uploads\/2026\/08\/1566236.jpg\" alt=\"Celje : Slovan Bratislava\"\/><\/p>\n<p class=\"text-center mt-3 text-regular\">Celje : Slovan Bratislava<\/p>\n<p>\t\t\t\t\t\t<img decoding=\"async\" id=\"galImage78\" src=\"https:\/\/www.europesays.com\/si\/wp-content\/uploads\/2026\/08\/1566265.jpg\" alt=\"Celje : Slovan Bratislava\"\/><\/p>\n<p class=\"text-center mt-3 text-regular\">Celje : Slovan Bratislava<\/p>\n<p>\t\t\t\t\t\t<img decoding=\"async\" id=\"galImage79\" src=\"https:\/\/www.europesays.com\/si\/wp-content\/uploads\/2026\/08\/1566266.jpg\" alt=\"Celje : Slovan Bratislava\"\/><\/p>\n<p class=\"text-center mt-3 text-regular\">Celje : Slovan Bratislava<\/p>\n<p>\t\t\t\t\t\t<img decoding=\"async\" id=\"galImage80\" src=\"https:\/\/www.europesays.com\/si\/wp-content\/uploads\/2026\/08\/1566237.jpg\" alt=\" Alejandro Jose Hernandez, nogometni sodnik;  ... Celje : Slovan Bratislava\"\/><\/p>\n<p class=\"text-center mt-3 text-regular\"> Alejandro Jose Hernandez, nogometni sodnik;  &#8230; <br \/>Celje : Slovan Bratislava<\/p>\n<p>\t\t\t\t\t\t<img decoding=\"async\" id=\"galImage81\" src=\"https:\/\/www.europesays.com\/si\/wp-content\/uploads\/2026\/08\/1566238.jpg\" alt=\"Celje : Slovan Bratislava\"\/><\/p>\n<p class=\"text-center mt-3 text-regular\">Celje : Slovan Bratislava<\/p>\n<p>\t\t\t\t\t\t<img decoding=\"async\" id=\"galImage82\" src=\"https:\/\/www.europesays.com\/si\/wp-content\/uploads\/2026\/08\/1566239.jpg\" alt=\" Alpha Diounkou, nogometa\u0161Celje : Slovan Bratislava\"\/><\/p>\n<p class=\"text-center mt-3 text-regular\"> Alpha Diounkou, nogometa\u0161<br \/>Celje : Slovan Bratislava<\/p>\n<p>\t\t\t\t\t\t<img decoding=\"async\" id=\"galImage83\" src=\"https:\/\/www.europesays.com\/si\/wp-content\/uploads\/2026\/08\/1566240.jpg\" alt=\" Alpha Diounkou, nogometa\u0161;  ... Celje : Slovan Bratislava\"\/><\/p>\n<p class=\"text-center mt-3 text-regular\"> Alpha Diounkou, nogometa\u0161;  &#8230; <br \/>Celje : Slovan Bratislava<\/p>\n<p>\t\t\t\t\t\t<img decoding=\"async\" id=\"galImage84\" src=\"https:\/\/www.europesays.com\/si\/wp-content\/uploads\/2026\/08\/1566241.jpg\" alt=\"Celje : Slovan Bratislava\"\/><\/p>\n<p class=\"text-center mt-3 text-regular\">Celje : Slovan Bratislava<\/p>\n<p>\t\t\t\t\t\t<img decoding=\"async\" id=\"galImage85\" src=\"https:\/\/www.europesays.com\/si\/wp-content\/uploads\/2026\/08\/1566242.jpg\" alt=\" Vitor Campelos, trener NK CeljeCelje : Slovan Bratislava\"\/><\/p>\n<p class=\"text-center mt-3 text-regular\"> Vitor Campelos, trener NK Celje<br \/>Celje : Slovan Bratislava<\/p>\n<p>\t\t\t\t\t\t<img decoding=\"async\" id=\"galImage86\" src=\"https:\/\/www.europesays.com\/si\/wp-content\/uploads\/2026\/08\/1566243.jpg\" alt=\"Celje : Slovan Bratislava\"\/><\/p>\n<p class=\"text-center mt-3 text-regular\">Celje : Slovan Bratislava<\/p>\n<p>\t\t\t\t\t\t<img decoding=\"async\" id=\"galImage87\" src=\"https:\/\/www.europesays.com\/si\/wp-content\/uploads\/2026\/08\/1566267.jpg\" alt=\"Celje : Slovan Bratislava\"\/><\/p>\n<p class=\"text-center mt-3 text-regular\">Celje : Slovan Bratislava<\/p>\n<p>\t\t\t\t\t\t<img decoding=\"async\" id=\"galImage88\" src=\"https:\/\/www.europesays.com\/si\/wp-content\/uploads\/2026\/08\/1566268.jpg\" alt=\"Celje : Slovan Bratislava\"\/><\/p>\n<p class=\"text-center mt-3 text-regular\">Celje : Slovan Bratislava<\/p>\n<p>\t\t\t\t\t\t<img decoding=\"async\" id=\"galImage89\" src=\"https:\/\/www.europesays.com\/si\/wp-content\/uploads\/2026\/08\/1566244.jpg\" alt=\"Celje : Slovan Bratislava\"\/><\/p>\n<p class=\"text-center mt-3 text-regular\">Celje : Slovan Bratislava<\/p>\n<p>\t\t\t\t\t\t<img decoding=\"async\" id=\"galImage90\" src=\"https:\/\/www.europesays.com\/si\/wp-content\/uploads\/2026\/08\/1566269.jpg\" alt=\" Vitor Campelos, trener NK CeljeCelje : Slovan Bratislava\"\/><\/p>\n<p class=\"text-center mt-3 text-regular\"> Vitor Campelos, trener NK Celje<br \/>Celje : Slovan Bratislava<\/p>\n","protected":false},"excerpt":{"rendered":"Celje : Slovan Bratislava Celje : Slovan Bratislava Celje : Slovan Bratislava Celje : Slovan Bratislava Celje :&hellip;\n","protected":false},"author":2,"featured_media":206157,"comment_status":"","ping_status":"","sticky":false,"template":"","format":"standard","meta":{"footnotes":"","_share_on_mastodon":"0"},"categories":[23],"tags":[5614,1530,162,50745,36149,4620,50744,36043,1372,62,44361,37,58,60,38,50747,4192,50746,2893,9822],"class_list":["post-206156","post","type-post","status-publish","format-standard","has-post-thumbnail","category-celje","tag-andraz-sporar","tag-armandas-kucys","tag-celje","tag-celje-slovan-bratislava","tag-cristian-martinez","tag-evropska-liga","tag-k-celje","tag-kvalifikacije-za-ligo-prvakov","tag-liga-prvakov","tag-si","tag-slovan-bratislava","tag-slovene","tag-slovenia","tag-slovenija","tag-slovenscina","tag-stadion-z","tag-svit-seslar","tag-uefa-evropska-liga","tag-uefa-liga-prvakov","tag-vitor-campelos"],"share_on_mastodon":{"url":"https:\/\/pubeurope.com\/@si\/117168492685493089","error":""},"_links":{"self":[{"href":"https:\/\/www.europesays.com\/si\/wp-json\/wp\/v2\/posts\/206156","targetHints":{"allow":["GET"]}}],"collection":[{"href":"https:\/\/www.europesays.com\/si\/wp-json\/wp\/v2\/posts"}],"about":[{"href":"https:\/\/www.europesays.com\/si\/wp-json\/wp\/v2\/types\/post"}],"author":[{"embeddable":true,"href":"https:\/\/www.europesays.com\/si\/wp-json\/wp\/v2\/users\/2"}],"replies":[{"embeddable":true,"href":"https:\/\/www.europesays.com\/si\/wp-json\/wp\/v2\/comments?post=206156"}],"version-history":[{"count":0,"href":"https:\/\/www.europesays.com\/si\/wp-json\/wp\/v2\/posts\/206156\/revisions"}],"wp:featuredmedia":[{"embeddable":true,"href":"https:\/\/www.europesays.com\/si\/wp-json\/wp\/v2\/media\/206157"}],"wp:attachment":[{"href":"https:\/\/www.europesays.com\/si\/wp-json\/wp\/v2\/media?parent=206156"}],"wp:term":[{"taxonomy":"category","embeddable":true,"href":"https:\/\/www.europesays.com\/si\/wp-json\/wp\/v2\/categories?post=206156"},{"taxonomy":"post_tag","embeddable":true,"href":"https:\/\/www.europesays.com\/si\/wp-json\/wp\/v2\/tags?post=206156"}],"curies":[{"name":"wp","href":"https:\/\/api.w.org\/{rel}","templated":true}]}}