{"id":206174,"date":"2026-08-27T17:04:17","date_gmt":"2026-08-27T17:04:17","guid":{"rendered":"https:\/\/www.europesays.com\/si\/206174\/"},"modified":"2026-08-27T17:04:17","modified_gmt":"2026-08-27T17:04:17","slug":"kako-so-igrali-v-celju-kucys-deloval-kot-branilec-slovana","status":"publish","type":"post","link":"https:\/\/www.europesays.com\/si\/206174\/","title":{"rendered":"Kako so igrali v Celju: Ku\u010dys deloval kot branilec Slovana"},"content":{"rendered":"<p>\u0160e tako navdu\u0161ujo\u010d pritisk pred polnimi tribunami ne izbri\u0161e ob\u010dutka, da je Celje ta teden zamudilo zgodovinsko prilo\u017enost \u2013 za klub, igralce in slovenski nogomet, kjer vsaka evropska liga prvakov prina\u0161a milijone razlike. V zadnjem dejanju kvalifikacij so slovenski prvaki proti Slovanu iz Bratislave pokazali, koliko se lahko s pametnim delom pribli\u017eajo finan\u010dno mo\u010dnej\u0161im, a hkrati tudi, kako hitro vse zdrsne iz rok, ko popusti koncentracija in klop ne prinese \u017eelene razlike.<\/p>\n<p>V podrobnih ocenah igralcev, od zanesljivega \u017dan-Luka Lebana in razigranega Yaye Dukulyja do izmu\u010denega Svita Se\u0161larja in nerodnega Armandasa Ku\u010dysa, tekst razkriva, kdo je pariral trikrat dra\u017eji zvezni vrsti Slovakov in kdo je pla\u010dal najvi\u0161jo ceno za napako. Ob tem se odpre tudi vpra\u0161anje trenerja Campelosa: koliko je iztisnil iz ekipe \u2013 in koliko jo je stal z menjavami, ki so prelomile ve\u010der?<\/p>\n","protected":false},"excerpt":{"rendered":"\u0160e tako navdu\u0161ujo\u010d pritisk pred polnimi tribunami ne izbri\u0161e ob\u010dutka, da je Celje ta teden zamudilo zgodovinsko prilo\u017enost&hellip;\n","protected":false},"author":2,"featured_media":206175,"comment_status":"","ping_status":"","sticky":false,"template":"","format":"standard","meta":{"footnotes":"","_share_on_mastodon":"0"},"categories":[23],"tags":[5614,1530,162,18045,36043,1372,134,62,44361,37,58,60,38,4192,9822,41041,47417],"class_list":["post-206174","post","type-post","status-publish","format-standard","has-post-thumbnail","category-celje","tag-andraz-sporar","tag-armandas-kucys","tag-celje","tag-kenan-bajric","tag-kvalifikacije-za-ligo-prvakov","tag-liga-prvakov","tag-nk-celje","tag-si","tag-slovan-bratislava","tag-slovene","tag-slovenia","tag-slovenija","tag-slovenscina","tag-svit-seslar","tag-vitor-campelos","tag-yaya-dukuly","tag-zan-luk-leban"],"share_on_mastodon":{"url":"https:\/\/pubeurope.com\/@si\/117168561623263373","error":""},"_links":{"self":[{"href":"https:\/\/www.europesays.com\/si\/wp-json\/wp\/v2\/posts\/206174","targetHints":{"allow":["GET"]}}],"collection":[{"href":"https:\/\/www.europesays.com\/si\/wp-json\/wp\/v2\/posts"}],"about":[{"href":"https:\/\/www.europesays.com\/si\/wp-json\/wp\/v2\/types\/post"}],"author":[{"embeddable":true,"href":"https:\/\/www.europesays.com\/si\/wp-json\/wp\/v2\/users\/2"}],"replies":[{"embeddable":true,"href":"https:\/\/www.europesays.com\/si\/wp-json\/wp\/v2\/comments?post=206174"}],"version-history":[{"count":0,"href":"https:\/\/www.europesays.com\/si\/wp-json\/wp\/v2\/posts\/206174\/revisions"}],"wp:featuredmedia":[{"embeddable":true,"href":"https:\/\/www.europesays.com\/si\/wp-json\/wp\/v2\/media\/206175"}],"wp:attachment":[{"href":"https:\/\/www.europesays.com\/si\/wp-json\/wp\/v2\/media?parent=206174"}],"wp:term":[{"taxonomy":"category","embeddable":true,"href":"https:\/\/www.europesays.com\/si\/wp-json\/wp\/v2\/categories?post=206174"},{"taxonomy":"post_tag","embeddable":true,"href":"https:\/\/www.europesays.com\/si\/wp-json\/wp\/v2\/tags?post=206174"}],"curies":[{"name":"wp","href":"https:\/\/api.w.org\/{rel}","templated":true}]}}