{"id":206202,"date":"2026-08-27T17:40:09","date_gmt":"2026-08-27T17:40:09","guid":{"rendered":"https:\/\/www.europesays.com\/si\/206202\/"},"modified":"2026-08-27T17:40:09","modified_gmt":"2026-08-27T17:40:09","slug":"po-poginu-dveh-psov-v-kranjski-gori-izdali-resno-opozorilo","status":"publish","type":"post","link":"https:\/\/www.europesays.com\/si\/206202\/","title":{"rendered":"Po poginu dveh psov v Kranjski Gori izdali resno opozorilo"},"content":{"rendered":"<p>V nadaljevanju preberite:<\/p>\n<p>V okolici jezera Jasna sta poginila dva psa.<br \/>\nObiskovalcem in \u017eivalim za\u010dasno odsvetujejo stik z vodo.<br \/>\nVzrok \u0161e ni znan, zato bodo opravili laboratorijske preiskave.<\/p>\n<p><a href=\"https:\/\/obcina.kranjska-gora.si\/objava\/1366745\" rel=\"nofollow noopener\" target=\"_blank\">Ob\u010dina Kranjska Gora<\/a> je bila obve\u0161\u010dena o poginu dveh psov v okolici <a href=\"https:\/\/www.zurnal24.si\/kljucne-besede\/jezero-jasna-110837\/articles\" rel=\"nofollow noopener\" target=\"_blank\">jezera Jasna<\/a>, so sporo\u010dili.\u00a0Trenutno \u0161e ni mogo\u010de potrditi niti izklju\u010diti povezave med poginom \u017eivali in stikom z vodo v jezeru.<\/p>\n<p>&#8220;Zaradi previdnostnega ravnanja in do zaklju\u010dka strokovnih preiskav obiskovalcem za\u010dasno odsvetujemo kopanje, pitje vode ter neposreden stik z vodo, obre\u017enimi oblogami, naplavinami in sedimentom. Prav tako prosimo, da psom in drugim \u017eivalim prepre\u010dite dostop do vode,&#8221; sporo\u010dajo iz ob\u010dine.\u00a0&#8220;Poudarjamo, da navedeni ukrepi ne pomenijo potrditve onesna\u017eenja ali vzro\u010dne povezave med kakovostjo vode in poginom \u017eivali, temve\u010d so izklju\u010dno preventivne narave,&#8221; dodajajo.<\/p>\n<p>V sodelovanju s pristojnimi slu\u017ebami (<a href=\"https:\/\/www.nlzoh.si\/\" rel=\"nofollow noopener\" target=\"_blank\">Nacionalni laboratorij za zdravje, okolje in hrano<\/a>) bodo izvedeni ustrezni odvzemi vzorcev vode, obre\u017enih oblog in sedimenta ter potrebne laboratorijske preiskave. O rezultatih preiskav in morebitnih nadaljnjih ukrepih bo javnost pravo\u010dasno obve\u0161\u010dena, obljubljajo.<\/p>\n<p><a href=\"https:\/\/www.zurnal24.si\/slovenija\/mailto:dezurni@styria-media.si\" rel=\"nofollow noopener\" target=\"_blank\">dezurni@styria-media.si<\/a><\/p>\n","protected":false},"excerpt":{"rendered":"V nadaljevanju preberite: V okolici jezera Jasna sta poginila dva psa. Obiskovalcem in \u017eivalim za\u010dasno odsvetujejo stik z&hellip;\n","protected":false},"author":2,"featured_media":206203,"comment_status":"","ping_status":"","sticky":false,"template":"","format":"standard","meta":{"footnotes":"","_share_on_mastodon":"0"},"categories":[6],"tags":[50754,2929,45961,47728,50756,45962,755,1231,50755,1019,59,61,62,37,58,60,38,31231,3794],"class_list":["post-206202","post","type-post","status-publish","format-standard","has-post-thumbnail","category-slovenija","tag-jezero-jasna","tag-kranjska-gora","tag-nacionalni-laboratorij-za-zdravje","tag-nlzoh","tag-obcina-kranjska-gora","tag-okolje-in-hrano","tag-opozorilo","tag-pes","tag-pogin","tag-psi","tag-republic-of-slovenia","tag-republika-slovenija","tag-si","tag-slovene","tag-slovenia","tag-slovenija","tag-slovenscina","tag-vzorcenje","tag-zivali"],"share_on_mastodon":{"url":"https:\/\/pubeurope.com\/@si\/117168703245915249","error":""},"_links":{"self":[{"href":"https:\/\/www.europesays.com\/si\/wp-json\/wp\/v2\/posts\/206202","targetHints":{"allow":["GET"]}}],"collection":[{"href":"https:\/\/www.europesays.com\/si\/wp-json\/wp\/v2\/posts"}],"about":[{"href":"https:\/\/www.europesays.com\/si\/wp-json\/wp\/v2\/types\/post"}],"author":[{"embeddable":true,"href":"https:\/\/www.europesays.com\/si\/wp-json\/wp\/v2\/users\/2"}],"replies":[{"embeddable":true,"href":"https:\/\/www.europesays.com\/si\/wp-json\/wp\/v2\/comments?post=206202"}],"version-history":[{"count":0,"href":"https:\/\/www.europesays.com\/si\/wp-json\/wp\/v2\/posts\/206202\/revisions"}],"wp:featuredmedia":[{"embeddable":true,"href":"https:\/\/www.europesays.com\/si\/wp-json\/wp\/v2\/media\/206203"}],"wp:attachment":[{"href":"https:\/\/www.europesays.com\/si\/wp-json\/wp\/v2\/media?parent=206202"}],"wp:term":[{"taxonomy":"category","embeddable":true,"href":"https:\/\/www.europesays.com\/si\/wp-json\/wp\/v2\/categories?post=206202"},{"taxonomy":"post_tag","embeddable":true,"href":"https:\/\/www.europesays.com\/si\/wp-json\/wp\/v2\/tags?post=206202"}],"curies":[{"name":"wp","href":"https:\/\/api.w.org\/{rel}","templated":true}]}}