{"id":206210,"date":"2026-08-27T17:50:15","date_gmt":"2026-08-27T17:50:15","guid":{"rendered":"https:\/\/www.europesays.com\/si\/206210\/"},"modified":"2026-08-27T17:50:15","modified_gmt":"2026-08-27T17:50:15","slug":"kdo-bo-poskrbel-za-nujno-veterinarsko-pomoc","status":"publish","type":"post","link":"https:\/\/www.europesays.com\/si\/206210\/","title":{"rendered":"Kdo bo poskrbel za nujno veterinarsko pomo\u010d?"},"content":{"rendered":"<p>\t\t\t\t\t\t\t\t<a href=\"https:\/\/www.europesays.com\/si\/wp-content\/uploads\/2026\/08\/66152390.jpg\" itemprop=\"contentUrl\" data-size=\"1200x800\" data-large=\"https:\/\/www.europesays.com\/si\/wp-content\/uploads\/2026\/08\/66152390.jpg\"><br \/>\n\t\t\t\t\t\t\t\t\t<img decoding=\"async\" src=\"https:\/\/www.europesays.com\/si\/wp-content\/uploads\/2026\/08\/66152390.jpg\" title=\"Foto: EPA\" alt=\"Foto: EPA\"\/><br \/>\n\t\t\t\t\t\t\t\t<\/a><\/p>\n<p>\t\t\t\t\t\t\t\t\tFoto: EPA<\/p>\n<p>\t\t\t\t\t\t\t<a id=\"preferredSourceBanner\" href=\"https:\/\/www.rtvslo.si\/lokalne-novice\/primorje\/kdo-bo-poskrbel-za-nujno-veterinarsko-pomoc\/javascript:void(0)\" target=\"_blank\" class=\"d-none align-items-center justify-content-between rounded my-3\" style=\"padding: 10px 15px;\" rel=\"nofollow noopener\"><br \/>\n\t\t\t\t\t\t<img decoding=\"async\" src=\"https:\/\/img.rtvslo.si\/_static\/novi\/img\/ico-google.svg\" class=\"flex-shrink-0 mr-3\" aria-hidden=\"true\"\/><br \/>\n\t\t\t\t\t\tSpremljajte RTVSLO.si kot prednostni vir na Google<\/p>\n<p>\t\t\t\t\t<\/a><\/p>\n<p>Zasebni veterinarji v Izoli, Kopru, Portoro\u017eu, Ankaranu, v Hrpeljah in Ilirski Bistrici so se samoiniciativno povezali \u017ee pred dvema letoma in vzpostavili mre\u017eo, ki nujno de\u017eurno veterinarsko pomo\u010d na tem obmo\u010dju zagotavlja vse dni v letu, 24 ur na dan. Predstavnica primorskih veterinarskih ambulant Lara Kralj: &#8220;Veterinarji se dobimo dvakrat letno na sestanku in si de\u017eurstvo nekako porazdelimo tako, da je pravi\u010dno glede na \u0161tevilo zaposlenih in seveda tistih veterinarjev, ki lahko de\u017eurajo.&#8221;<\/p>\n<p>Oglas<\/p>\n<p>Morda mora kdaj lastnik svojega psa ali ma\u010dko na nujni pregled odpeljati dlje, a brez veterinarske oskrbe zunaj delovnega \u010dasa ne ostane nih\u010de. Gre za neke vrste unikum v Sloveniji, poudarja Lara Kralj, ki bi lahko bil zgled drugim in obenem dobra sistemska re\u0161itev vzpostavitve nujne veterinarske pomo\u010di: &#8220;Mislim, da je za Slovenijo edina re\u0161itev ta, ki jo imamo na Primorskem. Vem, da nekateri govorijo o raznih centrih, ampak te\u017eko bodo ti centri po Sloveniji pre\u017eiveli, ker vem, kaj to prinese s seboj. Tako center lahko \u017eivi le v Ljubljani. Ne verjamem pa, da jih je lahko pet, da pokrijejo celo Slovenijo, ker smo premajhni. Jaz vidim edino re\u0161itev v mre\u017ei, kakr\u0161no imamo mi.&#8221;<\/p>\n<p>Za zdaj, glede na predloge sprememb zakonodaje, ne ka\u017ee, da bi zakonodajalec sledil uspe\u0161ni praksi primorskih veterinarjev.<\/p>\n<p>O organizaciji veterinarjev, \u010dipiranju ma\u010dk ter poletno-jesenskih nadlogah, ki pestijo hi\u0161ne ljubljen\u010dke, v oddaji Radio Koper na spodnji povezavi.<\/p>\n<p>\t\t\t\t\t\t\t\t\tNa Ju\u017enem Primorskem deluje mre\u017ea de\u017eurnih veterinarjev<\/p>\n<p>Oglas<\/p>\n","protected":false},"excerpt":{"rendered":"Foto: EPA Spremljajte RTVSLO.si kot prednostni vir na Google Zasebni veterinarji v Izoli, Kopru, Portoro\u017eu, Ankaranu, v Hrpeljah&hellip;\n","protected":false},"author":2,"featured_media":206211,"comment_status":"","ping_status":"","sticky":false,"template":"","format":"standard","meta":{"footnotes":"","_share_on_mastodon":"0"},"categories":[25],"tags":[22991,161,5215,2584,62,37,58,60,38,26951,50757],"class_list":["post-206210","post","type-post","status-publish","format-standard","has-post-thumbnail","category-koper","tag-dezurstvo","tag-koper","tag-macke","tag-primorska","tag-si","tag-slovene","tag-slovenia","tag-slovenija","tag-slovenscina","tag-veterinarji","tag-veterinarska-pomoc"],"share_on_mastodon":{"url":"https:\/\/pubeurope.com\/@si\/117168742489216524","error":""},"_links":{"self":[{"href":"https:\/\/www.europesays.com\/si\/wp-json\/wp\/v2\/posts\/206210","targetHints":{"allow":["GET"]}}],"collection":[{"href":"https:\/\/www.europesays.com\/si\/wp-json\/wp\/v2\/posts"}],"about":[{"href":"https:\/\/www.europesays.com\/si\/wp-json\/wp\/v2\/types\/post"}],"author":[{"embeddable":true,"href":"https:\/\/www.europesays.com\/si\/wp-json\/wp\/v2\/users\/2"}],"replies":[{"embeddable":true,"href":"https:\/\/www.europesays.com\/si\/wp-json\/wp\/v2\/comments?post=206210"}],"version-history":[{"count":0,"href":"https:\/\/www.europesays.com\/si\/wp-json\/wp\/v2\/posts\/206210\/revisions"}],"wp:featuredmedia":[{"embeddable":true,"href":"https:\/\/www.europesays.com\/si\/wp-json\/wp\/v2\/media\/206211"}],"wp:attachment":[{"href":"https:\/\/www.europesays.com\/si\/wp-json\/wp\/v2\/media?parent=206210"}],"wp:term":[{"taxonomy":"category","embeddable":true,"href":"https:\/\/www.europesays.com\/si\/wp-json\/wp\/v2\/categories?post=206210"},{"taxonomy":"post_tag","embeddable":true,"href":"https:\/\/www.europesays.com\/si\/wp-json\/wp\/v2\/tags?post=206210"}],"curies":[{"name":"wp","href":"https:\/\/api.w.org\/{rel}","templated":true}]}}