{"id":206274,"date":"2026-08-27T19:16:08","date_gmt":"2026-08-27T19:16:08","guid":{"rendered":"https:\/\/www.europesays.com\/si\/206274\/"},"modified":"2026-08-27T19:16:08","modified_gmt":"2026-08-27T19:16:08","slug":"poslastica-v-ligi-prvakov-sesko-z-unitedom-proti-oblakovem-atleticu","status":"publish","type":"post","link":"https:\/\/www.europesays.com\/si\/206274\/","title":{"rendered":"Poslastica v ligi prvakov: \u0160e\u0161ko z Unitedom proti Oblakovem Atleticu"},"content":{"rendered":"<p>V Monaku so opravili \u017ereb parov liga\u0161kega dela nogometne lige prvakov. Od slovenskih nogometa\u0161ev sta tekmece med drugim dobila tudi Benjamin \u0160e\u0161ko z Manchester Unitedom in Jan Oblak pri Atleticu. Prav omenjena kluba se bosta v liga\u0161kem delu pomerila v Madridu. V ligi prvakov bodo igrali \u0161e klubi \u0161tirih slovenskih nogometa\u0161ev.<\/p>\n<p>V ligi prvakov bo to sezono nastopalo \u0161est Slovencev. Ob \u0160e\u0161ku in Oblaku bodo to \u0161e Danijel \u0160turm s Slavijo Prago, Tian Nai Koren s Club Bruggem ter Andra\u017e \u0160porar in Kenan Bajri\u0107 s Slovanom iz Bratislave.<\/p>\n<p>Prav slova\u0161ka zasedba je v sredo kon\u010dala upe Celja na prvi nastop v ligi prvakov. Oblak bo sku\u0161al \u0161e izbolj\u0161ati statistiko po 106 dosedanjih nastopih na tekmah med elito. Njegov klub se bo v 13. zaporednem nastopu v ligi prvakov doma meril z Manchester Unitedom, Bayernom iz M\u00fcnchna ter Fenerbah\u010dejem in Vikingom, v gosteh pa bo odigral tekme proti Liverpoolu, PSV Eindhovnu, Stuttgartu in Bod\u00f6\/Glimtu.<\/p>\n<p>Atletico je v finalu lige prvakov v modernej\u0161i dobi igral v sezonah 2013\/14 in 2015\/16, a obakrat ostal praznih rok proti Realu iz Madrida. V finalu je izgubil \u0161e leta 1974. United se bo s \u0160e\u0161kom, ki je s Salzburgom in Leipzigom doslej v ligi prvakov zbral \u0161est golov na 28 tekmah, doma meril proti Bayernu, Romi, nekdanjemu klubu Leipzigu ter Sabahu, v gosteh pa kot omenjeno proti Atleticu, Sportingu, Villarrealu in Comu.<\/p>\n<p><img decoding=\"async\" alt=\"Jan Oblak | Foto: Guliverimage\" class=\"article_content__inline_image js_imageLightbox is-clickable\" data-author=\"Guliverimage\" data-caption=\"Jan Oblak\" data-height=\"3205\" data-href=\"https:\/\/siol.net\/media\/img\/0d\/2f\/d3626528c748eb2ec8dd-jan-oblak-atletico-madrid.jpeg\" data-width=\"4569\" loading=\"lazy\" src=\"\/media\/img\/6d\/b5\/21828bc4beaa42cef31b-jan-oblak-atletico-madrid.jpeg\" title=\"Jan Oblak Atletico Madrid\"\/><\/p>\n<p> Jan Oblak<br \/>\n Foto: Guliverimage <\/p>\n<p>Rde\u010di vragi so zadnjega od skupno treh naslovov v ligi prvakov osvojili v sezoni 2007\/08. \u0160porar in \u0160turm bosta s Slovanom igrala proti Interju, Betisu, \u0160ahtarju in Stuttgartu (vse doma) ter proti PSG, Romi, Lillu in LASK Linzu (v gosteh).\u00a0\u0160porar, ki se je vrnil v slova\u0161ko prestolnico, je doslej v ligi prvakov igral na \u0161tirih tekmah. Zbral jih je v dresu Basla pred desetimi leti, medtem ko je Bajri\u0107kot dolgoletni \u010dlan Slovana \u017ee odigral osem tekem v zadnjih sezonah.<\/p>\n<p>Sedemnajstletni Koren bo na prvo prilo\u017enost v \u010dlanski zasedbi Bruggea med elito \u010dakal na tekmah proti Liverpoolu, Aston Villi, Bod\u00f6\/Glimtu in Lensu (vse doma) ter proti Interju, PSV, Napoliju in Stuttgartu (vse v gosteh). Debitant v ligi prvakov bo \u0161e Danijel \u0160turm s Slavijo. Ta bo doma igrala proti Arsenalu, Aston Villi, Villarrealu in Lensu, v gosteh pa proti Bayernu, Portu, Fenerbah\u010deju in debitantu Sabahu.<\/p>\n<p>Naslov bo \u0161e drugo sezono zapovrstjo branil PSG. Ta je v prej\u0161njem tekmovalnem obdobju v Budimpe\u0161ti v finalu ugnal Arsenal po streljanju enajstmetrovk. Branilec naslova bo v liga\u0161kem delu igral doma proti Barceloni, Romi, Galatasarayu in Slovanu Bratislavi, v gosteh pa proti Cityju, Aston Villi, Villarrealu in Comu.<\/p>\n<p>Rekorderji po naslovih v ligi prvakov, nogometa\u0161i Reala iz Madrida, se bodo iz bobna najuglednej\u0161ih klubov merili proti Interju in Arsenalu, Barcelona bo iz prvega bobna igrala proti Manchester Cityju in PSG. Medtem bosta Liverpoolova tekmeca denimo Atletico in Inter. Bayern se bo udaril \u0161e proti Arsenalu in Atleticu, Inter pa proti Realu.<\/p>\n<p>Na odru dvorane v kne\u017eevini je, kot veleva tradicija, predsedni\u0161ko nagrado podelil prvi mo\u017e Uefe Aleksander \u010ceferin. Izro\u010dil jo je nekdanjemu francoskemu zvezdniku Thierryju Henryju. Predsedni\u0161ka nagrada vse od leta 1998 priznava izjemne dose\u017eke, odli\u010dnost in zgledne osebne lastnosti. Obi\u010dajno jo vsako leto podelijo nogometni osebnosti, za katero velja, da je prispevala k razvoju in uspehu igre.<\/p>\n<p>Bobni za \u017ereb lige prvakov:<\/p>\n<p>Prvi boben: PSG (Fra) Bayern M\u00fcnchen (Nem), Real Madrid (\u0160pa), Liverpool (Ang), Inter (Ita), Manchester City (Ang), Arsenal (Ang), Barcelona (\u0160pa), Atletico Madrid (\u0160pa)<\/p>\n<p>Drugi boben: Borussia Dortmund (Nem), Roma (Ita), Sporting (Por), Aston Villa (Ang), Porto (Por), Manchester United (Ang), Club Brugge (Bel), Real Betis (\u0160pa), PSV (Niz)<\/p>\n<p>Tretji boben: Feyenoord (Niz), Lille (Fra), Bod\u00f8\/Glimt (Nor), Napoli (Ita), RB Leipzig (Nem), Villarreal (\u0160pa), Fenerbah\u010de (Tur), \u0160akhtar Donetsk (Ukr), Galatasaray (Tur)<\/p>\n<p>\u010cetrti boben: Slavia Praga (\u010ce\u0161), Slovan Bratislava (Svk), Stuttgart (Nem), AEK Atene (Gr\u010d), LASK (Avt), Como (Ita), Lens (Fra), Viking (Nor), Sabah (Aze)<\/p>\n<p>\u0160estintrideset ekip, ki so se uvrstile v ligo prvakov, je bilo glede na rezultate v tekmovanjih Uefe v zadnjih petih letih razvr\u0161\u010denih v \u0161tiri skupine. Vsaka ekipa se bo po opravljenem\u00a0\u017erebu pomerila z dvema ekipama iz vsakega bobna, eno od teh tekem bo odigrala doma in eno v gosteh.<\/p>\n<p>Osem najbolj\u0161ih ekip iz liga\u0161kega dela se bo samodejno uvrstilo v osmino finala, tiste, ki bodo kon\u010dale med devetim in \u0161tiriindvajsetim mestom, pa se bodo pomerile v dodatnih bojih za uvrstitev v osmino finala. Prve tekme bodo odigrane med 8. in 10. septembrom. Finale bo 5. junija 2027 na stadionu Metropolitano v Madridu.\u00a0<\/p>\n<p>Datumi in razpored tekem lige prvakov<\/p>\n<p>1. krog: 8.\u201310. september<br \/>2. krog: 13.\/14. oktober<br \/>3. krog: 20.\/21. oktober<br \/>4. krog: 3.\/4. november<br \/>5. krog: 24.\/25. november<br \/>6. krog: 8.\/9. december<br \/>7. krog: 19.\/20. januar<br \/>8. krog: 27. januar<\/p>\n<p>Dodatni boji za osmino finala: 16.\/17. in 23.\/24. februar<br \/>Osmina finala: 9.\/10. in 16.\/17. marec<br \/>\u010cetrtfinale : 6.\/7. in 13.\/14. april<br \/>Polfinale : 27.\/28. april in 4.\/5. maj<br \/>Finale: 5. junij<\/p>\n<p>Preberite \u0161e:<\/p>\n","protected":false},"excerpt":{"rendered":"V Monaku so opravili \u017ereb parov liga\u0161kega dela nogometne lige prvakov. Od slovenskih nogometa\u0161ev sta tekmece med drugim&hellip;\n","protected":false},"author":2,"featured_media":206275,"comment_status":"","ping_status":"","sticky":false,"template":"","format":"standard","meta":{"footnotes":"","_share_on_mastodon":"0"},"categories":[16],"tags":[5614,100,900,898,42,901,18045,1372,106,101,102,3457,899,62,44361,37,58,60,38,94,93,2893],"class_list":["post-206274","post","type-post","status-publish","format-standard","has-post-thumbnail","category-sport","tag-andraz-sporar","tag-arsenal","tag-atletico-madrid","tag-barcelona","tag-inter","tag-jan-oblak","tag-kenan-bajric","tag-liga-prvakov","tag-liverpool","tag-manchester-city","tag-manchester-united","tag-psg","tag-real-madrid","tag-si","tag-slovan-bratislava","tag-slovene","tag-slovenia","tag-slovenija","tag-slovenscina","tag-sport","tag-sports","tag-uefa-liga-prvakov"],"share_on_mastodon":{"url":"https:\/\/pubeurope.com\/@si\/117169080626165517","error":""},"_links":{"self":[{"href":"https:\/\/www.europesays.com\/si\/wp-json\/wp\/v2\/posts\/206274","targetHints":{"allow":["GET"]}}],"collection":[{"href":"https:\/\/www.europesays.com\/si\/wp-json\/wp\/v2\/posts"}],"about":[{"href":"https:\/\/www.europesays.com\/si\/wp-json\/wp\/v2\/types\/post"}],"author":[{"embeddable":true,"href":"https:\/\/www.europesays.com\/si\/wp-json\/wp\/v2\/users\/2"}],"replies":[{"embeddable":true,"href":"https:\/\/www.europesays.com\/si\/wp-json\/wp\/v2\/comments?post=206274"}],"version-history":[{"count":0,"href":"https:\/\/www.europesays.com\/si\/wp-json\/wp\/v2\/posts\/206274\/revisions"}],"wp:featuredmedia":[{"embeddable":true,"href":"https:\/\/www.europesays.com\/si\/wp-json\/wp\/v2\/media\/206275"}],"wp:attachment":[{"href":"https:\/\/www.europesays.com\/si\/wp-json\/wp\/v2\/media?parent=206274"}],"wp:term":[{"taxonomy":"category","embeddable":true,"href":"https:\/\/www.europesays.com\/si\/wp-json\/wp\/v2\/categories?post=206274"},{"taxonomy":"post_tag","embeddable":true,"href":"https:\/\/www.europesays.com\/si\/wp-json\/wp\/v2\/tags?post=206274"}],"curies":[{"name":"wp","href":"https:\/\/api.w.org\/{rel}","templated":true}]}}