{"id":206302,"date":"2026-08-27T19:52:14","date_gmt":"2026-08-27T19:52:14","guid":{"rendered":"https:\/\/www.europesays.com\/si\/206302\/"},"modified":"2026-08-27T19:52:14","modified_gmt":"2026-08-27T19:52:14","slug":"slovenke-ze-v-osmini-finala-in-v-dobrem-polozaju-za-3-mesto-v-skupini-a","status":"publish","type":"post","link":"https:\/\/www.europesays.com\/si\/206302\/","title":{"rendered":"Slovenke \u017ee v osmini finala in v dobrem polo\u017eaju za 3. mesto v skupini A"},"content":{"rendered":"<p>\t\t\t\t\t\t\t\t<a href=\"https:\/\/www.europesays.com\/si\/wp-content\/uploads\/2026\/08\/67083639.jpg\" itemprop=\"contentUrl\" data-size=\"1200x800\" data-large=\"https:\/\/www.europesays.com\/si\/wp-content\/uploads\/2026\/08\/67083639.jpg\"><br \/>\n\t\t\t\t\t\t\t\t\t<img decoding=\"async\" src=\"https:\/\/www.europesays.com\/si\/wp-content\/uploads\/2026\/08\/67083639.jpg\" title=\"Slovenija je izpolnila prvi cilj, uvrstitev med 16 najbolj\u0161ih. Foto: CEV\" alt=\"Slovenija je izpolnila prvi cilj, uvrstitev med 16 najbolj\u0161ih. Foto: CEV\"\/><br \/>\n\t\t\t\t\t\t\t\t<\/a><\/p>\n<p>\t\t\t\t\t\t\t\t\tSlovenija je izpolnila prvi cilj, uvrstitev med 16 najbolj\u0161ih. Foto: CEV<\/p>\n<p>\t\t\t\t\t\t\t<a id=\"preferredSourceBanner\" href=\"https:\/\/www.rtvslo.si\/sport\/odbojka\/evropsko-prvenstvo-v-odbojki\/slovenke-ze-v-osmini-finala-in-v-dobrem-polozaju-za-3-mesto-v-skupini-a\/javascript:void(0)\" target=\"_blank\" class=\"d-none align-items-center justify-content-between rounded my-3\" style=\"padding: 10px 15px;\" rel=\"nofollow noopener\"><br \/>\n\t\t\t\t\t\t<img decoding=\"async\" src=\"https:\/\/img.rtvslo.si\/_static\/novi\/img\/ico-google.svg\" class=\"flex-shrink-0 mr-3\" aria-hidden=\"true\"\/><br \/>\n\t\t\t\t\t\tSpremljajte RTVSLO.si kot prednostni vir na Google<\/p>\n<p>\t\t\t\t\t<\/a><\/p>\n<p>Latvija je danes na svoji zadnji tekmi prvenstva s 3:2 premagala Mad\u017earsko, ki nima ve\u010d mo\u017enosti za preboj v izlo\u010dilne boje. Slovenija bo v petek ob 15. uri (prenos na TV Slovenija 2) igrala prav z Mad\u017earsko in bi z zmago predtekmovanje kon\u010dala na 3. mestu, pred Nem\u010dijo. Dovolj bi bila \u017ee to\u010dka, torej poraz s 3:2.<\/p>\n<p>Oglas<\/p>\n<p>\u010ceprav Mad\u017earke, ki jih vodi nekdanji slovenski selektor Alessandro Chiappini, na leto\u0161njem EP-ju \u0161e niso zmagale, v slovenskem taboru poudarjajo, da jih \u010daka tekma, ki bo zahtevala enako mero zbranosti in odlo\u010dnosti kot vsi prej\u0161nji obra\u010duni. Slovenski selektor Alessandro Orefice: &#8220;Mad\u017earska je ekipa z veliko individualne kakovosti. Njihova korektorica Nemeth igra v Italiji na zelo visoki ravni. So ekipa, ki se na igri\u0161\u010du veliko bori, s sprejemalkami, ki sicer igrajo v mad\u017earskem prvenstvu. V te\u017eave pa jih lahko spravimo z na\u0161im servisom.&#8221; <\/p>\n<p>V osmini finala bo (v ponedeljek ali torek) tretjeuvr\u0161\u010dena ekipa iz skupine A igrala proti drugouvr\u0161\u010deni ekipi iz skupine C, to bo ali Nizozemska ali Belgija.<\/p>\n<p>EP V ODBOJKI (\u017d), skupina A:<br \/>POLJSKA &#8211; NEM\u010cIJA 3:0 (19, 23, 24)<br \/>LATVIJA &#8211; MAD\u017dARSKA 3:2 (22, -18, -21, 31, 13)<\/p>\n<p>Petek ob 15.00: <br \/>SLOVENIJA &#8211; MAD\u017dARSKA<\/p>\n<p>Ob 18.00: <br \/>TUR\u010cIJA &#8211; POLJSKA<\/p>\n<p>Lestvica:<br \/>\nPOLJSKA                4  4 0 12:1 12<br \/>\nTUR\u010cIJA                4  4 0 12:2 12<br \/>\nNEM\u010cIJA                5  2 3  7:10 6<br \/>\nSLOVENIJA              4  2 2  7:8  5<br \/>\n&#8212;&#8212;&#8212;&#8212;&#8212;&#8212;&#8212;&#8212;&#8212;&#8212;&#8212;&#8212;&#8211;<br \/>\nLATVIJA                5  1 4  7:14 3<br \/>\nMAD\u017dARSKA              4  0 4  2:12 1 <\/p>\n<p>Oglas<\/p>\n","protected":false},"excerpt":{"rendered":"Slovenija je izpolnila prvi cilj, uvrstitev med 16 najbolj\u0161ih. Foto: CEV Spremljajte RTVSLO.si kot prednostni vir na Google&hellip;\n","protected":false},"author":2,"featured_media":206303,"comment_status":"","ping_status":"","sticky":false,"template":"","format":"standard","meta":{"footnotes":"","_share_on_mastodon":"0"},"categories":[16],"tags":[7142,146,3692,62,37,58,60,38,18890,94,93],"class_list":["post-206302","post","type-post","status-publish","format-standard","has-post-thumbnail","category-sport","tag-evropsko-prvenstvo","tag-odbojka","tag-osmina-finala","tag-si","tag-slovene","tag-slovenia","tag-slovenija","tag-slovenscina","tag-slovenska-reprezentanca","tag-sport","tag-sports"],"share_on_mastodon":{"url":"https:\/\/pubeurope.com\/@si\/117169222291646631","error":""},"_links":{"self":[{"href":"https:\/\/www.europesays.com\/si\/wp-json\/wp\/v2\/posts\/206302","targetHints":{"allow":["GET"]}}],"collection":[{"href":"https:\/\/www.europesays.com\/si\/wp-json\/wp\/v2\/posts"}],"about":[{"href":"https:\/\/www.europesays.com\/si\/wp-json\/wp\/v2\/types\/post"}],"author":[{"embeddable":true,"href":"https:\/\/www.europesays.com\/si\/wp-json\/wp\/v2\/users\/2"}],"replies":[{"embeddable":true,"href":"https:\/\/www.europesays.com\/si\/wp-json\/wp\/v2\/comments?post=206302"}],"version-history":[{"count":0,"href":"https:\/\/www.europesays.com\/si\/wp-json\/wp\/v2\/posts\/206302\/revisions"}],"wp:featuredmedia":[{"embeddable":true,"href":"https:\/\/www.europesays.com\/si\/wp-json\/wp\/v2\/media\/206303"}],"wp:attachment":[{"href":"https:\/\/www.europesays.com\/si\/wp-json\/wp\/v2\/media?parent=206302"}],"wp:term":[{"taxonomy":"category","embeddable":true,"href":"https:\/\/www.europesays.com\/si\/wp-json\/wp\/v2\/categories?post=206302"},{"taxonomy":"post_tag","embeddable":true,"href":"https:\/\/www.europesays.com\/si\/wp-json\/wp\/v2\/tags?post=206302"}],"curies":[{"name":"wp","href":"https:\/\/api.w.org\/{rel}","templated":true}]}}