{"id":206382,"date":"2026-08-27T21:22:15","date_gmt":"2026-08-27T21:22:15","guid":{"rendered":"https:\/\/www.europesays.com\/si\/206382\/"},"modified":"2026-08-27T21:22:15","modified_gmt":"2026-08-27T21:22:15","slug":"slovenke-po-zmagi-latvijk-potrdile-izlocilne-boje-v-petek-za-tretje-mesto","status":"publish","type":"post","link":"https:\/\/www.europesays.com\/si\/206382\/","title":{"rendered":"Slovenke po zmagi Latvijk potrdile izlo\u010dilne boje, v petek za tretje mesto"},"content":{"rendered":"<p>Slovenska \u017eenska odbojkarska reprezentanca se pripravlja na zadnjo tekmo skupinskega dela evropskega prvenstva, ki jo bo odigrala v petek ob 15. uri proti Mad\u017earkam. Te so danes po hudem boju izgubile proti odpisani Latviji (2:3) in zapravile \u0161e zadnje mo\u017enosti za napredovanje. Latvijska zmaga pomeni, da so Slovenke najmanj \u010detrte v skupini in tako \u017ee v osmini finala, ob ugodnem petkovem izidu (tudi poraz z 2:3) pa lahko na tretjem mestu prehitijo Nemke, ki so danes izgubile proti Poljski. Ta bo v petek s Turkinjami obra\u010dunala za prvo mesto v skupini A. So si pa prvo mesto v skupini C, s katero se kri\u017ea slovenska, z zmago nad Nizozemsko zagotovile Belgijke. Za drugo mesto v tej se bosta v petek pomerili Nizozemska in Azerbajd\u017ean.<\/p>\n<p>Slovenske odbojkarice so po uvodni zmagi nad Nem\u010dijo (3:0) izgubile proti\u00a0Tur\u010diji\u00a0(1:3) in Poljski\u00a0(0:3), v sredo pa so po preobratu in petih setih dosegle pomembno\u00a0drugo\u00a0zmago na tekmi z Latvijo. Danes imajo tekme prost dan, v petek ob 15. uri pa jih \u010daka zadnja tekma skupinskega dela, na kateri bodo tretjo zmago lovile proti Mad\u017earkam.<\/p>\n<p>Te so danes po hudem boju in treh urah z 2:3 izgubile proti\u00a0Latviji, ki\u00a0\u017ee pred dvobojem ni\u00a0imela\u00a0ve\u010d mo\u017enosti za napredovanje v osmino finala, Mad\u017earke pa so potrebovale zmago, a je niso do\u010dakale.\u00a0<\/p>\n<p>Slovenkam tako tudi petkov poraz proti Mad\u017earkam zagotavlja, da na\u00a0tretjem mestu prehitijo Nem\u010dijo. Ta je\u00a0zgodaj popoldne z 0:3 priznala premo\u010d\u00a0Poljakinjam, ki\u00a0so trenutno na prvem mestu skupine A. Ali bodo tam tudi ostale, bo jasno jutri po\u00a0tekmi z branilkami naslova Turkinjami.<\/p>\n<p><img decoding=\"async\" alt=\"Belgijke so premagale Nizozemke in skupinski del kon\u010dale na prvem mestu. | Foto: CEV\" class=\"article_content__inline_image js_imageLightbox is-clickable\" data-author=\"CEV\" data-caption=\"Belgijke so premagale Nizozemke in skupinski del kon\u010dale na prvem mestu.\" data-height=\"890\" data-href=\"https:\/\/siol.net\/media\/images\/2026-34\/142528-6ml2805-copy.jpg\" data-width=\"1280\" loading=\"lazy\" src=\"\/media\/img\/ae\/fa\/ba5792952509ab4355e2-belgija-nizozemska-evropsko-prvenstvo.jpeg\" title=\"Belgija : Nizozemska, evropsko prvenstvo\"\/><\/p>\n<p> Belgijke so premagale Nizozemke in skupinski del kon\u010dale na prvem mestu.<br \/>\n Foto: CEV <\/p>\n<p>Belgijke, Srbkinje in Italijanke napredovale brez poraza<\/p>\n<p>Zanimivo je bilo tudi v skupini C, s katero se v izlo\u010dilnih bojih kri\u017ea slovenska skupina. Belgijke so pri\u0161le \u0161e do pete zmage, s 3:2 so premagale\u00a0Nizozemke, kar pomeni, da bodo skupinski del kon\u010dale na prvem mestu. O drugem bodo na petkovem medsebojnem obra\u010dunu odlo\u010dale Nizozemke in Azerbajd\u017eanke.<\/p>\n<p>So pa danes odigrali \u0161e zadnje obra\u010dune v skupinah B in D. Srbkinje so vlogo favoritinj potrdile proti Ukrajinkam in napredovale brez poraza, v osmini finala jih \u010daka tekma s Hrva\u0161ko, ki je za konec s 3:2 strla odpor \u010crne gore.<\/p>\n<p>Brez poraza so \u017ee v\u010deraj napredovale Italijanke, za \u010detrtfinale se bodo merile z Bolgarkami. Francijo za napredovanje v \u010detrtfinale \u010dakajo Grkinje, \u010cehinje pa se bodo merile s \u0160vedinjami.\u00a0<\/p>\n<p>Osmina finala se bo za\u010dela v nedeljo, kon\u010dala pa v torek.<\/p>\n<p>\u017de znani pari osmine finala*\u00a0<\/p>\n<p>Italija \u2013 Bolgarija<br \/>Francija \u2013 Gr\u010dija<br \/>\u010ce\u0161ka \u2013 \u0160vedska\u00a0<br \/>Srbija \u2013 Hrva\u0161ka<\/p>\n<p>Napredovanje so si iz skupine A zagotovile Poljska, Tur\u010dija, Nem\u010dija in Slovenija, iz skupine C pa Belgija, Nizozemska, Azerbajd\u017ean in Portugalska.<\/p>\n<p>*Tekme osmine finala bodo med 30. avgustom in 1. septembrom.<br \/>\u00a0<\/p>\n<p>\nEvropsko prvenstvo, sedmi dan<br \/>\n\u010cetrtek, 27. avgust<\/p>\n<p>Napredujejo prve \u0161tiri reprezentance skupine<\/p>\n<p>Leto\u0161nje evropsko prvenstvo gostijo Tur\u010dija (Istanbul), \u010ce\u0161ka (Brno), Azerbajd\u017ean (Baku) in \u0160vedska (G\u00f6teborg).\u00a0V vsaki\u00a0od \u0161tirih skupin je \u0161est reprezentanc, ki na predtekmovanju odigrajo po pet tekem. V\u00a0izlo\u010dilne boje napredujejo prve \u0161tiri reprezentance vsake skupine. Prva iz slovenske skupine se bo v osmini finala merila s \u010detrto iz skupine C, druga s tretjo iz skupine C &#8230;<\/p>\n<p>Lestvice:<\/p>\n<p>\u00a0<\/p>\n<p>Reprezentanca Slovenije:<\/p>\n<p>Podajalki: Eva Pavlovi\u0107 Mori, \u017dana Ivana Halu\u017ean Sagadin<br \/>Srednje blokerke: Sa\u0161a Planin\u0161ec, Nika Milo\u0161i\u010d, Mirta Velikonja Grbac, Pia Cviji\u0107<br \/>Sprejemalke: Lorena Lorber Fijok, Fatoumatta Sillah, \u017dana Godec, Iza Koren<br \/>Korektorici: Ma\u0161a Pucelj, Polona Frelih<br \/>Prosti igralki: Zoja Donko, Tara Filipi\u010d<\/p>\n<p>Selektor: Alessandro Orefice<\/p>\n<p>Spored tekem v skupinskem delu slovenske reprezentance<\/p>\n<p>Sobota, 22. avgusta<br \/>Nem\u010dija : Slovenija 0:3 (\u201322, \u201321, \u201320)<\/p>\n<p>Nedelja, 23. avgusta<br \/>Slovenija :\u00a0Tur\u010dija 1:3 (\u201321, 22, \u201317, \u201316)<\/p>\n<p>Torek, 25. avgusta<br \/>Poljska : Slovenija\u00a03:0 (14, 26, 18)<\/p>\n<p>Sreda, 26. avgusta<br \/>Slovenija : Latvija 3:2 (\u201323, \u201319, 15, 13, 12)<\/p>\n<p>Petek, 28. avgusta<br \/>15.00 Slovenija \u2013\u00a0Mad\u017earska<\/p>\n<p>Skupine na EP:<\/p>\n<p>Skupina A, Istanbul (Tur\u010dija): Tur\u010dija, Latvija, Poljska, Nem\u010dija, Slovenija, Mad\u017earska<br \/>Skupina B, Brno (\u010ce\u0161ka): \u010ce\u0161ka, Avstrija, Srbija, Ukrajina, Bolgarija, Gr\u010dija<br \/>Skupina C, Baku (Azerbajd\u017ean): Azerbajd\u017ean, Portugalska, Nizozemska, Belgija, Romunija, \u0160panija<br \/>Skupina D, G\u00f6teborg (\u0160vedska): \u0160vedska, \u010crna gora, Italija, Francija, Slova\u0161ka, Hrva\u0161ka<\/p>\n<p>Dozdaj\u0161nji nastopi Slovenk na EP:<\/p>\n<p>2015: 16. mesto (sodelovalo je\u00a016 ekip)<br \/>2019: 16. mesto (24 ekip)<br \/>2023: 20. mesto (24 ekip)<\/p>\n<p>\u00a0<\/p>\n","protected":false},"excerpt":{"rendered":"Slovenska \u017eenska odbojkarska reprezentanca se pripravlja na zadnjo tekmo skupinskega dela evropskega prvenstva, ki jo bo odigrala v&hellip;\n","protected":false},"author":2,"featured_media":206383,"comment_status":"","ping_status":"","sticky":false,"template":"","format":"standard","meta":{"footnotes":"","_share_on_mastodon":"0"},"categories":[16],"tags":[48716,146,62,37,58,60,38,33116,94,93],"class_list":["post-206382","post","type-post","status-publish","format-standard","has-post-thumbnail","category-sport","tag-evropsko-prvenstvo-v-odbojki","tag-odbojka","tag-si","tag-slovene","tag-slovenia","tag-slovenija","tag-slovenscina","tag-slovenska-zenska-odbojkarska-reprezentanca","tag-sport","tag-sports"],"share_on_mastodon":{"url":"https:\/\/pubeurope.com\/@si\/117169576508629549","error":""},"_links":{"self":[{"href":"https:\/\/www.europesays.com\/si\/wp-json\/wp\/v2\/posts\/206382","targetHints":{"allow":["GET"]}}],"collection":[{"href":"https:\/\/www.europesays.com\/si\/wp-json\/wp\/v2\/posts"}],"about":[{"href":"https:\/\/www.europesays.com\/si\/wp-json\/wp\/v2\/types\/post"}],"author":[{"embeddable":true,"href":"https:\/\/www.europesays.com\/si\/wp-json\/wp\/v2\/users\/2"}],"replies":[{"embeddable":true,"href":"https:\/\/www.europesays.com\/si\/wp-json\/wp\/v2\/comments?post=206382"}],"version-history":[{"count":0,"href":"https:\/\/www.europesays.com\/si\/wp-json\/wp\/v2\/posts\/206382\/revisions"}],"wp:featuredmedia":[{"embeddable":true,"href":"https:\/\/www.europesays.com\/si\/wp-json\/wp\/v2\/media\/206383"}],"wp:attachment":[{"href":"https:\/\/www.europesays.com\/si\/wp-json\/wp\/v2\/media?parent=206382"}],"wp:term":[{"taxonomy":"category","embeddable":true,"href":"https:\/\/www.europesays.com\/si\/wp-json\/wp\/v2\/categories?post=206382"},{"taxonomy":"post_tag","embeddable":true,"href":"https:\/\/www.europesays.com\/si\/wp-json\/wp\/v2\/tags?post=206382"}],"curies":[{"name":"wp","href":"https:\/\/api.w.org\/{rel}","templated":true}]}}