{"id":206462,"date":"2026-08-27T23:19:16","date_gmt":"2026-08-27T23:19:16","guid":{"rendered":"https:\/\/www.europesays.com\/si\/206462\/"},"modified":"2026-08-27T23:19:16","modified_gmt":"2026-08-27T23:19:16","slug":"v-javnem-potniskem-prometu-so-pripravljeni-na-prvi-solski-dan-a-gneci-se-ne-bo-dalo-izogniti","status":"publish","type":"post","link":"https:\/\/www.europesays.com\/si\/206462\/","title":{"rendered":"V javnem potni\u0161kem prometu so pripravljeni na prvi \u0161olski dan, a gne\u010di se ne bo dalo izogniti"},"content":{"rendered":"<p>\t\t\t\t\t\t\t\t<a href=\"https:\/\/www.europesays.com\/si\/wp-content\/uploads\/2026\/08\/67083037.jpg\" itemprop=\"contentUrl\" data-size=\"1200x800\" data-large=\"https:\/\/www.europesays.com\/si\/wp-content\/uploads\/2026\/08\/67083037.jpg\"><br \/>\n\t\t\t\t\t\t\t\t\t<img decoding=\"async\" src=\"https:\/\/www.europesays.com\/si\/wp-content\/uploads\/2026\/08\/67083037.jpg\" title=\"Novinarska konferenca Dru\u017ebe za upravljanje javnega potni\u0161kega prometa (DUJPP), ki so se je udele\u017eili predstavniki Dija\u0161ke organizacije Slovenije, \u0160tudentske organizacije Slovenije, direktor DUJPP-a Miran Se\u010dki ter dr\u017eavni sekretar na ministrstvu za infrastrukturo in energetiko, odgovoren za mobilnost in promet, Marko Dvornik ter predstavnik Zveze dru\u0161tev upokojencev Slovenije. Foto: DUJPP\" alt=\"Novinarska konferenca Dru\u017ebe za upravljanje javnega potni\u0161kega prometa (DUJPP), ki so se je udele\u017eili predstavniki Dija\u0161ke organizacije Slovenije, \u0160tudentske organizacije Slovenije, direktor DUJPP-a Miran Se\u010dki ter dr\u017eavni sekretar na ministrstvu za infrastrukturo in energetiko, odgovoren za mobilnost in promet, Marko Dvornik ter predstavnik Zveze dru\u0161tev upokojencev Slovenije. Foto: DUJPP\"\/><br \/>\n\t\t\t\t\t\t\t\t<\/a><\/p>\n<p>\t\t\t\t\t\t\t\t\tNovinarska konferenca Dru\u017ebe za upravljanje javnega potni\u0161kega prometa (DUJPP), ki so se je udele\u017eili predstavniki Dija\u0161ke organizacije Slovenije, \u0160tudentske organizacije Slovenije, direktor DUJPP-a Miran Se\u010dki ter dr\u017eavni sekretar na ministrstvu za infrastrukturo in energetiko, odgovoren za mobilnost in promet, Marko Dvornik ter predstavnik Zveze dru\u0161tev upokojencev Slovenije. Foto: DUJPP<\/p>\n<p>\t\t\t\t\t\t\t<a id=\"preferredSourceBanner\" href=\"https:\/\/www.rtvslo.si\/slovenija\/v-javnem-potniskem-prometu-so-pripravljeni-na-prvi-solski-dan-a-gneci-se-ne-bo-dalo-izogniti\/javascript:void(0)\" target=\"_blank\" class=\"d-none align-items-center justify-content-between rounded my-3\" style=\"padding: 10px 15px;\" rel=\"nofollow noopener\"><br \/>\n\t\t\t\t\t\t<img decoding=\"async\" src=\"https:\/\/img.rtvslo.si\/_static\/novi\/img\/ico-google.svg\" class=\"flex-shrink-0 mr-3\" aria-hidden=\"true\"\/><br \/>\n\t\t\t\t\t\tSpremljajte RTVSLO.si kot prednostni vir na Google<\/p>\n<p>\t\t\t\t\t<\/a><\/p>\n<p>Direktor Dru\u017ebe za upravljanje javnega potni\u0161kega prometa (DUJPP) Miran Se\u010dki je zatrdil, da so na novo \u0161olsko leto pripravljeni. Javni potni\u0161ki promet s septembrom prehaja na letni vozni red, ki je po njegovih besedah usklajen s \u0161olami in lokalnimi skupnostmi.<\/p>\n<p>Oglas<\/p>\n<p>Na prvi \u0161olski dan je stanje v prometu vseeno nekoliko druga\u010dno, kot v dneh, ki sledijo. Na pot v \u0161olo in nazaj se podajo vsi ob istem \u010dasu. Prvega septembra tako obi\u010dajno prejmejo kak\u0161no prito\u017ebo potnikov, a Se\u010dki odgovarja, da bo v prometu 1100 avtobusov, 120 vlakov, v operativo bo vklju\u010denih okoli 1800 ljudi. &#8220;Ob tak\u0161nih koli\u010dinah je treba tudi razumeti, da se kak\u0161na stvar zgodi nepredvideno.&#8221;<\/p>\n<p>\t\t\t\t\t\t\t\t<a href=\"https:\/\/www.europesays.com\/si\/wp-content\/uploads\/2026\/08\/67083071.jpg\" itemprop=\"contentUrl\" data-size=\"1200x800\" data-large=\"https:\/\/www.europesays.com\/si\/wp-content\/uploads\/2026\/08\/67083071.jpg\"><br \/>\n\t\t\t\t\t\t\t\t\t<img decoding=\"async\" src=\"https:\/\/www.europesays.com\/si\/wp-content\/uploads\/2026\/08\/67083071.jpg\" title=\"Foto: BoBo\" alt=\"Foto: BoBo\"\/><br \/>\n\t\t\t\t\t\t\t\t<\/a><\/p>\n<p>\t\t\t\t\t\t\t\t\tFoto: BoBo<\/p>\n<p>DUJPP je z ministrstva za \u0161olstvo pridobil podatke o \u0161tevilu dijakov. Vozovnico IJPP jih bo predivoma uporabljalo okoli 46.000. &#8220;Tako nas ne bi smelo presenetiti, da je neki \u0161olski center imel zelo pove\u010dano \u0161tevilo dijakov. Razlogi za morebitne zamude znajo biti tudi zaradi, kot vemo, ogromno infrastrukturnih projektov, tako na \u017eelezni\u0161kem kot na cestnem podro\u010dju (&#8230;) Z lokalnimi skupnostmi, \u0161olami in prevozniki smo usklajevali vozne rede, vklju\u010dili 47 \u0161olskih linij v javni potni\u0161ki promet ter izvedli \u0161tevilne izbolj\u0161ave voznih redov,&#8221; je na\u0161tel Se\u010dki. <\/p>\n<p>Predprodaja subvencioniranih vozovnic se je za\u010dela \u017ee prej\u0161nji petek, 21. avgusta. Se\u010dki je zagotovil, da nakup poteka enostavno, potnik storitev opravi zelo hitro. &#8220;Spomnite se pred nekaj leti, kak\u0161ne vrste so bile za nakup teh vozovnic. Danes pride\u0161 z osebno izkaznico na prodajno mesto in dobi\u0161 vozovnico v minuti, dveh.&#8221; Na vseh medkrajevnih avtobusih je omogo\u010deno brezsti\u010dno pla\u010devanje. &#8220;Lahko bi bilo \u017ee prej, \u010de smo iskreni,&#8221; je dejal Se\u010dki, a ne glede na vse, so zdaj avtobusi opremljeni z mo\u017enostjo brezsti\u010dnega pla\u010devanja, kar razbremenjuje voznika in zmanj\u0161uje zamude.<\/p>\n<p>\t\t\t\t\t\t\t\t<a href=\"https:\/\/www.europesays.com\/si\/wp-content\/uploads\/2026\/08\/67083060.jpg\" itemprop=\"contentUrl\" data-size=\"1200x800\" data-large=\"https:\/\/www.europesays.com\/si\/wp-content\/uploads\/2026\/08\/67083060.jpg\"><br \/>\n\t\t\t\t\t\t\t\t\t<img decoding=\"async\" src=\"https:\/\/www.europesays.com\/si\/wp-content\/uploads\/2026\/08\/67083060.jpg\" title=\"\u0160tevilo potnikov \u010dez dan med \u0161olskim letom in med po\u010ditnicami. Foto: DUJPP\" alt=\"\u0160tevilo potnikov \u010dez dan med \u0161olskim letom in med po\u010ditnicami. Foto: DUJPP\"\/><br \/>\n\t\t\t\t\t\t\t\t<\/a><\/p>\n<p>\t\t\t\t\t\t\t\t\t\u0160tevilo potnikov \u010dez dan med \u0161olskim letom in med po\u010ditnicami. Foto: DUJPP<\/p>\n<p>Tako Se\u010dki kot dr\u017eavni sekretar na ministrstvu za infrastrukturo Marko Dvornik sta prepri\u010dana, da se je z DUJPP-om, ki je bil ustanovljen leta 2022, izbolj\u0161alo spremljanje javnega potni\u0161kega prometa. Dru\u017eba po \u0161tirih letih od ustanovitve zaposluje 37 ljudi, po besedah direktorja je bil dose\u017een pomemben napredek. &#8220;Ponudba potni\u0161kega prometa je bistveno zrastla,&#8221; je dejal Se\u010dki. Leta 2023 so denimo avtobusi v medkrajevnem javnem potni\u0161kem prometu opravili 50 milijonov kilometrov, letos jih bodo 66 milijonov. Prav tako je rast opaziti na \u017eeleznici. \u0160tevilo potnikov je medtem samo lani zraslo za 26 odstotkov. &#8220;To so res velike \u0161tevilke in ta rast se \u0161e nadaljuje. Po drugi strani je treba zadostiti vsem tem potrebam po migracijah potnikov, kar je seveda velik zalogaj,&#8221; je dejal Se\u010dki.<\/p>\n<p>\t\t\t\t\t\t\t\t<a href=\"https:\/\/www.europesays.com\/si\/wp-content\/uploads\/2026\/08\/67083061.jpg\" itemprop=\"contentUrl\" data-size=\"1200x800\" data-large=\"https:\/\/www.europesays.com\/si\/wp-content\/uploads\/2026\/08\/67083061.jpg\"><br \/>\n\t\t\t\t\t\t\t\t\t<img decoding=\"async\" src=\"https:\/\/www.europesays.com\/si\/wp-content\/uploads\/2026\/08\/67083061.jpg\" title=\"Rast potnikov v JPP-ju v zadnjih letih. Foto: DUJPP\" alt=\"Rast potnikov v JPP-ju v zadnjih letih. Foto: DUJPP\"\/><br \/>\n\t\t\t\t\t\t\t\t<\/a><\/p>\n<p>\t\t\t\t\t\t\t\t\tRast potnikov v JPP-ju v zadnjih letih. Foto: DUJPP<\/p>\n<p>Kot je poudaril Se\u010dki, je z ustanovitvijo DUJPP-a dr\u017eava dobila organ, ki strokovno nadzira in upravlja javni potni\u0161ki promet. Dodal je, da DUJPP pri svojem delu sodeluje tudi z raznimi zdru\u017eenji, kot so dija\u0161ka organizacija, \u0161tudentska organizacija, dru\u0161tvo upokojencev, gospodarska zbornica, dru\u0161tvo potnikov itd.<\/p>\n<p>&#8220;Za dr\u017eavo je razvoj javnega potni\u0161kega prometa dolgoro\u010dna usmeritev. Nadaljevali bomo vlaganja v infrastrukturo in storitve ter ukrepe, ki ljudem omogo\u010dajo cenovno dostopno mobilnost. Med njimi imajo posebno mesto subvencionirane vozovnice za dijake, \u0161tudente in udele\u017eence izobra\u017eevanja odraslih ter brezpla\u010dne vozovnice za ranljive skupine,&#8221; pa je dejal Dvornik.<\/p>\n<p>\t\t\t\tZa\u010detek \u0161olskega leta bo prinesel ve\u010d potnikov v javnem prometu<\/p>\n<p>Oglas<\/p>\n","protected":false},"excerpt":{"rendered":"Novinarska konferenca Dru\u017ebe za upravljanje javnega potni\u0161kega prometa (DUJPP), ki so se je udele\u017eili predstavniki Dija\u0161ke organizacije Slovenije,&hellip;\n","protected":false},"author":2,"featured_media":206463,"comment_status":"","ping_status":"","sticky":false,"template":"","format":"standard","meta":{"footnotes":"","_share_on_mastodon":"0"},"categories":[6],"tags":[1731,6324,5829,59,61,62,37,58,60,38,50797,21339],"class_list":["post-206462","post","type-post","status-publish","format-standard","has-post-thumbnail","category-slovenija","tag-brezsticno-placevanje","tag-dijaki","tag-javni-potniski-promet","tag-republic-of-slovenia","tag-republika-slovenija","tag-si","tag-slovene","tag-slovenia","tag-slovenija","tag-slovenscina","tag-solski-dan","tag-subvencionirane-vozovnice"],"share_on_mastodon":{"url":"https:\/\/pubeurope.com\/@si\/117170036281535506","error":""},"_links":{"self":[{"href":"https:\/\/www.europesays.com\/si\/wp-json\/wp\/v2\/posts\/206462","targetHints":{"allow":["GET"]}}],"collection":[{"href":"https:\/\/www.europesays.com\/si\/wp-json\/wp\/v2\/posts"}],"about":[{"href":"https:\/\/www.europesays.com\/si\/wp-json\/wp\/v2\/types\/post"}],"author":[{"embeddable":true,"href":"https:\/\/www.europesays.com\/si\/wp-json\/wp\/v2\/users\/2"}],"replies":[{"embeddable":true,"href":"https:\/\/www.europesays.com\/si\/wp-json\/wp\/v2\/comments?post=206462"}],"version-history":[{"count":0,"href":"https:\/\/www.europesays.com\/si\/wp-json\/wp\/v2\/posts\/206462\/revisions"}],"wp:featuredmedia":[{"embeddable":true,"href":"https:\/\/www.europesays.com\/si\/wp-json\/wp\/v2\/media\/206463"}],"wp:attachment":[{"href":"https:\/\/www.europesays.com\/si\/wp-json\/wp\/v2\/media?parent=206462"}],"wp:term":[{"taxonomy":"category","embeddable":true,"href":"https:\/\/www.europesays.com\/si\/wp-json\/wp\/v2\/categories?post=206462"},{"taxonomy":"post_tag","embeddable":true,"href":"https:\/\/www.europesays.com\/si\/wp-json\/wp\/v2\/tags?post=206462"}],"curies":[{"name":"wp","href":"https:\/\/api.w.org\/{rel}","templated":true}]}}