{"id":206536,"date":"2026-08-28T02:07:17","date_gmt":"2026-08-28T02:07:17","guid":{"rendered":"https:\/\/www.europesays.com\/si\/206536\/"},"modified":"2026-08-28T02:07:17","modified_gmt":"2026-08-28T02:07:17","slug":"streljanje-v-grosuplju-policisti-prijeli-27-letnika-in-mu-zasegli-orozje","status":"publish","type":"post","link":"https:\/\/www.europesays.com\/si\/206536\/","title":{"rendered":"Streljanje v Grosuplju. Policisti prijeli 27-letnika in mu zasegli oro\u017eje."},"content":{"rendered":"<p>\t\t\t\t\t\t\t\t<a href=\"https:\/\/www.europesays.com\/si\/wp-content\/uploads\/2026\/08\/67081901.jpg\" itemprop=\"contentUrl\" data-size=\"1200x800\" data-large=\"https:\/\/www.europesays.com\/si\/wp-content\/uploads\/2026\/08\/67081901.jpg\"><br \/>\n\t\t\t\t\t\t\t\t\t<img decoding=\"async\" src=\"https:\/\/www.europesays.com\/si\/wp-content\/uploads\/2026\/08\/67081901.jpg\" title=\"Zase\u017eena pi\u0161tola in naboji. Foto: PU Ljubljana\" alt=\"Zase\u017eena pi\u0161tola in naboji. Foto: PU Ljubljana\"\/><br \/>\n\t\t\t\t\t\t\t\t<\/a><\/p>\n<p>\t\t\t\t\t\t\t\t\tZase\u017eena pi\u0161tola in naboji. Foto: PU Ljubljana<\/p>\n<p>\t\t\t\t\t\t\t<a id=\"preferredSourceBanner\" href=\"https:\/\/www.rtvslo.si\/crna-kronika\/streljanje-v-grosuplju-policisti-prijeli-27-letnika-in-mu-zasegli-orozje\/javascript:void(0)\" target=\"_blank\" class=\"d-none align-items-center justify-content-between rounded my-3\" style=\"padding: 10px 15px;\" rel=\"nofollow noopener\"><br \/>\n\t\t\t\t\t\t<img decoding=\"async\" src=\"https:\/\/img.rtvslo.si\/_static\/novi\/img\/ico-google.svg\" class=\"flex-shrink-0 mr-3\" aria-hidden=\"true\"\/><br \/>\n\t\t\t\t\t\tSpremljajte RTVSLO.si kot prednostni vir na Google<\/p>\n<p>\t\t\t\t\t<\/a><\/p>\n<p>Policisti so bili v torek zve\u010der obve\u0161\u010deni o pokih oziroma streljanju na obmo\u010dju Grosuplja. Zaradi suma uporabe strelnega oro\u017eja je bilo na kraj dogodka napotenih ve\u010d policijskih patrulj.<\/p>\n<p>Z zbiranjem obvestil so policisti ugotovili, da je 27-letni mo\u0161ki na javnem kraju v naselju izstrelil najmanj dva naboja. Med postopkom so pri osumljencu na\u0161li in zasegli pi\u0161tolo znamke Beretta ter ve\u010d nabojev, za katere naj ne bi imel ustreznega dovoljenja.<\/p>\n<p>Zoper 27-letnika poteka preiskava zaradi suma kaznivega dejanja povzro\u010ditve splo\u0161ne nevarnosti. Zase\u017eeno oro\u017eje in strelivo bodo pristojni poslali v nadaljnjo analizo.<\/p>\n<p>Po zaklju\u010dku zbiranja obvestil bodo policisti o ugotovitvah obvestili pristojno dr\u017eavno to\u017eilstvo. Poleg kazenskega postopka vodijo tudi postopek o prekr\u0161ku zaradi suma kr\u0161itev dolo\u010db Zakona o javnem redu in miru ter Zakona o oro\u017eju.<\/p>\n<p>Oglas<\/p>\n","protected":false},"excerpt":{"rendered":"Zase\u017eena pi\u0161tola in naboji. Foto: PU Ljubljana Spremljajte RTVSLO.si kot prednostni vir na Google Policisti so bili v&hellip;\n","protected":false},"author":2,"featured_media":206537,"comment_status":"","ping_status":"","sticky":false,"template":"","format":"standard","meta":{"footnotes":"","_share_on_mastodon":"0"},"categories":[20],"tags":[5226,32,35,31,34,1391,36,504,76,37,38,3817,33],"class_list":["post-206536","post","type-post","status-publish","format-standard","has-post-thumbnail","category-novice","tag-grosuplje","tag-headlines","tag-najpomembnejse-novice","tag-news","tag-novice","tag-orozje","tag-osrednje-novice","tag-policisti","tag-preiskava","tag-slovene","tag-slovenscina","tag-streljanje","tag-top-stories"],"share_on_mastodon":{"url":"https:\/\/pubeurope.com\/@si\/117170696737799476","error":""},"_links":{"self":[{"href":"https:\/\/www.europesays.com\/si\/wp-json\/wp\/v2\/posts\/206536","targetHints":{"allow":["GET"]}}],"collection":[{"href":"https:\/\/www.europesays.com\/si\/wp-json\/wp\/v2\/posts"}],"about":[{"href":"https:\/\/www.europesays.com\/si\/wp-json\/wp\/v2\/types\/post"}],"author":[{"embeddable":true,"href":"https:\/\/www.europesays.com\/si\/wp-json\/wp\/v2\/users\/2"}],"replies":[{"embeddable":true,"href":"https:\/\/www.europesays.com\/si\/wp-json\/wp\/v2\/comments?post=206536"}],"version-history":[{"count":0,"href":"https:\/\/www.europesays.com\/si\/wp-json\/wp\/v2\/posts\/206536\/revisions"}],"wp:featuredmedia":[{"embeddable":true,"href":"https:\/\/www.europesays.com\/si\/wp-json\/wp\/v2\/media\/206537"}],"wp:attachment":[{"href":"https:\/\/www.europesays.com\/si\/wp-json\/wp\/v2\/media?parent=206536"}],"wp:term":[{"taxonomy":"category","embeddable":true,"href":"https:\/\/www.europesays.com\/si\/wp-json\/wp\/v2\/categories?post=206536"},{"taxonomy":"post_tag","embeddable":true,"href":"https:\/\/www.europesays.com\/si\/wp-json\/wp\/v2\/tags?post=206536"}],"curies":[{"name":"wp","href":"https:\/\/api.w.org\/{rel}","templated":true}]}}