{"id":206590,"date":"2026-08-28T03:38:14","date_gmt":"2026-08-28T03:38:14","guid":{"rendered":"https:\/\/www.europesays.com\/si\/206590\/"},"modified":"2026-08-28T03:38:14","modified_gmt":"2026-08-28T03:38:14","slug":"tehnopark-celje-otrokom-odpira-vrata-v-svet-znanosti-2","status":"publish","type":"post","link":"https:\/\/www.europesays.com\/si\/206590\/","title":{"rendered":"Tehnopark Celje otrokom odpira vrata v svet znanosti"},"content":{"rendered":"<p>28. 8. 2026 ob 5:00&#13;<br \/>\n&#13;<br \/>\n&#13;<br \/>\n&#13;<br \/>\n&#13;<br \/>\n&#13;<br \/>\n<img decoding=\"async\" src=\"https:\/\/www.europesays.com\/si\/wp-content\/uploads\/2026\/08\/6d4e4ba7-b1b2-4dc1-8a05-a29a8da77b69.jpg\" alt=\"Foto: Tehnopark Celje\" style=\"width:100%;max-width:600px;border:none\"\/>&#13;<br \/>\nFoto: Tehnopark Celje&#13;<br \/>\n&#13;<br \/>\n&#13;<br \/>\n&#13;<\/p>\n<p>V Tehnoparku Celje so pripravljeni na novo \u0161olsko leto, v katerem bodo \u0161olskim in vrt\u010devskim skupinam iz Slovenije in tujine znova omogo\u010dili spoznavanje znanosti na aktiven, igriv in prakti\u010den na\u010din.\u00a0<\/p>\n<p>&#13;<\/p>\n<p>Tehnopark Celje vsako leto obi\u0161\u010de skoraj 20.000 otrok, mladih in njihovih spremljevalcev, ki se v najve\u010dji znanstveno-zabavni park v Sloveniji odpravijo v okviru organiziranih \u0161olskih in vrt\u010devskih skupin. Spoznavanje znanosti skozi raziskovanje, eksperimentiranje, igro in re\u0161evanje izzivov s pomo\u010djo ve\u010d kot 60 interaktivnih eksponatov, bodo v Tehnoparku Celje na ve\u010d kot 4.000 m2 ponujali tudi v \u0161olskem letu, ki je pred vrati. Zanimanje je namre\u010d veliko. Septembra \u017ee imajo rezervacije za obisk skupin z okoli 780 otroki. Trije \u0161olski programi, zasnovani na temeljih STEAM pristopa, so povezani z u\u010dnimi na\u010drti in prilagojeni starosti ter predznanju u\u010dencev od 1. do 9. razreda.\u00a0<\/p>\n<p>&#13;<\/p>\n<p>Klasi\u010dni program, ki traja 135 minut, poteka kot samostojno raziskovanje parka, ob pomo\u010di usposobljenih vodnikov. U\u010denci spoznavajo interaktivne eksponate, re\u0161ujejo izzive, odkrivajo razli\u010dne znanstvene pojave, ob eksponatih prebirajo razlage, pri raziskovanju pa jim po potrebi pomagajo tudi vodniki Tehnoparka Celje.<\/p>\n<p>&#13;<\/p>\n<p>Bolj poglobljeno izku\u0161njo lahko obiskovalci dobijo v Tehno programih z delavnico. Ti zdru\u017eujejo 210-minutno vodeno raziskovanje in prakti\u010dno delo v enem od \u0161tirih vsebinskih sklopov: \u010dlove\u0161ko telo, energija, tehnika in tehnologija ter ekologija. V prvem u\u010denci raziskujejo \u010dutila, organske sisteme, gibanje in delovanje \u010dlove\u0161kega telesa ter vsebine povezujejo z zdravjem in vsakdanjim \u017eivljenjem. V programu energija skozi eksperimente spoznavajo razli\u010dne oblike energij, valovanje, svetlobo, digitalizacijo in vesolje ter raziskujejo, kako uporabljati energijo ter z njo u\u010dinkoviteje ravnati. Ekologija v ospredje postavlja odnos \u010dloveka do okolja. U\u010denci spoznavajo ravnanje z energijo in obnovljivimi viri energije ter raziskujejo onesna\u017eevanje tal, vode in zraka, hrup ter svetlobno onesna\u017eevanje. Pri programu tehnika in tehnologija pa se mladi obiskovalci sre\u010dajo s sodobnimi tehnologijami ter temeljnimi naravoslovno-tehni\u010dnimi pojavi. Spoznavajo digitalne in druge sodobne tehnologije, virtualno in obogateno resni\u010dnost (VR in AR) ter umetno inteligenco.\u00a0<\/p>\n<p>&#13;<\/p>\n<p>Tretji \u0161olski program je namenjen nadarjenim u\u010dencem, ki se \u017eelijo z znanstvenimi vsebinami ukvarjati bolj poglobljeno. Program vklju\u010duje 45-minutni voden ogled interaktivnih eksponatov in 90 minut samostojnega raziskovanja, na voljo pa je tudi voden ogled po poteh izumiteljev skozi \u010das.<\/p>\n<p>&#13;<\/p>\n<p>V Tehnoparku Celje izvajajo \u0161e poseben voden program za vrt\u010devske skupine, v okviru katerega si ogledajo predstavo znanstvenice Ane in gosenice Fani, s katero pri najmlaj\u0161ih skozi raziskovanje, igro in eksperimentiranje spodbujajo zanimanje za naravoslovje in znanost.\u00a0<\/p>\n<p>&#13;<\/p>\n<p>\u00bb\u017delimo si, da bi bila znanost dostopna \u010dim ve\u010d otrokom. Tudi tistim, ki zaradi razli\u010dnih okoli\u0161\u010din sicer nimajo prilo\u017enosti za stik z znanostjo in tehnologijo. Ko ima otrok prilo\u017enost, da sam nekaj preizkusi, sestavi, razi\u0161\u010de ali ustvari, mu ne omogo\u010dimo le dostop do znanja, ampak damo predvsem prilo\u017enost, da odkrije svoje sposobnosti in potencial, ki se v tradicionalnem \u0161olskem okolju morda sploh ne uspe pokazati in prepoznati,\u00ab je prepri\u010dana Andreja Erjavec, direktorica Tehnoparka Celje.\u00a0<\/p>\n<p>&#13;<\/p>\n<p>V slednjem se ne pripravljajo le na novo \u0161olsko leto, ampak tudi, v sodelovanju z Regijskim \u0161tudijskim sredi\u0161\u010dem v Celju, na leto\u0161nji dan raziskovalcev. Zadnji petek v septembru se bodo obiskovalci Tehnoparka Celje lahko brezpla\u010dno sre\u010dali z raziskovalci in strokovnjaki. Dogodek bo potekal v okviru projekta Rhythm of Life \u2013 Evropska no\u010d raziskovalcev, sofinanciranim s strani Evropske unije iz programa za raziskave in inovacije Horizon Europe v okviru sporazuma Marie Sk\u0142odowska-Curie \u0161t. 101305421.<\/p>\n<p>&#13;<br \/>\n&#13;<\/p>\n","protected":false},"excerpt":{"rendered":"28. 8. 2026 ob 5:00&#13; &#13; &#13; &#13; &#13; &#13; &#13; Foto: Tehnopark Celje&#13; &#13; &#13; &#13; V&hellip;\n","protected":false},"author":2,"featured_media":206591,"comment_status":"","ping_status":"","sticky":false,"template":"","format":"standard","meta":{"footnotes":"","_share_on_mastodon":"0"},"categories":[23],"tags":[162,1289,1909,159,503,194,62,37,58,60,38,9525,1288],"class_list":["post-206590","post","type-post","status-publish","format-standard","has-post-thumbnail","category-celje","tag-celje","tag-fantasy","tag-izobrazevanje","tag-lokalno","tag-otroci","tag-radio","tag-si","tag-slovene","tag-slovenia","tag-slovenija","tag-slovenscina","tag-tehnopark-celje","tag-udarno"],"share_on_mastodon":{"url":"https:\/\/pubeurope.com\/@si\/117171054609475474","error":""},"_links":{"self":[{"href":"https:\/\/www.europesays.com\/si\/wp-json\/wp\/v2\/posts\/206590","targetHints":{"allow":["GET"]}}],"collection":[{"href":"https:\/\/www.europesays.com\/si\/wp-json\/wp\/v2\/posts"}],"about":[{"href":"https:\/\/www.europesays.com\/si\/wp-json\/wp\/v2\/types\/post"}],"author":[{"embeddable":true,"href":"https:\/\/www.europesays.com\/si\/wp-json\/wp\/v2\/users\/2"}],"replies":[{"embeddable":true,"href":"https:\/\/www.europesays.com\/si\/wp-json\/wp\/v2\/comments?post=206590"}],"version-history":[{"count":0,"href":"https:\/\/www.europesays.com\/si\/wp-json\/wp\/v2\/posts\/206590\/revisions"}],"wp:featuredmedia":[{"embeddable":true,"href":"https:\/\/www.europesays.com\/si\/wp-json\/wp\/v2\/media\/206591"}],"wp:attachment":[{"href":"https:\/\/www.europesays.com\/si\/wp-json\/wp\/v2\/media?parent=206590"}],"wp:term":[{"taxonomy":"category","embeddable":true,"href":"https:\/\/www.europesays.com\/si\/wp-json\/wp\/v2\/categories?post=206590"},{"taxonomy":"post_tag","embeddable":true,"href":"https:\/\/www.europesays.com\/si\/wp-json\/wp\/v2\/tags?post=206590"}],"curies":[{"name":"wp","href":"https:\/\/api.w.org\/{rel}","templated":true}]}}