{"id":206836,"date":"2026-08-28T08:32:19","date_gmt":"2026-08-28T08:32:19","guid":{"rendered":"https:\/\/www.europesays.com\/si\/206836\/"},"modified":"2026-08-28T08:32:19","modified_gmt":"2026-08-28T08:32:19","slug":"kitajski-spletni-trgovci-v-skrbeh-po-novi-evropski-carini-so-narocila-strmoglavila","status":"publish","type":"post","link":"https:\/\/www.europesays.com\/si\/206836\/","title":{"rendered":"Kitajski spletni trgovci v skrbeh: po novi evropski carini so naro\u010dila strmoglavila"},"content":{"rendered":"<p>Nova evropska carina za poceni pakete iz Kitajske \u017ee ka\u017ee prve posledice. Naro\u010dila na Temuju so v enem mesecu upadla za polovico, na AliExpressu pa za ve\u010d kot tretjino. Kupci zdaj za izdelke pla\u010dujejo ob\u010dutno ve\u010d.<\/p>\n<p>Nova pravila Evropske unije so mo\u010dno udarila po velikih kitajskih spletnih platformah. Uvoz majhnih paketov v EU se je po uvedbi nove dajatve zmanj\u0161al za od 30 do 40 odstotkov, ka\u017eejo najnovej\u0161i podatki francoske carine. Najve\u010dji padec bele\u017eita Temu in AliExpress, medtem ko je Shein zaradi evropskega skladi\u0161\u010da posledice za zdaj precej bolje omilil.<\/p>\n<p>Nova carina je spremenila izra\u010dune<\/p>\n<p>Od 1. julija 2026 za majhne po\u0161iljke iz tretjih dr\u017eav, vredne manj kot 150 evrov, velja nova pav\u0161alna carina. Ta zna\u0161a tri evre za posamezno kategorijo izdelka v paketu. Gre za pomembno spremembo sistema, ki je leta omogo\u010dal izjemno poceni nakupe na platformah, kot so Temu, AliExpress in Shein. Pred uvedbo nove dajatve so bile po\u0161iljke do vrednosti 150 evrov opro\u0161\u010dene carine.<\/p>\n<p>Obseg tega spletnega trgovanja je ogromen. V letu 2025 je v Evropsko unijo prispelo pribli\u017eno 5,9 milijarde majhnih paketov oziroma okoli 180 na sekundo. Kar 93 odstotkov vseh teh po\u0161iljk je pri\u0161lo iz Kitajske.<\/p>\n<p>Trievrska carina je sicer le za\u010dasen ukrep. Evropska unija pripravlja \u0161ir\u0161o reformo carinskega sistema, ki naj bi za\u010dela veljati leta 2028, dodatne spremembe pa bi lahko sledile \u017ee novembra.<\/p>\n<p><img decoding=\"async\" alt=\"spletno nakupovanje | Foto: Shutterstock\" class=\"article_content__inline_image js_imageLightbox is-clickable\" data-author=\"Shutterstock\" data-caption=\"\" data-height=\"2983\" data-href=\"https:\/\/siol.net\/media\/img\/c5\/42\/d52d2d699afba945b776-spletno-nakupovanje.jpeg\" data-width=\"4500\" loading=\"lazy\" src=\"\/media\/img\/3e\/54\/4f356ce8f04e4c7d9f6e-spletno-nakupovanje.jpeg\" title=\"spletno nakupovanje\"\/><\/p>\n<p> Foto: Shutterstock <\/p>\n<p>Temu izgubil kar polovico naro\u010dil<\/p>\n<p>Prvi podatki ka\u017eejo, da so kupci na novo dajatev odgovorili precej hitro. Analiza transakcij 1,5 milijona francoskih potro\u0161nikov je pokazala, da je med junijem in julijem \u0161tevilo naro\u010dil na Temuju upadlo za kar 50 odstotkov. AliExpress je v istem obdobju izgubil 37 odstotkov naro\u010dil, medtem ko je bil padec pri Sheinu precej manj\u0161i, pribli\u017eno 15-odstoten.<\/p>\n<p>Podatki sicer zajemajo francoske kupce, vendar se ujemajo s \u0161ir\u0161im trendom, ki ga je zaznala francoska carina na ravni Evropske unije.<\/p>\n<p>Povpre\u010dna vrednost ko\u0161arice na Temuju se je med junijem in julijem pove\u010dala za 30 odstotkov, na AliExpressu pa za 27 odstotkov. Dodatni stro\u0161ki carine so vklju\u010deni v kon\u010dno ceno, kar je pri poceni izdelkih \u0161e posebej ob\u010dutno \u2013 pri izdelku, vrednem pet evrov, trievrska dajatev pomeni kar 60 odstotkov vi\u0161ji stro\u0161ek.<\/p>\n<p><img decoding=\"async\" alt=\"spletno nakupovanje | Foto: Shutterstock\" class=\"article_content__inline_image js_imageLightbox is-clickable\" data-author=\"Shutterstock\" data-caption=\"\" data-height=\"3070\" data-href=\"https:\/\/siol.net\/media\/img\/98\/39\/8bd7080bfd981fa2a0b6-spletno-nakupovanje.jpeg\" data-width=\"4604\" loading=\"lazy\" src=\"\/media\/img\/c9\/a5\/e5bd14b88118e6bcce08-spletno-nakupovanje.jpeg\" title=\"spletno nakupovanje\"\/><\/p>\n<p> Foto: Shutterstock <\/p>\n<p>AliExpress ostro nad novo dajatev<\/p>\n<p>Pri AliExpressu so evropski ukrep kritizirali in opozorili, da ima pomembne pomanjkljivosti, ukrep pa po njihovem mnenju nesorazmerno prizadene potro\u0161nike, ki i\u0161\u010dejo najcenej\u0161e izdelke.<\/p>\n<p>Bruselj ima druga\u010den pogled. Evropska komisija \u017eeli z novimi pravili izena\u010diti pogoje med evropskimi trgovci in velikimi azijskimi spletnimi platformami. Evropska podjetja morajo namre\u010d pri uvozu pla\u010devati dajatve ter zagotavljati skladnost izdelkov z evropskimi pravili.<\/p>\n<p>Pomemben razlog za spremembe je tudi varnost izdelkov. Evropske institucije opozarjajo, da je bilo med pregledanimi poceni izdelki veliko tak\u0161nih, ki niso izpolnjevali evropskih varnostnih zahtev.<\/p>\n<p>Pri Sheinu je bil padec naro\u010dil precej manj\u0161i, kar naj bi bilo povezano tudi z njegovo logisti\u010dno strategijo. Podjetje ima veliko skladi\u0161\u010de na Poljskem, zato lahko del naro\u010dil evropskim kupcem po\u0161ilja iz zalog znotraj EU. Tak\u0161en na\u010din prodaje lahko zmanj\u0161a vpliv dajatve za neposredne po\u0161iljke iz Kitajske, hkrati pa omogo\u010da hitrej\u0161o dostavo.<\/p>\n<p>Prav evropska skladi\u0161\u010da bi lahko postala ena od klju\u010dnih re\u0161itev za spletne trgovce, ki \u017eelijo tudi v prihodnje ohraniti nizke cene in hitro dostavo.<\/p>\n<p>Preberite tudi:<\/p>\n","protected":false},"excerpt":{"rendered":"Nova evropska carina za poceni pakete iz Kitajske \u017ee ka\u017ee prve posledice. Naro\u010dila na Temuju so v enem&hellip;\n","protected":false},"author":2,"featured_media":206837,"comment_status":"","ping_status":"","sticky":false,"template":"","format":"standard","meta":{"footnotes":"","_share_on_mastodon":"0"},"categories":[8],"tags":[34505,5017,4688,37,38,10004,64,19613,63],"class_list":["post-206836","post","type-post","status-publish","format-standard","has-post-thumbnail","category-svet","tag-aliexpress","tag-carina","tag-nakupovanje","tag-slovene","tag-slovenscina","tag-spletno-nakupovanje","tag-svet","tag-temu","tag-world"],"share_on_mastodon":{"url":"https:\/\/pubeurope.com\/@si\/117172210903903611","error":""},"_links":{"self":[{"href":"https:\/\/www.europesays.com\/si\/wp-json\/wp\/v2\/posts\/206836","targetHints":{"allow":["GET"]}}],"collection":[{"href":"https:\/\/www.europesays.com\/si\/wp-json\/wp\/v2\/posts"}],"about":[{"href":"https:\/\/www.europesays.com\/si\/wp-json\/wp\/v2\/types\/post"}],"author":[{"embeddable":true,"href":"https:\/\/www.europesays.com\/si\/wp-json\/wp\/v2\/users\/2"}],"replies":[{"embeddable":true,"href":"https:\/\/www.europesays.com\/si\/wp-json\/wp\/v2\/comments?post=206836"}],"version-history":[{"count":0,"href":"https:\/\/www.europesays.com\/si\/wp-json\/wp\/v2\/posts\/206836\/revisions"}],"wp:featuredmedia":[{"embeddable":true,"href":"https:\/\/www.europesays.com\/si\/wp-json\/wp\/v2\/media\/206837"}],"wp:attachment":[{"href":"https:\/\/www.europesays.com\/si\/wp-json\/wp\/v2\/media?parent=206836"}],"wp:term":[{"taxonomy":"category","embeddable":true,"href":"https:\/\/www.europesays.com\/si\/wp-json\/wp\/v2\/categories?post=206836"},{"taxonomy":"post_tag","embeddable":true,"href":"https:\/\/www.europesays.com\/si\/wp-json\/wp\/v2\/tags?post=206836"}],"curies":[{"name":"wp","href":"https:\/\/api.w.org\/{rel}","templated":true}]}}