{"id":206890,"date":"2026-08-28T10:22:11","date_gmt":"2026-08-28T10:22:11","guid":{"rendered":"https:\/\/www.europesays.com\/si\/206890\/"},"modified":"2026-08-28T10:22:11","modified_gmt":"2026-08-28T10:22:11","slug":"umrl-norveski-kralj-harald-v-na-prestol-prihaja-njegov-sin-haakon","status":"publish","type":"post","link":"https:\/\/www.europesays.com\/si\/206890\/","title":{"rendered":"Umrl norve\u0161ki kralj Harald V., na prestol prihaja njegov sin Haakon"},"content":{"rendered":"<p>    <img decoding=\"async\" data-lb-desktop=\"\/media\/2026\/08\/28\/858374\/Orig-Norway_King_Harald_67396--9f88b-1200.webp\" data-lb-mobile=\"\/media\/2026\/08\/28\/858374\/Orig-Norway_King_Harald_67396--9f88b-600.webp\" class=\"main-gallery-image se_image_lb\" src=\"https:\/\/www.europesays.com\/si\/wp-content\/uploads\/2026\/08\/Wide-Norway_King_Harald_67396--9f88b-1000.webp\" alt=\"FILE - King Harald V of Norway watches Team Norway take on Team Great Britain during Olympic men's curling action at the Olympic Centre on Feb. 23, 2010 during the 2010 Vancouver Olympic Winter Games in Vancouver. (Nathan Denette, The Canadian Press via AP, File)\"\/><\/p>\n<p>Norve\u0161ki kralj Harald V. je danes\u00a0v starosti 89 let umrl v Oslu.\u00a0Na prestolu je sedel\u00a035 let. Foto: AP<\/p>\n<p>Umrl norve\u0161ki kralj Harald V., na prestol prihaja njegov sin Haakon<\/p>\n<p>Monarha, ki je trpel zaradi hemoliti\u010dne anemije, so 17. avgusta sprejeli v univerzitetno bolni\u0161nico Rikshospitalet v norve\u0161ki prestolnici Oslo.<\/p>\n<p>                        28. 08. 2026, 08.43\n                    <\/p>\n<p> br, gk\n                    <\/p>\n<p>                        <a href=\"https:\/\/google.com\/preferences\/source?q=dnevnik.si\" class=\"se-author-gps-cta\" target=\"_blank\" rel=\"nofollow noopener\"><br \/>\n                            <img decoding=\"async\" class=\"se-author-gps-cta-badge\" src=\"https:\/\/www.europesays.com\/si\/wp-content\/uploads\/2026\/08\/1787912529_175_dnevnik_gps_badge.png\" alt=\"Google Preferred Sources CTA\"\/><br \/>\n                        <\/a><\/p>\n<p>Norve\u0161ki kralj Harald V. je danes\u00a0v starosti 89 let umrl v Oslu.\u00a0\u00bbZ globoko \u017ealostjo sporo\u010damo, da je danes umrl njegovo veli\u010danstvo kralj Harald. Kralj Harald je v petek, 28. avgusta, ob 6.35 mirno zaspal v dr\u017eavni bolni\u0161nici.\u00ab<\/p>\n<p>S Haraldovo smrtjo je norve\u0161ki kralj postal njegov sin Haakon. Na izredni seji vlade bo novi kralj uradno razglasil o\u010detovo smrt. Na grajskem balkonu je\u00a0na pol droga izobe\u0161ena kraljeva zastava s \u010drnim \u017ealnim trakom.<\/p>\n<p>        <img decoding=\"async\" data-lb-desktop=\"\/media\/2026\/08\/28\/858369\/Orig-2026-08-28T071122Z_2015805219_RC2I7NAGL0XA_RTRMADP_5_NORWAY-ROYALS-KING-1200.webp\" data-lb-mobile=\"\/media\/2026\/08\/28\/858369\/Orig-2026-08-28T071122Z_2015805219_RC2I7NAGL0XA_RTRMADP_5_NORWAY-ROYALS-KING-600.webp\" class=\"se_image se_image_lb\" src=\"https:\/\/www.europesays.com\/si\/wp-content\/uploads\/2026\/08\/Orig-2026-08-28T071122Z_2015805219_RC2I7NAGL0XA_RTRMADP_5_NORWAY-ROYALS-KING-1000.webp\" alt=\"Oslo 20260828. Several people have laid flowers in front of the Royal Palace Square, in connection with the king's health condition having worsened, on the day of the death of King Harald V, in Oslo, Norway. Ole Berg-Rusten\/NTB\/via REUTERS  ATTENTION EDITORS - THIS IMAGE WAS PROVIDED BY A THIRD PARTY. NORWAY OUT. NO COMMERCIAL OR EDITORIAL SALES IN NORWAY.\"\/><\/p>\n<p>Ljudje se zbirajo in polagajo cvetje pred kraljevo pala\u010do. Foto: Reuters<\/p>\n<p>Smrt zelo priljubljenega\u00a0kralja\u00a0je bila v zadnjih dneh pri\u010dakovana. V dr\u017eavno bolni\u0161nico v Oslu so ga sprejeli pred enajstimi dnevi zaradi bakterijske\u00a0oku\u017ebe krvi, v \u010detrtek pa je kraljeva dru\u017eina sporo\u010dila, da je njegovo stanje zelo resno. V naslednjih nekaj urah se je v bolni\u0161nici zbrala kraljeva o\u017eja dru\u017eina.<\/p>\n<p>Izrazi so\u017ealja<\/p>\n<p>So\u017ealje so med drugim \u017ee izrekli predsednik norve\u0161ke vlade Jonas Gahr St\u00f8re, ki bi moral v \u010detrtek odpotovati v Nem\u010dijo, kjer bi se med drugim sre\u010dal s kanclerjem Friedrichom Merzem, vendar je potovanje odpovedal, ko je postalo znano, da je kraljevo zdravstveno stanje kriti\u010dno.<\/p>\n<p>Vse za Norve\u0161ko!<\/p>\n<p>        <img decoding=\"async\" data-lb-desktop=\"\/media\/2026\/08\/28\/858372\/Orig-2026-08-28T065838Z_851715516_RC2I7NA9I3YK_RTRMADP_5_NORWAY-ROYALS-KING-DEATH-1200.webp\" data-lb-mobile=\"\/media\/2026\/08\/28\/858372\/Orig-2026-08-28T065838Z_851715516_RC2I7NA9I3YK_RTRMADP_5_NORWAY-ROYALS-KING-DEATH-600.webp\" class=\"se_image se_image_lb\" src=\"https:\/\/www.europesays.com\/si\/wp-content\/uploads\/2026\/08\/Orig-2026-08-28T065838Z_851715516_RC2I7NA9I3YK_RTRMADP_5_NORWAY-ROYALS-KING-DEATH-600.webp\" alt=\"Norway's King Harald, wearing a jacket from the Lillehammer Olympics, and a hat with the Norwegian Ski Association's pin, attends the Norwegian Ski Championships, in Skrautval, Norway, January 26, 1990. NTB\/Lise Aserud via REUTERS  ATTENTION EDITORS - THIS IMAGE WAS PROVIDED BY A THIRD PARTY. NORWAY OUT. NO COMMERCIAL OR EDITORIAL SALES IN NORWAY.\"\/><\/p>\n<p>Ko je umrl njegov o\u010de, kralj Olav, naj bi na vpra\u0161anje bli\u017enjega sodelavca, kako se po\u010duti, odgovoril: \u00bbStrah me je.\u00ab\u00a0Foto: Reuters<\/p>\n<p>Kralj Harald\u00a0V. se je rodil 21. februarja 1937 v rezidenci Skaugum v Askerju. Bil je prvi norve\u0161ki kralj po letu 1380, ki se je rodil na Norve\u0161kem. Njegov o\u010de, kralj Olav, se je rodil v Angliji. Ko je 17. januarja 1991 umrl kralj Olav, je prestolonaslednik Harald postal novi norve\u0161ki kralj. Na\u00a0prestolu je sedel 35 let.<\/p>\n<p>Ob smrti o\u010deta naj bi na vpra\u0161anje bli\u017enjega sodelavca, kako se po\u010duti, odgovoril: \u00bbStrah me je.\u00ab\u00a0Takrat je bil star \u017ee 54 let in je dobro poznal naloge, ki jih je prevzemal skupaj z o\u010detovim motom \u00bbVse za Norve\u0161ko\u00ab.\u00a0<\/p>\n<p>Kot se spominjajo norve\u0161ki mediji, je bil prav zaradi tega, ker ni skrival svojih strahov in \u010dlove\u0161kosti, priljubljen in je veljal za ljudskega kralja, ki je ohranjal monarhijo relevantno tudi danes.<\/p>\n<p>        <img decoding=\"async\" data-lb-desktop=\"\/media\/2026\/08\/28\/858366\/Orig-2026-08-27T191955Z_1257935885_RC267NAN19V3_RTRMADP_5_NORWAY-ROYALS-KING-1200.webp\" data-lb-mobile=\"\/media\/2026\/08\/28\/858366\/Orig-2026-08-27T191955Z_1257935885_RC267NAN19V3_RTRMADP_5_NORWAY-ROYALS-KING-600.webp\" class=\"se_image se_image_lb\" src=\"https:\/\/www.europesays.com\/si\/wp-content\/uploads\/2026\/08\/Orig-2026-08-27T191955Z_1257935885_RC267NAN19V3_RTRMADP_5_NORWAY-ROYALS-KING-1000.webp\" alt=\"Norways Crown Prince Haakon and Crown Princess Mette-Marit arrive at the National Hospital, where King Harald is admitted, in Oslo, Norway, August 27, 2026. Amanda Pedersen Giske\/NTB\/via REUTERS  ATTENTION EDITORS - THIS IMAGE WAS PROVIDED BY A THIRD PARTY. NORWAY OUT. NO COMMERCIAL OR EDITORIAL SALES IN NORWAY.\"\/><\/p>\n<p>Norve\u0161ki prestolonaslednik Haakon in prestolonaslednica Mette-Marit na poti v bolni\u0161nico v Oslu. Foto: Reuters<\/p>\n<p>Kralj Harald V. je bil v zadnjih letih najstarej\u0161i vladajo\u010di monarh v Evropi. V zadnjih letih je imel ve\u010d zdravstvenih te\u017eav. Med drugim so mu pred dvema letoma vstavili sr\u010dni spodbujevalnik in je moral zmanj\u0161ati obseg svojih uradnih obveznosti.<\/p>\n<p>    <a class=\"se-card__wrap se-card--link\" href=\"https:\/\/www.dnevnik.si\/novice\/svet\/zdravstveno-stanje-trenutno-najstarejsega-vladajocega-monarha-v-evropi-izredno-resno-2824073\/\" data-upscore-url=\"\" rel=\"nofollow noopener\" target=\"_blank\"><\/p>\n<p>        <img decoding=\"async\" class=\"se-image se-image--card\" src=\"https:\/\/www.europesays.com\/si\/wp-content\/uploads\/2026\/08\/Wide-802793-400.webp\" alt=\"Norway's King Harald, right, and Queen Sonja, left, visit the town of Banska Stiavnica, Slovakia, Thursday, Oct. 28, 2010. King Harald and Queen Sonja are in Slovakia for a four-day visit. (AP Photo\/Petr David Josek)\"\/><\/p>\n<p>Kralj Harald V.<\/p>\n<p>Zdravstveno stanje najstarej\u0161ega vladarja v Evropi izredno resno<\/p>\n<p>    <\/a><\/p>\n<p>  Haraldova dru\u017eina je bila v njegovih zadnjih dneh ob njem. Kraljica Sonja je davi znova pohitela k njegovi bolni\u0161ki postelji.\u00a0Zjutraj so v bolni\u0161nico pri\u0161li tudi otroci prestolonaslednika Haakona, princeska Ingrid Alexandra in princ Sverre Magnus.<\/p>\n","protected":false},"excerpt":{"rendered":"Norve\u0161ki kralj Harald V. je danes\u00a0v starosti 89 let umrl v Oslu.\u00a0Na prestolu je sedel\u00a035 let. Foto: AP&hellip;\n","protected":false},"author":2,"featured_media":206891,"comment_status":"","ping_status":"","sticky":false,"template":"","format":"standard","meta":{"footnotes":"","_share_on_mastodon":"0"},"categories":[8],"tags":[50865,50864,2598,50866,1104,8062,50867,37,38,584,64,63,20734],"class_list":["post-206890","post","type-post","status-publish","format-standard","has-post-thumbnail","category-svet","tag-bakterijska-okuzba","tag-kralj-harald-v","tag-kraljeva-druzina","tag-kraljica-sonja","tag-norveska","tag-oslo","tag-prestolonaslednik-haakon","tag-slovene","tag-slovenscina","tag-smrt","tag-svet","tag-world","tag-zdravstveno-stanje"],"share_on_mastodon":{"url":"https:\/\/pubeurope.com\/@si\/117172643386151020","error":""},"_links":{"self":[{"href":"https:\/\/www.europesays.com\/si\/wp-json\/wp\/v2\/posts\/206890","targetHints":{"allow":["GET"]}}],"collection":[{"href":"https:\/\/www.europesays.com\/si\/wp-json\/wp\/v2\/posts"}],"about":[{"href":"https:\/\/www.europesays.com\/si\/wp-json\/wp\/v2\/types\/post"}],"author":[{"embeddable":true,"href":"https:\/\/www.europesays.com\/si\/wp-json\/wp\/v2\/users\/2"}],"replies":[{"embeddable":true,"href":"https:\/\/www.europesays.com\/si\/wp-json\/wp\/v2\/comments?post=206890"}],"version-history":[{"count":0,"href":"https:\/\/www.europesays.com\/si\/wp-json\/wp\/v2\/posts\/206890\/revisions"}],"wp:featuredmedia":[{"embeddable":true,"href":"https:\/\/www.europesays.com\/si\/wp-json\/wp\/v2\/media\/206891"}],"wp:attachment":[{"href":"https:\/\/www.europesays.com\/si\/wp-json\/wp\/v2\/media?parent=206890"}],"wp:term":[{"taxonomy":"category","embeddable":true,"href":"https:\/\/www.europesays.com\/si\/wp-json\/wp\/v2\/categories?post=206890"},{"taxonomy":"post_tag","embeddable":true,"href":"https:\/\/www.europesays.com\/si\/wp-json\/wp\/v2\/tags?post=206890"}],"curies":[{"name":"wp","href":"https:\/\/api.w.org\/{rel}","templated":true}]}}