{"id":207176,"date":"2026-08-28T14:30:14","date_gmt":"2026-08-28T14:30:14","guid":{"rendered":"https:\/\/www.europesays.com\/si\/207176\/"},"modified":"2026-08-28T14:30:14","modified_gmt":"2026-08-28T14:30:14","slug":"vedno-vec-otrok-s-posebnimi-potrebami-na-letovanjih-prostovoljcev-vedno-manj","status":"publish","type":"post","link":"https:\/\/www.europesays.com\/si\/207176\/","title":{"rendered":"Vedno ve\u010d otrok s posebnimi potrebami na letovanjih, prostovoljcev vedno manj"},"content":{"rendered":"<p>    <img decoding=\"async\" data-lb-desktop=\"\/media\/2026\/08\/28\/858560\/Orig-1188403-1200.webp\" data-lb-mobile=\"\/media\/2026\/08\/28\/858560\/Orig-1188403-600.webp\" class=\"main-gallery-image se_image_lb\" src=\"https:\/\/www.europesays.com\/si\/wp-content\/uploads\/2026\/08\/Wide-1188403-1000.webp\" alt=\"\ufeff5.7.2017 - Vrtec G Rega - Laguna resort - kopali\u0161\u010de - bazenpoletna reporta\u017ea - po\u010ditnice - po\u010ditni\u0161ko varstvo - otroci\/\/\/\/ FOTO: LUKA CJUHA.\"\/><\/p>\n<p>Na letovanjih je sodelovalo 230 prostovoljcev. Foto:\u00a0Luka Cjuha<\/p>\n<p>Vedno ve\u010d otrok s posebnimi potrebami na letovanjih, prostovoljcev vedno manj<\/p>\n<p>Z dana\u0161njo Neresno olimpijado in Lekovim \u017eiv\u017eavom na Trgu svobode se zaklju\u010duje poletni po\u010ditni\u0161ki program Zveze prijateljev mladine (ZPM) Maribor. Na letovanja so letos v ve\u010d izmenah odpeljali 1683 otrok. Vedno ve\u010d je otrok s posebnimi potrebami in potreb po po\u010ditni\u0161kem varstvu, vedno ve\u010dji izziv pa zagotavljanje prostovoljcev.<\/p>\n<p>                        28. 08. 2026, 14.31\n                    <\/p>\n<p> sta\n                    <\/p>\n<p>                        <a href=\"https:\/\/google.com\/preferences\/source?q=dnevnik.si\" class=\"se-author-gps-cta\" target=\"_blank\" rel=\"nofollow noopener\"><br \/>\n                            <img decoding=\"async\" class=\"se-author-gps-cta-badge\" src=\"https:\/\/www.europesays.com\/si\/wp-content\/uploads\/2026\/08\/1787927413_527_dnevnik_gps_badge.png\" alt=\"Google Preferred Sources CTA\"\/><br \/>\n                        <\/a><\/p>\n<p>&#8220;Leto\u0161nje poletje je bilo predvsem zelo vro\u010de, a otroci so vseeno u\u017eivali,&#8221; je na dana\u0161nji novinarski konferenci v Mariboru povedala generalna sekretarka Zveze prijateljev mladine Slovenije (ZPMS) Breda Kra\u0161na.<\/p>\n<p>Po njenih besedah so s sredstvi iz leto\u0161nje akcije Pome\u017eik soncu zagotovili 22 organizatorjem letovanj v Sloveniji ve\u010d kot 600.000 evrov za brezpla\u010dno letovanje pribli\u017eno 1250 otrok. Kon\u010dnih izra\u010dunov \u0161e imajo, lani pa so skupno v vseh 15 po\u010ditni\u0161kih domovih gostili okoli 9000 otrok &#8211; del jih ima delno subvencionirano letovanje, ostalim ga pla\u010dajo star\u0161i.<\/p>\n<p>&#8220;Vsako leto se nam pove\u010dujejo \u0161tevilke otrok s posebnimi potrebami, letos se je zagotovilo sredstva za ve\u010d kot 250 otrok,&#8221; je dodala. \u017deli si, da bi se letovanj udele\u017eevali tudi njihovi spremljevalci. &#8220;Zanimivo je, da spremljevalci teh otrok, ki jih pla\u010duje dr\u017eava in so zaposleni v javnih ustanovah, poleti te otroke prepustijo na\u0161im dru\u0161tvom in zvezam, kar ni prav,&#8221; je dejala.<\/p>\n<p>    <a class=\"se-card__wrap se-card--link\" href=\"https:\/\/www.dnevnik.si\/novice\/slovenija\/odlocbe-posebne-potrebe-ali-bliznjice-na-solski-poti-2789587\/\" data-upscore-url=\"\" rel=\"nofollow noopener\" target=\"_blank\"><\/p>\n<p>        <img decoding=\"async\" class=\"se-image se-image--card\" src=\"https:\/\/www.europesays.com\/si\/wp-content\/uploads\/2026\/08\/Wide-1061354-400.webp\" alt=\"Odlo\u010dbe: Posebne potrebe ali bli\u017enjice na \u0161olski poti?\"\/><\/p>\n<p>\u0161olstvo<\/p>\n<p>Odlo\u010dbe: Posebne potrebe ali bli\u017enjice na \u0161olski poti?<\/p>\n<p>    <\/a><\/p>\n<p>ZPMS je ponovno tudi razpisala posebna sredstva za druge po\u010ditni\u0161ke dejavnosti. &#8220;Dru\u0161tvom na terenu pomagamo finan\u010dno, da lahko izpeljejo ve\u010d delavnic in varstev. Potreba po varstvih v poletnih mesecih je namre\u010d zelo velika,&#8221; je povedala Kra\u0161na.<\/p>\n<p>Samo mariborska ZPM je v 49 po\u010ditni\u0161kih dneh po besedah koordinatorice dejavnosti Sare Irman Kolar organizirala ve\u010d kot 400 dejavnosti, kot so tematski izleti, delavnice in igralnice. S sofinanciranjem dr\u017eave in Mestne ob\u010dine Maribor so omogo\u010dili brezpla\u010dno varstvo okoli 200 otrokom. &#8220;Ker je bilo povpra\u0161evanje zelo veliko, smo se odlo\u010dili, da sprejmemo otroke tudi pla\u010dljivo,&#8221; je pojasnila.<\/p>\n<p>Skupno so v Domu ustvarjalnosti mladih v Mariboru \u010dez po\u010ditnice zabele\u017eili obiske ve\u010d kot 700 razli\u010dnih otrok, na delavnicah Art Kampa, ki so jih izvajali v okviru Festivala Lent, so imeli okoli 9100 obiskov. &#8220;Skupno bele\u017eimo obiske na vseh dejavnostih letos v \u0161tevilki 13.260, kar je za skoraj tiso\u010d obiskov ve\u010d kot lansko leto,&#8221; je ponazorila Irman Kolar.<\/p>\n<p>    <a class=\"se-card__wrap se-card--link\" href=\"https:\/\/www.dnevnik.si\/novice\/slovenija\/pripravljen-je-osnutek-zakona-o-skladu-za-redke-bolezni-otrok-2824292\/\" data-upscore-url=\"\" rel=\"nofollow noopener\" target=\"_blank\"><\/p>\n<p>        <img decoding=\"async\" class=\"se-image se-image--card\" src=\"https:\/\/www.europesays.com\/si\/wp-content\/uploads\/2026\/08\/Wide-20260601_01544628-400.webp\" alt=\"Ljubljana, DZ.Predstavitev kandidata za ministra za zdravje Tadeja Ostrca pred pristojnim odborom DZ. \"\/><\/p>\n<p>Zdravljenje<\/p>\n<p>Pripravljen je osnutek zakona o skladu za redke bolezni otrok<\/p>\n<p>    <\/a><\/p>\n<p>Na letovanjih v Pore\u010du in na Pohorju v njihovi organizaciji je bilo po besedah sekretarja ZPM Maribor Bo\u017eidarja Rau\u0161la 53 otrok ve\u010d kot lani. Kot je dejal, je bilo manj zdravstvenih predlogov za letovanje kot v minulih letih, a to ni zmanj\u0161alo povpra\u0161evanja, saj so vsa mesta zapolnili v dveh urah po za\u010detku zbiranja prijav. Povsem brezpla\u010dno je letovalo 296 otrok, kar je 33 ve\u010d kot lani.<\/p>\n<p>Na letovanjih je sodelovalo 230 prostovoljcev. Rau\u0161l je opozoril na vedno ve\u010dji izziv zagotavljanja prostovoljcev za izvajanje programov, med drugim tudi zaradi odpovedi sodelovanja v zadnjem hipu, kar organizatorjem povzro\u010da velike te\u017eave pri izvedbi.<\/p>\n<p>&#8220;Prostovoljstvo kot vrednoto je treba dvigniti na raven, da bo \u010dast in ponos biti prostovoljec, ter poiskati re\u0161itve, da bomo pri\u0161li do njih,&#8221; je dodala predsednica ZPM Maribor Nina Babi\u010d in med drugim izpostavila pomen programa Tom telefon, ki neprekinjeno skozi vse leto svetuje otrokom in mladostnikom v stiski.<\/p>\n<p>Na za\u010detku poletja so med drugim izvedli tabor za nadarjene, ki sodi v program Omogo\u010dimo sanje, s katerim bodo nadaljevali tudi jeseni. Prav tako so \u017ee stekle priprave na ostale programe v novem \u0161olskem letu, kot so Otro\u0161ki parlament, Teden otroka, Mladi za napredek Maribora in Bralna zna\u010dka.<\/p>\n<p>    <a class=\"se-card__wrap se-card--link\" href=\"https:\/\/www.dnevnik.si\/novice\/slovenija\/matoz-ob-zacetku-sole-za-varnost-otrok-smo-odgovorni-vsi-ne-le-policija-in-institucije-2824253\/\" data-upscore-url=\"\" rel=\"nofollow noopener\" target=\"_blank\"><\/p>\n<p>        <img decoding=\"async\" class=\"se-image se-image--card\" src=\"https:\/\/www.europesays.com\/si\/wp-content\/uploads\/2026\/08\/Wide-020626bv679-2-400.webp\" alt=\"- Franci Matoz, kandidat za ministra za notranje zadeve,- 02.06.2026. - Zasli\u0161anja kandidatov za ministre 4. vleda Janeza Jan\u0161e pred parlamentarnimi odbori v DZ RS.\/\/FOTO: Bojan Velikonja\"\/><\/p>\n<p>Nazaj za klopi<\/p>\n<p>Matoz ob za\u010detku \u0161ole: Za varnost otrok smo odgovorni vsi, ne le policija in institucije<\/p>\n<p>    <\/a><\/p>\n","protected":false},"excerpt":{"rendered":"Na letovanjih je sodelovalo 230 prostovoljcev. Foto:\u00a0Luka Cjuha Vedno ve\u010d otrok s posebnimi potrebami na letovanjih, prostovoljcev vedno&hellip;\n","protected":false},"author":2,"featured_media":207177,"comment_status":"","ping_status":"","sticky":false,"template":"","format":"standard","meta":{"footnotes":"","_share_on_mastodon":"0"},"categories":[22],"tags":[50922,50920,150,503,12506,538,50923,50921,3023,62,37,58,60,38,16395],"class_list":["post-207176","post","type-post","status-publish","format-standard","has-post-thumbnail","category-maribor","tag-brezplacno-varstvo","tag-letovanja","tag-maribor","tag-otroci","tag-otroci-s-posebnimi-potrebami","tag-pocitnice","tag-poletne-dejavnosti","tag-pomezik-soncu","tag-prostovoljstvo","tag-si","tag-slovene","tag-slovenia","tag-slovenija","tag-slovenscina","tag-zpms"],"share_on_mastodon":{"url":"https:\/\/pubeurope.com\/@si\/117173618522326159","error":""},"_links":{"self":[{"href":"https:\/\/www.europesays.com\/si\/wp-json\/wp\/v2\/posts\/207176","targetHints":{"allow":["GET"]}}],"collection":[{"href":"https:\/\/www.europesays.com\/si\/wp-json\/wp\/v2\/posts"}],"about":[{"href":"https:\/\/www.europesays.com\/si\/wp-json\/wp\/v2\/types\/post"}],"author":[{"embeddable":true,"href":"https:\/\/www.europesays.com\/si\/wp-json\/wp\/v2\/users\/2"}],"replies":[{"embeddable":true,"href":"https:\/\/www.europesays.com\/si\/wp-json\/wp\/v2\/comments?post=207176"}],"version-history":[{"count":0,"href":"https:\/\/www.europesays.com\/si\/wp-json\/wp\/v2\/posts\/207176\/revisions"}],"wp:featuredmedia":[{"embeddable":true,"href":"https:\/\/www.europesays.com\/si\/wp-json\/wp\/v2\/media\/207177"}],"wp:attachment":[{"href":"https:\/\/www.europesays.com\/si\/wp-json\/wp\/v2\/media?parent=207176"}],"wp:term":[{"taxonomy":"category","embeddable":true,"href":"https:\/\/www.europesays.com\/si\/wp-json\/wp\/v2\/categories?post=207176"},{"taxonomy":"post_tag","embeddable":true,"href":"https:\/\/www.europesays.com\/si\/wp-json\/wp\/v2\/tags?post=207176"}],"curies":[{"name":"wp","href":"https:\/\/api.w.org\/{rel}","templated":true}]}}