{"id":207184,"date":"2026-08-28T14:37:19","date_gmt":"2026-08-28T14:37:19","guid":{"rendered":"https:\/\/www.europesays.com\/si\/207184\/"},"modified":"2026-08-28T14:37:19","modified_gmt":"2026-08-28T14:37:19","slug":"novi-norveski-kralj-je-53-letni-haakon-viii","status":"publish","type":"post","link":"https:\/\/www.europesays.com\/si\/207184\/","title":{"rendered":"Novi norve\u0161ki kralj je 53-letni Haakon VIII."},"content":{"rendered":"<p>\t\t\t\t\t\t\t\t<a href=\"https:\/\/www.europesays.com\/si\/wp-content\/uploads\/2026\/08\/67084432.jpg\" itemprop=\"contentUrl\" data-size=\"1200x800\" data-large=\"https:\/\/www.europesays.com\/si\/wp-content\/uploads\/2026\/08\/67084432.jpg\"><br \/>\n\t\t\t\t\t\t\t\t\t<img decoding=\"async\" src=\"https:\/\/www.europesays.com\/si\/wp-content\/uploads\/2026\/08\/67084432.jpg\" title=\"Pri opravljanju kraljevih dol\u017enosti je monarh tesno sodeloval s pokojnim o\u010detom. Foto: AP\" alt=\"Pri opravljanju kraljevih dol\u017enosti je monarh tesno sodeloval s pokojnim o\u010detom. Foto: AP\"\/><br \/>\n\t\t\t\t\t\t\t\t<\/a><\/p>\n<p>\t\t\t\t\t\t\t\t\tPri opravljanju kraljevih dol\u017enosti je monarh tesno sodeloval s pokojnim o\u010detom. Foto: AP<\/p>\n<p>\t\t\t\t\t\t\t<a id=\"preferredSourceBanner\" href=\"https:\/\/www.rtvslo.si\/zabava-in-slog\/znani\/novi-norveski-kralj-je-53-letni-haakon-viii\/javascript:void(0)\" target=\"_blank\" class=\"d-none align-items-center justify-content-between rounded my-3\" style=\"padding: 10px 15px;\" rel=\"nofollow noopener\"><br \/>\n\t\t\t\t\t\t<img decoding=\"async\" src=\"https:\/\/img.rtvslo.si\/_static\/novi\/img\/ico-google.svg\" class=\"flex-shrink-0 mr-3\" aria-hidden=\"true\"\/><br \/>\n\t\t\t\t\t\tSpremljajte RTVSLO.si kot prednostni vir na Google<\/p>\n<p>\t\t\t\t\t<\/a><\/p>\n<p>Novope\u010deni norve\u0161ki kralj se je po smrti svojega o\u010deta, kralja Haralda V., s svojo naslednico, h\u010derjo princeso Ingrid Alexandro, sestal z vlado na izrednem sestanku. Poleg uradnega imena, za kar si je izbral Haakon VIII., je naznanil tudi geslo svoje vladavine, in sicer &#8220;Vse za Norve\u0161ko&#8221;, kar je bilo tudi geslo njegovega o\u010deta, dedka in pradedka.<\/p>\n<p>Oglas<\/p>\n<p>Norve\u0161ka kraljeva dru\u017eina je medtem \u017ee objavila uradni portret novega kralja.<\/p>\n<p>Haakon VIII. bo moral v naslednjih dneh prise\u010di pred parlamentom. V skladu z ustavo bo moral pred poslanci slovesno izjaviti: &#8220;Obljubljam in prisegam, da bom Kraljevini Norve\u0161ki vladal v skladu z ustavo in zakoni, naj mi pri tem pomaga vsemogo\u010dni in vsevedni Bog.&#8221;<\/p>\n<p>Pri opravljanju kraljevih dol\u017enosti je monarh sicer tesno sodeloval s pokojnim o\u010detom, v zadnjih letih je prav zaradi Haraldovih zdravstvenih te\u017eav oz. odsotnosti prevzel ve\u010d odgovornosti.<\/p>\n<p>Ima \u0161e dve leti starej\u0161o sestro, princeso M\u00e4rtho Louise<\/p>\n<p>Haakon, \u010detrti kralj iz rodbine Gl\u00fccksburg, se je rodil 20. julija 1973 kot drugi otrok kasnej\u0161emu kralju Haraldu V. in kraljici Sonji. Ime je dobil po pradedu, kralju Haakonu VII., ki je norve\u0161ki prestol prevzel po ponovni vzpostavitvi norve\u0161ke samostojnosti z lo\u010ditvijo od Unije s \u0160vedsko leta 1905. Haakon je sicer pogosto norve\u0161ko ime; tudi njegov stric po materini strani je Haakon (Haraldsen). Srednje ime Magnus je novope\u010deni kralj dobil po norve\u0161kem svetniku in mu\u010deniku.<\/p>\n<p>53-letni monarh ima \u0161e dve leti starej\u0161o sestro, princeso M\u00e4rtho Louise, a je imel kot prvi mo\u0161ki potomec Haralda on pravico do nasledstva prestola. Leta 1990 je sicer pri\u0161lo do spremembe ustave, po kateri je pravica do nasledstva prestola pre\u0161la na prvorojenega otroka, ne glede na spol. Ker ta pravica ni veljala retroaktivno, je 17. januarja 1991 ob smrti deda, kralja Olava V. prestolonaslednik postal on.<\/p>\n<p>Kralj ima sicer na Norve\u0161kem prete\u017eno ceremonialno vlogo, podobno kot v ve\u010dini evropskih monarhij. V sodelovanju z vlado in parlamentom predstavlja dr\u017eavo v tujini in sprejema tuje dr\u017eavnike in diplomate. Formalno tudi imenuje vlado in podpisuje zakone.<\/p>\n<p>\t\t\t\t\t\t\t\t\t<a href=\"https:\/\/www.rtvslo.si\/n\/792120\" class=\"image-link image-heading image-container container-16-9\" data-large=\"https:\/\/img.rtvcdn.si\/_up\/upload\/2026\/08\/28\/67084128.jpg\" rel=\"nofollow noopener\" target=\"_blank\"><br \/>\n\t\t\t\t\t\t\t\t\t\t<img decoding=\"async\" src=\"https:\/\/www.europesays.com\/si\/wp-content\/uploads\/2026\/08\/67084128_thumb.jpg\" class=\"image-preview\"\/><br \/>\n\t\t\t\t\t\t\t\t\t<\/a><\/p>\n<p>\t\t\t\t\t\t\t\t\t\tSorodna novica<br \/>\n\t\t\t\t\t\t\t\t\t\t<a href=\"https:\/\/www.rtvslo.si\/n\/792120\" rel=\"nofollow noopener\" target=\"_blank\">Umrl je najstarej\u0161i evropski monarh, norve\u0161ki kralj Harald V.<\/a><\/p>\n<p>\t\t\t\t\t\t\tDiplomiral na mornari\u0161ki akademiji, \u0161tudiral tudi v ZDA<\/p>\n<p>Haakon je moral podobno kot pred njim o\u010de, v voja\u0161ko slu\u017ebo. Leta 1995 je diplomiral na mornari\u0161ki akademiji in nato leto dni slu\u017eil na krovu razli\u010dnih norve\u0161kih voja\u0161kih ladij.<\/p>\n<p>Zatem se je podal na \u0161tudij v ZDA, kjer je na univerzi v Berkeleyju diplomiral iz politologije. \u0160tudij je nadaljeval \u0161e na univerzi v Oslu in opravil izpit za javnega uslu\u017ebenca na zunanjem ministrstvu, na Londonski \u0161oli za ekonomske in politi\u010dne vede pa je pridobil naziv magistra razvojnih \u0161tudij, s poudarkom na mednarodni trgovini in Afriki. V povezavi s tem je postal tudi ambasador dobre volje Programa Zdru\u017eenih narodov za razvoj.<\/p>\n<p>Medtem se je vzpenjal tudi po hierarhi\u010dni lestvici norve\u0161kih oboro\u017eenih sil \u2013 leta 2013 je postal admiral kraljeve mornarice, v letalskih silah pa je pridobil \u010din generala. Tri leta pozneje je opravil urjenje z norve\u0161kimi voja\u0161kimi specialci in postal voja\u0161ki padalec. Je zelo dejaven na podro\u010dju razvojnih vpra\u0161anj v svetu. <\/p>\n<p>\t\t\t\t\t\t\t\t<a href=\"https:\/\/www.europesays.com\/si\/wp-content\/uploads\/2026\/08\/67084430.jpg\" itemprop=\"contentUrl\" data-size=\"1200x800\" data-large=\"https:\/\/www.europesays.com\/si\/wp-content\/uploads\/2026\/08\/67084430.jpg\"><br \/>\n\t\t\t\t\t\t\t\t\t<img decoding=\"async\" src=\"https:\/\/www.europesays.com\/si\/wp-content\/uploads\/2026\/08\/67084430.jpg\" title=\"S poroko je poskrbel za \" foto:=\"\" alt=\"S poroko je poskrbel za \"\/><br \/>\n\t\t\t\t\t\t\t\t<\/a><\/p>\n<p>\t\t\t\t\t\t\t\t\tS poroko je poskrbel za &#8220;razburjenje&#8221;. Foto: Reuters<\/p>\n<p>\t\t\t\t\t\t\tSre\u010do je na\u0161el z Mette-Marit<\/p>\n<p>Podobno kot njegov o\u010de je tudi Haakon poskrbel za precej\u0161nje &#8220;razburjenje&#8221;, ko se je poro\u010dil. \u010ce je bil Harald prvi v norve\u0161ki kraljevi dru\u017eini, ki se je poro\u010dil z navadno dr\u017eavljanko, Sonjo Haraldsen, in je moral za o\u010detov blagoslov \u010dakati kar devet let, je bil Haakon prvi, ki se je poro\u010dil z \u017eensko z otrokom.<\/p>\n<p>Javnost je zvezo z Mette-Marit Tjessem H\u00f8iby, neporo\u010deno samohranilko, ki je princa spoznala na glasbenem festivalu, dojemala precej negativno, tudi zaradi dejstva, da je bil o\u010de njenega otroka obsojen zaradi kaznivih dejanj, povezanih z mamili. Tudi sicer naj bi se veliko dru\u017eila z ljudmi, ki so imeli dostop do prepovedanih substanc.<\/p>\n<p>Pa vendar se Haakon, ki je imel pred tem v 90. letih neuspe\u0161no zvezo s Celino Midelfart, ni dal in je vztrajal v zvezi z Mette-Marit. Zakonsko zvezo sta sklenila leta 2001, poro\u010dna pri\u010da pa mu je bil tedanji danski prestolonaslednik, zdaj kralj Frederik X.<\/p>\n<p>\t\t\t\t\t\t\t\t<a href=\"https:\/\/www.europesays.com\/si\/wp-content\/uploads\/2026\/08\/67084431.jpg\" itemprop=\"contentUrl\" data-size=\"1200x800\" data-large=\"https:\/\/www.europesays.com\/si\/wp-content\/uploads\/2026\/08\/67084431.jpg\"><br \/>\n\t\t\t\t\t\t\t\t\t<img decoding=\"async\" src=\"https:\/\/www.europesays.com\/si\/wp-content\/uploads\/2026\/08\/67084431.jpg\" title=\"Vlada se je \u017ee sestala z novim kraljem Haakonom in njegovo prestolonaslednico, princeso Ingrid Alexandro. Foto: Reuters\" alt=\"Vlada se je \u017ee sestala z novim kraljem Haakonom in njegovo prestolonaslednico, princeso Ingrid Alexandro. Foto: Reuters\"\/><br \/>\n\t\t\t\t\t\t\t\t<\/a><\/p>\n<p>\t\t\t\t\t\t\t\t\tVlada se je \u017ee sestala z novim kraljem Haakonom in njegovo prestolonaslednico, princeso Ingrid Alexandro. Foto: Reuters<\/p>\n<p>\t\t\t\t\t\t\tKraljevo dru\u017eino pretresajo \u0161kandali<\/p>\n<p>Leta 2004 se je zakoncema rodila princesa Ingrid Alexandra, leto kasneje pa \u0161e princ Sverre Magnus. Kot omenjeno, je 22-letna princesa zdaj postala prestolonaslednica.<\/p>\n<p>Leta 1997 rojen prvi sin Mette-Marit, Marius Borg H\u00f8iby, nima pravice do prestola. Kraljevi dru\u017eini trenutno povzro\u010da precej sivih las; sodili (in obsodili) so ga zaradi posilstev in partnerskega nasilja. Medtem se nova kraljica otepa o\u010ditkov zaradi prijateljevanja z obsojenim ameri\u0161kim spolnim prestopnikom Jeffreyjem Epsteinom \u2013 za &#8220;slabo presojo&#8221; se je pokojnemu kralju opravi\u010dila in izjavila, da si \u017eeli, da Ameri\u010dana nikoli ne bi sre\u010dala.<\/p>\n<p>Kako bosta \u0161kandala vplivala na novega kralja, bo verjetno treba po\u010dakati \u0161e nekaj \u010dasa. Pokojni Harald V. je komentarje na to temo zavra\u010dal.<\/p>\n<p>\t\t\t\t\t\t\t\t<a href=\"https:\/\/www.europesays.com\/si\/wp-content\/uploads\/2026\/08\/67084427.jpg\" itemprop=\"contentUrl\" data-size=\"1200x800\" data-large=\"https:\/\/www.europesays.com\/si\/wp-content\/uploads\/2026\/08\/67084427.jpg\"><br \/>\n\t\t\t\t\t\t\t\t\t<img decoding=\"async\" src=\"https:\/\/www.europesays.com\/si\/wp-content\/uploads\/2026\/08\/67084427.jpg\" title=\"Je velik navija\u010d norve\u0161ke nogometne reprezentance. Na fotografiji je z nogometa\u0161em Erlingom Haalandom. Foto: Reuters\" alt=\"Je velik navija\u010d norve\u0161ke nogometne reprezentance. Na fotografiji je z nogometa\u0161em Erlingom Haalandom. Foto: Reuters\"\/><br \/>\n\t\t\t\t\t\t\t\t<\/a><\/p>\n<p>\t\t\t\t\t\t\t\t\tJe velik navija\u010d norve\u0161ke nogometne reprezentance. Na fotografiji je z nogometa\u0161em Erlingom Haalandom. Foto: Reuters<\/p>\n<p>\t\t\t\t\t\t\tNavdu\u0161enec nad jadranjem in pustolovec<\/p>\n<p>Haakon sicer zasebno rad jadra \u2013 podobno kot njegov o\u010de, ki se je kot jadralec celo udele\u017eil treh olimpijskih iger. \u0160e posebej mu je pri srcu jadranje na deski, \u010deprav le amatersko.<\/p>\n<p>Prav tako kot Harald V. velja za precej\u0161njega pustolovca. Med drugim je leta 2022 z ekspedicijo s kajtom na snegu pre\u010dkal Grenlandijo.<\/p>\n<p>Je tudi ljubitelj glasbe. Pogosto se je udele\u017eeval razli\u010dnih glasbenih festivalov po vsej Evropi, med drugim znanega festivala Roskilde na Danskem. Leta 2011 se je celo pridru\u017eil angle\u0161ko-norve\u0161ki glasbeni skupini Katzenjammer pri izvedbi njihovega bo\u017ei\u010dnega albuma.<\/p>\n<p>Seveda je novi vladar norve\u0161ke tudi navdu\u0161enec nad nogometom, zlasti obo\u017euje norve\u0161ko reprezentanco, ki je bila na leto\u0161njem nogometnem svetovnem prvenstvu med ob\u010dinstvom zelo priljubljena. Skupaj s tiso\u010di navija\u010dev se je udele\u017eil tudi ikoni\u010dnega &#8220;vikin\u0161kega veslanja&#8221; pred kraljevo pala\u010do ob vrnitvi nogometa\u0161ev po porazu z Anglijo v \u010detrtfinalu. Haakon je bil prvi &#8220;v \u010dolnu&#8221;, skupaj s \u0161e 150.000 navija\u010di.<\/p>\n<p>Oglas<\/p>\n","protected":false},"excerpt":{"rendered":"Pri opravljanju kraljevih dol\u017enosti je monarh tesno sodeloval s pokojnim o\u010detom. Foto: AP Spremljajte RTVSLO.si kot prednostni vir&hellip;\n","protected":false},"author":2,"featured_media":207185,"comment_status":"","ping_status":"","sticky":false,"template":"","format":"standard","meta":{"footnotes":"","_share_on_mastodon":"0"},"categories":[8],"tags":[50924,50718,3915,1104,37,38,64,63],"class_list":["post-207184","post","type-post","status-publish","format-standard","has-post-thumbnail","category-svet","tag-haakon-viii","tag-harald-v","tag-kralj","tag-norveska","tag-slovene","tag-slovenscina","tag-svet","tag-world"],"share_on_mastodon":{"url":"https:\/\/pubeurope.com\/@si\/117173646209926119","error":""},"_links":{"self":[{"href":"https:\/\/www.europesays.com\/si\/wp-json\/wp\/v2\/posts\/207184","targetHints":{"allow":["GET"]}}],"collection":[{"href":"https:\/\/www.europesays.com\/si\/wp-json\/wp\/v2\/posts"}],"about":[{"href":"https:\/\/www.europesays.com\/si\/wp-json\/wp\/v2\/types\/post"}],"author":[{"embeddable":true,"href":"https:\/\/www.europesays.com\/si\/wp-json\/wp\/v2\/users\/2"}],"replies":[{"embeddable":true,"href":"https:\/\/www.europesays.com\/si\/wp-json\/wp\/v2\/comments?post=207184"}],"version-history":[{"count":0,"href":"https:\/\/www.europesays.com\/si\/wp-json\/wp\/v2\/posts\/207184\/revisions"}],"wp:featuredmedia":[{"embeddable":true,"href":"https:\/\/www.europesays.com\/si\/wp-json\/wp\/v2\/media\/207185"}],"wp:attachment":[{"href":"https:\/\/www.europesays.com\/si\/wp-json\/wp\/v2\/media?parent=207184"}],"wp:term":[{"taxonomy":"category","embeddable":true,"href":"https:\/\/www.europesays.com\/si\/wp-json\/wp\/v2\/categories?post=207184"},{"taxonomy":"post_tag","embeddable":true,"href":"https:\/\/www.europesays.com\/si\/wp-json\/wp\/v2\/tags?post=207184"}],"curies":[{"name":"wp","href":"https:\/\/api.w.org\/{rel}","templated":true}]}}