{"id":207206,"date":"2026-08-28T14:55:15","date_gmt":"2026-08-28T14:55:15","guid":{"rendered":"https:\/\/www.europesays.com\/si\/207206\/"},"modified":"2026-08-28T14:55:15","modified_gmt":"2026-08-28T14:55:15","slug":"brisanje-spomina-na-nacizem-taborisce-bi-prekrili-s-poslovnimi-stavbami","status":"publish","type":"post","link":"https:\/\/www.europesays.com\/si\/207206\/","title":{"rendered":"Brisanje spomina na nacizem? Tabori\u0161\u010de bi prekrili s poslovnimi stavbami"},"content":{"rendered":"<p>    <img decoding=\"async\" data-lb-desktop=\"\/media\/2026\/08\/28\/858476\/Orig-zemljisce32453-1200.webp\" data-lb-mobile=\"\/media\/2026\/08\/28\/858476\/Orig-zemljisce32453-600.webp\" class=\"main-gallery-image se_image_lb\" src=\"https:\/\/www.europesays.com\/si\/wp-content\/uploads\/2026\/08\/Wide-zemljisce32453-1000.webp\" alt=\"Nekdanje nacisti\u010dno tabori\u0161\u010de v Avstriji.\"\/><\/p>\n<p>Kompleks Weinberglager so po priklju\u010ditvi Avstrije nacisti\u010dni Nem\u010diji leta 1938 uporabljali za zapornike in prisilne delavce, zlasti \u017eenske. Foto: Wikimedia Commons<\/p>\n<p>Brisanje spomina na nacizem? Tabori\u0161\u010de bi prekrili s poslovnimi stavbami<\/p>\n<p>Na obmo\u010dju nekdanjega nacisti\u010dnega tabori\u0161\u010da pri avstrijskem Leobersdorfu nastaja poslovni park. Aktivisti in zgodovinarji opozarjajo, da bi z gradnjo izginili pomembni materialni dokazi o grozotah nacizma.<\/p>\n<p>                        28. 08. 2026, 13.17\n                    <\/p>\n<p> alp\n                    <\/p>\n<p>                        <a href=\"https:\/\/google.com\/preferences\/source?q=dnevnik.si\" class=\"se-author-gps-cta\" target=\"_blank\" rel=\"nofollow noopener\"><br \/>\n                            <img decoding=\"async\" class=\"se-author-gps-cta-badge\" src=\"https:\/\/www.europesays.com\/si\/wp-content\/uploads\/2026\/08\/1787928913_322_dnevnik_gps_badge.png\" alt=\"Google Preferred Sources CTA\"\/><br \/>\n                        <\/a><\/p>\n<p>Na zara\u0161\u010denem zemlji\u0161\u010du pri avstrijskem mestu Leobersdorf je od nekdaj obse\u017enega nacisti\u010dnega tabori\u0161\u010da ostalo le nekaj propadajo\u010dih betonskih struktur. Zdaj je del obmo\u010dja predviden za gradnjo poslovnega parka s hladilnim skladi\u0161\u010dem in trgovino diskontne verige Lidl. Odlo\u010ditev je spro\u017eila ogor\u010denje aktivistov in pozive k ohranitvi preostalih sledi nacisti\u010dnega tabori\u0161\u010da.<\/p>\n<p>Kompleks Weinberglager so po priklju\u010ditvi Avstrije nacisti\u010dni Nem\u010diji leta 1938 uporabljali za zapornike in prisilne delavce. Njegov del je pozneje postal podtabor Hirtenberg koncentracijskega tabori\u0161\u010da Mauthausen, enega najve\u010djih nacisti\u010dnih tabori\u0161\u010d v Avstriji, namenjenih izklju\u010dno \u017eenskam. Med septembrom 1944 in aprilom 1945 je bilo tam zaprtih pribli\u017eno 400 \u017eensk, ve\u010dinoma iz Sovjetske zveze, pa tudi iz Italije in Poljske. Prisiljene so bile izdelovati pehotno strelivo v bli\u017enjem tovarni\u0161kem kompleksu, navaja AFP.<\/p>\n<p>    <a class=\"se-card__wrap se-card--link\" href=\"https:\/\/www.dnevnik.si\/novice\/ljubljana\/razprava-o-nacizmu-kot-ogledalo-politicnih-delitev-v-ljubljani-2782216\/\" data-upscore-url=\"\" rel=\"nofollow noopener\" target=\"_blank\"><\/p>\n<p>        <img decoding=\"async\" class=\"se-image se-image--card\" src=\"https:\/\/www.europesays.com\/si\/wp-content\/uploads\/2026\/08\/Wide-LUKA2950-1-400.webp\" alt=\"26.12.2025 - Pre\u0161ernov trgu v Ljubljana shod harmonikarjev - harmonikaFoto: Luka Cjuha\"\/><\/p>\n<p>Poveli\u010devanje nacizma<\/p>\n<p>Razprava o nacizmu kot ogledalo politi\u010dnih delitev v Ljubljani<\/p>\n<p>    <\/a><\/p>\n<p>Aktivisti se ne dajo<\/p>\n<p>Po vojni so barake in ve\u010dino drugih objektov postopoma poru\u0161ili, preuredili ali uni\u010dili. Arheolo\u0161ke raziskave so sicer potrdile obstoj ostankov nekdanjega tabori\u0161\u010da, vendar je avstrijski zvezni urad za spomeni\u0161ko varstvo ocenil, da jih ni dovolj za za\u0161\u010dito kot kulturnega spomenika. Ker so gradbeni stroji \u017ee za\u010deli pripravljati zemlji\u0161\u010de, so aktivisti svoje zahteve po ohranitvi obmo\u010dja okrepili.<\/p>\n<p>\u00bbNekdanjega koncentracijskega tabori\u0161\u010da ne bi smeli pozidati z novimi objekti,\u00ab je sporo\u010dil Mednarodni odbor Mauthausen. Zgodovinar Bertrand Perz, strokovnjak za tabori\u0161\u010de Mauthausen, je za AFP dejal, da je obmo\u010dje Hirtenberga zgodovinsko pomembno tudi zato, ker so bile zapornice v kulturi spominjanja na Mauthausen pogosto potisnjene na rob. Predstavnik avstrijskega odbora Mauthausen Josef Pumberger je dejal, da ga prevzemajo \u017ealost, jeza in bes, ker se to dogaja v Avstriji leta 2026.<\/p>\n<p>    <a class=\"se-card__wrap se-card--link\" href=\"https:\/\/www.dnevnik.si\/objektiv\/keith-lowe-zgodovinar-dan-zmage-je-bil-ponovno-rojstvo-evrope-2730062\/\" data-upscore-url=\"\" rel=\"nofollow noopener\" target=\"_blank\"><\/p>\n<p>        <img decoding=\"async\" class=\"se-image se-image--card\" src=\"https:\/\/www.europesays.com\/si\/wp-content\/uploads\/2026\/08\/Wide-3-1266350-400.webp\" alt=\"\ufeff- 24.11.2018 - Keith Lowe, britanski zgodovinar ob izidu njegove nove knjige v sloven\u0161\u010dini z naslovom Strah in svoboda: Kako nas je spremenila druga svetovna vojna \/\/FOTO: Luka Cjuha.\"\/><\/p>\n<p>Intervju<\/p>\n<p>Keith Lowe, zgodovinar: Dan zmage je bil ponovno rojstvo Evrope<\/p>\n<p>    <\/a><\/p>\n<p>Spomin proti gospodarskim interesom<\/p>\n<p>Projekt je dodatno sporen zaradi preteklega lastni\u0161tva zemlji\u0161\u010da. To je bilo v lasti podjetja, povezanega z lokalnim \u017eupanom Andreasom Ramharterjem, ki ga je prodalo v letih 2022 in 2023 za ve\u010d kot 15 milijonov evrov, poro\u010dajo avstrijski mediji. Dru\u017eba TRA LEO GmbH &amp; Co KG, ki je zemlji\u0161\u010de kupila, je za AFP povedala, da je ponudila podporo pri postavitvi spominskega obele\u017eja. Lidl je potrdil na\u010drtovano trgovino, vendar poudaril, da ta ne bo stala neposredno na obmo\u010dju nekdanjega koncentracijskega tabori\u0161\u010da, temve\u010d na sosednjem zemlji\u0161\u010du.<\/p>\n<p>Avstrija je po drugi svetovni vojni dolgo poudarjala predvsem svojo vlogo \u017ertve nacizma in zanemarjala sodelovanje dela prebivalstva pri nacisti\u010dnih zlo\u010dinih. \u0160ele od poznih osemdesetih let se je dr\u017eava za\u010dela bolj odkrito soo\u010dati s svojo odgovornostjo. Perz ocenjuje, da bi bila dana\u0161nja razprava o Hirtenbergu v osemdesetih letih nepredstavljiva, danes pa je ob\u010dutljivost zaradi nekdanjih nacisti\u010dnih prizori\u0161\u010d ve\u010dja. Hkrati po njegovih besedah nara\u0161\u010da nasprotno stali\u0161\u010de, da je treba tak\u0161en\u00a0na\u010din\u00a0spopadanja s preteklostjo kon\u010dati.<\/p>\n<p>    <a class=\"se-card__wrap se-card--link\" href=\"https:\/\/www.dnevnik.si\/novice\/slovenija\/italijanski-neonacisti-ob-soci-kurili-ogenj-in-izobesili-nacisticno-zastavo-2822063\/\" data-upscore-url=\"\" rel=\"nofollow noopener\" target=\"_blank\"><\/p>\n<p>        <img decoding=\"async\" class=\"se-image se-image--card\" src=\"https:\/\/www.europesays.com\/si\/wp-content\/uploads\/2026\/08\/Wide-Posnetek_zaslona_2025-03-31_115809-400.webp\" alt=\"Avstrijska policija je pri prometni kontroli na droge ustavila voznika, ki je preva\u017eal oro\u017eje in simbole iz \u010dasa nacizma.Nacizem, Nem\u010dija, Druga svetovna vojna, oro\u017eje, pu\u0161ke, staro oro\u017eje, Adolf Hitler\"\/><\/p>\n<p>kobarid<\/p>\n<p>Italijanski neonacisti ob So\u010di kurili ogenj in izobesili zastavo s kljukastim kri\u017eem<\/p>\n<p>    <\/a><\/p>\n<p>Na \u0161ir\u0161e politi\u010dno ozadje vpliva tudi vzpon skrajno desne svobodnja\u0161ke stranke FP\u00d6, ki je zmagala na parlamentarnih volitvah leta 2024 in je del vladajo\u010dih koalicij v petih od devetih avstrijskih de\u017eel. V sredi\u0161\u010du Leobersdorfa \u0161tevilni doma\u010dini, s katerimi je govoril AFP, za projekt niso vedeli ali o njem niso \u017eeleli govoriti. Leta 2024 so sicer postavili spominsko obele\u017eje za \u017ertve tabori\u0161\u010da Hirtenberg, vendar Pumberger meni, da to ni dovolj. Po njegovem mnenju so pomembni tudi fizi\u010dni ostanki stavb, v katerih so nacisti ljudi zapirali, mu\u010dili in ubijali, saj sicer lahko spomin postane zgolj \u00bbvirtualno dejanje\u00ab, omejeno na knjige, fotografije in filme.<\/p>\n","protected":false},"excerpt":{"rendered":"Kompleks Weinberglager so po priklju\u010ditvi Avstrije nacisti\u010dni Nem\u010diji leta 1938 uporabljali za zapornike in prisilne delavce, zlasti \u017eenske.&hellip;\n","protected":false},"author":2,"featured_media":207207,"comment_status":"","ping_status":"","sticky":false,"template":"","format":"standard","meta":{"footnotes":"","_share_on_mastodon":"0"},"categories":[8],"tags":[23441,360,50929,50926,6020,50927,50925,37,38,43505,64,63,50928,37288],"class_list":["post-207206","post","type-post","status-publish","format-standard","has-post-thumbnail","category-svet","tag-aktivizem","tag-avstrija","tag-gospodarski-interesi","tag-koncentracijska-taborisca","tag-lidl","tag-mauthausen","tag-nacisticna-taborisca","tag-slovene","tag-slovenscina","tag-spomenisko-varstvo","tag-svet","tag-world","tag-zenske-zapornice","tag-zgodovinska-dediscina"],"share_on_mastodon":{"url":"https:\/\/pubeurope.com\/@si\/117173716914421664","error":""},"_links":{"self":[{"href":"https:\/\/www.europesays.com\/si\/wp-json\/wp\/v2\/posts\/207206","targetHints":{"allow":["GET"]}}],"collection":[{"href":"https:\/\/www.europesays.com\/si\/wp-json\/wp\/v2\/posts"}],"about":[{"href":"https:\/\/www.europesays.com\/si\/wp-json\/wp\/v2\/types\/post"}],"author":[{"embeddable":true,"href":"https:\/\/www.europesays.com\/si\/wp-json\/wp\/v2\/users\/2"}],"replies":[{"embeddable":true,"href":"https:\/\/www.europesays.com\/si\/wp-json\/wp\/v2\/comments?post=207206"}],"version-history":[{"count":0,"href":"https:\/\/www.europesays.com\/si\/wp-json\/wp\/v2\/posts\/207206\/revisions"}],"wp:featuredmedia":[{"embeddable":true,"href":"https:\/\/www.europesays.com\/si\/wp-json\/wp\/v2\/media\/207207"}],"wp:attachment":[{"href":"https:\/\/www.europesays.com\/si\/wp-json\/wp\/v2\/media?parent=207206"}],"wp:term":[{"taxonomy":"category","embeddable":true,"href":"https:\/\/www.europesays.com\/si\/wp-json\/wp\/v2\/categories?post=207206"},{"taxonomy":"post_tag","embeddable":true,"href":"https:\/\/www.europesays.com\/si\/wp-json\/wp\/v2\/tags?post=207206"}],"curies":[{"name":"wp","href":"https:\/\/api.w.org\/{rel}","templated":true}]}}