{"id":207316,"date":"2026-08-28T16:29:07","date_gmt":"2026-08-28T16:29:07","guid":{"rendered":"https:\/\/www.europesays.com\/si\/207316\/"},"modified":"2026-08-28T16:29:07","modified_gmt":"2026-08-28T16:29:07","slug":"do-kdaj-tina-sersen-se-vodja-pravnega-sektorja-na-ministrstvu-jerneja-vrtovca","status":"publish","type":"post","link":"https:\/\/www.europesays.com\/si\/207316\/","title":{"rendered":"Do kdaj Tina Ser\u0161en \u0161e vodja pravnega sektorja na ministrstvu Jerneja Vrtovca?"},"content":{"rendered":"<p>V\u010deraj smo pisali o primeru Tine Ser\u0161en, nekdanje dr\u017eavne sekretarke na ministrstvu za okolje, podnebje in energijo, ki se je v \u010dasu vlade Roberta Goloba protipravno podpisala pod odlo\u010dbo, s katero je \u00bbodobrila\u00ab zloglasni Jankovi\u0107ev kanal C0. Ser\u0161en je kljub temu zdaj na visokem polo\u017eaju na ministrstvu za infrastrukturo in energetiko pod vodstvom Jerneja Vrtovca. Objavljamo pojasnilo z ministrstva, kako je to sploh mogo\u010de.<\/p>\n<p>Tina Ser\u0161en je zdaj vodja sektorja za pravne zadeve na direktoratu za energetiko ministrstva za infrastrukturo in energetiko, kljub temu\u00a0da se je v \u010dasu Golobove vlade podpisala pod odlo\u010dbo, da za gradnjo kanalizacijskega kanala C0 ni potrebna presoja vplivov na okolje. Zakaj je bil ta podpis\u00a0protipraven in kak\u0161ne posledice je imel, <a href=\"https:\/\/info360.si\/politika\/tino-sersen-ki-je-odobrila-jankovicev-kanal-c0-so-golobovi-pred-odhodom-z-oblasti-postavili-za-vodjo-pravne-sluzbe\/\" target=\"_blank\" rel=\"nofollow noopener\">smo razlo\u017eili v\u010deraj.<\/a><\/p>\n<p>Po na\u0161i poizvedbi na ministrstvo za infrastrukturo in energetiko\u00a0po kak\u0161nem postopku je bila Ser\u0161en sploh imenovana za vodjo pravnega sektorja, se je minister Jernej Vrtovec najprej odzval na dru\u017ebenem omre\u017eju X, kjer je zapisal, da tega delovnega mesta ni zasedla v \u010dasu, ko ministrstvo vodi on, pa\u010d pa se je v skladu z zakonodajo vrnila na prej\u0161nje delovno mesto. Dodal je, da<\/p>\n<p class=\"SEClass1\">\u00bbv tem mandatu ne bo prevzela nobene od klju\u010dnih strate\u0161kih vlog\u00a0niti ne bo sodelovala pri sprejemanju najpomembnej\u0161ih strate\u0161kih odlo\u010ditev resorja.\u00ab<\/p>\n<p>Z ministrstva so za Info360 odgovorili, da je bila na polo\u017eaju vodje tega sektorja za pravne zadeve\u00a0zaposlena, \u0161e preden je postala dr\u017eavna sekretarka (pri nekdanjem ministru Bojanu Kumru).<\/p>\n<p class=\"SEClass1\">\u00bbPo prenehanju funkcije se je v skladu\u00a0z zakonom o funkcionarjih vrnila na prej\u0161nje delovno mesto. Uvr\u0161\u010dena je v 42. pla\u010dni razred.\u00ab<\/p>\n<p>Toda pri tem poudarjajo, da je ministrstvo seznanjeno z njenim nezakonitim delovanjem v postopkih, povezanih s kanalom C0, kar je ugotovilo tudi upravno sodi\u0161\u010de.\u00a0<\/p>\n<p class=\"SEClass1\">\u00bbMinister Jernej Vrtovec vpra\u0161anja zakonitosti, strokovne odgovornosti in integritete jemlje resno, saj so klju\u010dna za zaupanje javnosti v delo ministrstva.\u00ab<\/p>\n<p>Ponovili so njegov\u00a0zapis na omre\u017eju X, da v tem mandatu ne bo imela nobene klju\u010dne vloge. Kot smo od na\u0161ih virov z ministrstva izvedeli\u00a0\u017ee v\u010deraj, naj bi bil\u00a0postopek njene razre\u0161itve s polo\u017eaja\u00a0\u017ee v teku.\u00a0<\/p>\n<p>\u00a0<\/p>\n","protected":false},"excerpt":{"rendered":"V\u010deraj smo pisali o primeru Tine Ser\u0161en, nekdanje dr\u017eavne sekretarke na ministrstvu za okolje, podnebje in energijo, ki&hellip;\n","protected":false},"author":2,"featured_media":207317,"comment_status":"","ping_status":"","sticky":false,"template":"","format":"standard","meta":{"footnotes":"","_share_on_mastodon":"0"},"categories":[20],"tags":[32,7182,35,31,34,36,1425,37,38,2941,33],"class_list":["post-207316","post","type-post","status-publish","format-standard","has-post-thumbnail","category-novice","tag-headlines","tag-jernej-vrtovec","tag-najpomembnejse-novice","tag-news","tag-novice","tag-osrednje-novice","tag-razresitev","tag-slovene","tag-slovenscina","tag-tina-sersen","tag-top-stories"],"share_on_mastodon":{"url":"https:\/\/pubeurope.com\/@si\/117174086262732364","error":""},"_links":{"self":[{"href":"https:\/\/www.europesays.com\/si\/wp-json\/wp\/v2\/posts\/207316","targetHints":{"allow":["GET"]}}],"collection":[{"href":"https:\/\/www.europesays.com\/si\/wp-json\/wp\/v2\/posts"}],"about":[{"href":"https:\/\/www.europesays.com\/si\/wp-json\/wp\/v2\/types\/post"}],"author":[{"embeddable":true,"href":"https:\/\/www.europesays.com\/si\/wp-json\/wp\/v2\/users\/2"}],"replies":[{"embeddable":true,"href":"https:\/\/www.europesays.com\/si\/wp-json\/wp\/v2\/comments?post=207316"}],"version-history":[{"count":0,"href":"https:\/\/www.europesays.com\/si\/wp-json\/wp\/v2\/posts\/207316\/revisions"}],"wp:featuredmedia":[{"embeddable":true,"href":"https:\/\/www.europesays.com\/si\/wp-json\/wp\/v2\/media\/207317"}],"wp:attachment":[{"href":"https:\/\/www.europesays.com\/si\/wp-json\/wp\/v2\/media?parent=207316"}],"wp:term":[{"taxonomy":"category","embeddable":true,"href":"https:\/\/www.europesays.com\/si\/wp-json\/wp\/v2\/categories?post=207316"},{"taxonomy":"post_tag","embeddable":true,"href":"https:\/\/www.europesays.com\/si\/wp-json\/wp\/v2\/tags?post=207316"}],"curies":[{"name":"wp","href":"https:\/\/api.w.org\/{rel}","templated":true}]}}