{"id":207464,"date":"2026-08-28T18:35:12","date_gmt":"2026-08-28T18:35:12","guid":{"rendered":"https:\/\/www.europesays.com\/si\/207464\/"},"modified":"2026-08-28T18:35:12","modified_gmt":"2026-08-28T18:35:12","slug":"mladica-bodo-pokopali-z-najvisjimi-drzavnimi-castmi-vucic-kritiziral-haasko-sodisce","status":"publish","type":"post","link":"https:\/\/www.europesays.com\/si\/207464\/","title":{"rendered":"Mladi\u0107a bodo pokopali z najvi\u0161jimi dr\u017eavnimi \u010dastmi. Vu\u010di\u0107 kritiziral haa\u0161ko sodi\u0161\u010de."},"content":{"rendered":"<p>\t\t\t\t\t\t\t\t<a href=\"https:\/\/www.europesays.com\/si\/wp-content\/uploads\/2026\/08\/1787942111_845_67084284.jpg\" itemprop=\"contentUrl\" data-size=\"1200x800\" data-large=\"https:\/\/www.europesays.com\/si\/wp-content\/uploads\/2026\/08\/1787942111_845_67084284.jpg\"><br \/>\n\t\t\t\t\t\t\t\t\t<img decoding=\"async\" src=\"https:\/\/www.europesays.com\/si\/wp-content\/uploads\/2026\/08\/1787942111_845_67084284.jpg\" title=\"Transparent z mosta v Novem Sadu v \u010dast Mladi\u0107u. Foto: Reuters\" alt=\"Transparent z mosta v Novem Sadu v \u010dast Mladi\u0107u. Foto: Reuters\"\/><br \/>\n\t\t\t\t\t\t\t\t<\/a><\/p>\n<p>\t\t\t\t\t\t\t\t\tTransparent z mosta v Novem Sadu v \u010dast Mladi\u0107u. Foto: Reuters<\/p>\n<p>\t\t\t\t\t\t\t<a id=\"preferredSourceBanner\" href=\"https:\/\/www.rtvslo.si\/svet\/evropa\/mladica-bodo-pokopali-z-najvisjimi-drzavnimi-castmi-vucic-kritiziral-haasko-sodisce\/javascript:void(0)\" target=\"_blank\" class=\"d-none align-items-center justify-content-between rounded my-3\" style=\"padding: 10px 15px;\" rel=\"nofollow noopener\"><br \/>\n\t\t\t\t\t\t<img decoding=\"async\" src=\"https:\/\/img.rtvslo.si\/_static\/novi\/img\/ico-google.svg\" class=\"flex-shrink-0 mr-3\" aria-hidden=\"true\"\/><br \/>\n\t\t\t\t\t\tSpremljajte RTVSLO.si kot prednostni vir na Google<\/p>\n<p>\t\t\t\t\t<\/a><\/p>\n<p>Srbski minister za pravosodje Nenad Vuji\u0107 je napovedal, da bodo obsojenega vojnega zlo\u010dinca Ratka Mladi\u0107a, ki je v \u010detrtek umrl med prestajanjem dosmrtne zaporne kazni v Haagu, pokopali z najvi\u0161jimi dr\u017eavnimi \u010dastmi. Vuji\u0107 je informacijo o pokopu Mladi\u0107a potrdil v \u010detrtek za banjalu\u0161ko Alternativno televizijo (ATV). Pri tem ni pojasnil, kaj natan\u010dno bodo zajemale najvi\u0161je dr\u017eavne \u010dasti, kdo je o njih odlo\u010dil in ali bo na slovesnosti sodelovala srbska vojska.<\/p>\n<p>Oglas<\/p>\n<p>&#8220;General Mladi\u0107 je general in protokoli so jasni. Njegova vloga je znana in zagotovo bodo spo\u0161tovali vse, kar mu kot generalu pripada,&#8221; je Vuji\u0107 izjavil za ATV. Srbija bo po njegovih besedah pomagala tudi pri prevozu trupla iz Haaga, o kraju pokopa pa bo odlo\u010dila dru\u017eina. \u017delja Mladi\u0107a naj bi bila sicer, da bi ga pokopali ob h\u010derki Ani v Beogradu, je po poro\u010danju banjalu\u0161kih medijev dejal njegov odvetnik.<\/p>\n<p>Vu\u010di\u0107: Haa\u0161ko sodi\u0161\u010de je \u017eelelo, da bi Mladi\u0107 umrl za zapahi<\/p>\n<p>Srbski predsednik Aleksandar Vu\u010di\u0107 je v prvem odzivu na smrt obsojenega vojnega zlo\u010dinca Mladi\u0107a danes izjavil, da je haa\u0161ko sodi\u0161\u010de \u017eelelo, da bi Mladi\u0107 umrl za zapahi, ne pa v Srbiji, kot je \u017eelel, poro\u010da srbska tiskovna agencija Tanjug. Ob tem je mednarodna sodi\u0161\u010da za zlo\u010dine na obmo\u010dju nekdanje Jugoslavije obto\u017eil dvojnih meril. Vu\u010di\u0107 je to, da haa\u0161ko sodi\u0161\u010de ni dopustilo, da bi Mladi\u0107 umrl v Srbiji, ozna\u010dil za necivilizirano ravnanje brez primere.<\/p>\n<p>Kot je dejal, ni znano, kdaj in kje bo Mladi\u0107ev pogreb niti kdaj bo mogo\u010de prevzeti njegovo truplo. Dodal je, da se omenja mo\u017enost, da bi Mladi\u0107a pokopali v Beogradu ob njegovi h\u010derki, vendar ne ve, ali se bo to zgodilo. Pri tem je povedal, da bo Srbija, \u010de bo Mladi\u0107eva dru\u017eina \u017eelela, da ga pokopljejo v Srbiji, pomagala, da bo pogreb potekal dostojanstveno.<\/p>\n<p>Vu\u010di\u0107 je po poro\u010danju Tanjuga \u0161e izjavil, da je v teh dneh pri\u010da najhuj\u0161im mogo\u010dim pritiskom z razli\u010dnih strani, tako z obmo\u010dja kot iz Srbije in sveta, glede tega, kdo bo ostreje zmerjal generala Mladi\u0107a, ter poudaril, da pri tem ne namerava sodelovati.<\/p>\n<p>Celotno dogajanje okoli mednarodnih sodi\u0161\u010d za zlo\u010dine na obmo\u010dju nekdanje Jugoslavije bo medtem po njegovem prepri\u010danju na koncu imelo en sam cilj. &#8220;Pokazati \u017eelijo, da so iskali pravico, da so jo dosegli in da je ta pravica pokazala (&#8230;), da Hrvati in Bo\u0161njaki v bistvu niso zagre\u0161ili zlo\u010dinov nad Srbi, da Albanci v bistvu niso zagre\u0161ili zlo\u010dinov nad Srbi in da so tisti, ki so krivi, trajno krivi, Srbi. To je sodba, to je pe\u010dat, ki nam ga prina\u0161a Zahod,&#8221; je dejal.<\/p>\n<p>Obredi v \u010dast Mladi\u0107u v cerkvah<\/p>\n<p>V ve\u010d mestih v Republiki Srbski so se v \u010detrtek zve\u010der zbrali Mladi\u0107evi privr\u017eenci. V Zvorniku je ve\u010d sto ljudi, med njimi veliko mladih, korakalo skozi mesto, vzklikalo njegovo ime ter nosilo transparente in zastavo vojske Republike Srbske.<\/p>\n<p>V drugih krajih so ljudje na trgih pri\u017eigali sve\u010de, v pravoslavnih cerkvah pa so za Mladi\u0107a opravljali spominske obrede. Obreda v samostanu na Ozrenu so se udele\u017eili tudi nekateri vidni politiki Republike Srbske, med njimi banjalu\u0161ki \u017eupan Dra\u0161ko Stanivukovi\u0107, ki je Mladi\u0107a ozna\u010dil za simbol boja srbskega naroda, poro\u010da sarajevski portal Klix.<\/p>\n<p>Bo\u0161nja\u0161ki podpredsednik te entitete BiH-a in nekdanji \u017eupan ob\u010dine Srebrenica \u0106amil Durakovi\u0107, ki je bil star 16 let, ko je mesto padlo v roke srbskih sil pod vodstvom Mladi\u0107a, je na dru\u017ebenih omre\u017ejih obsodil zbiranje v Zvorniku.<\/p>\n<p>&#8220;To je mesto mno\u017ei\u010dnih grobi\u0161\u010d mojega naroda. To je mesto, iz katerega so pregnali ve\u010d deset tiso\u010d Bo\u0161njakov. To je mesto, ki nocoj slavi lik in delo snovalca ter poveljnika genocida nad mojim narodom. To so moji sosedje,&#8221; je zapisal na Facebooku, oblasti pa pozval, naj se odzovejo na poveli\u010devanje Mladi\u0107a.<\/p>\n<p>Mladi\u0107 je umrl v \u010detrtek v zaporu v Haagu, kjer je prestajal dosmrtno zaporno kazen zaradi vojnih zlo\u010dinov in genocida med vojno v BiH-u med letoma 1992 in 1995. Mehanizem za mednarodna kazenska sodi\u0161\u010da v Haagu je odredil preiskavo okoli\u0161\u010din Mladi\u0107eve smrti.<\/p>\n<p>Pod poveljstvom Mladi\u0107a je vojska Republike Srbske zagre\u0161ila \u0161tevilne vojne zlo\u010dine. Mladi\u0107 je bil med drugim obsojen zaradi obleganja Sarajeva, v katerem je umrlo ve\u010d kot 12.000 civilistov, ter genocida v Srebrenici, kjer so sile bosanskih Srbov julija 1995 ubile ve\u010d kot 8000 Bo\u0161njakov.<\/p>\n<p>Oglas<\/p>\n","protected":false},"excerpt":{"rendered":"Transparent z mosta v Novem Sadu v \u010dast Mladi\u0107u. Foto: Reuters Spremljajte RTVSLO.si kot prednostni vir na Google&hellip;\n","protected":false},"author":2,"featured_media":207465,"comment_status":"","ping_status":"","sticky":false,"template":"","format":"standard","meta":{"footnotes":"","_share_on_mastodon":"0"},"categories":[3],"tags":[65,66,3583,19584,37,38,780,34585],"class_list":["post-207464","post","type-post","status-publish","format-standard","has-post-thumbnail","category-evropa","tag-europe","tag-evropa","tag-haag","tag-ratko-mladic","tag-slovene","tag-slovenscina","tag-srbija","tag-vojni-zlocinec"],"share_on_mastodon":{"url":"https:\/\/pubeurope.com\/@si\/117174581931510028","error":""},"_links":{"self":[{"href":"https:\/\/www.europesays.com\/si\/wp-json\/wp\/v2\/posts\/207464","targetHints":{"allow":["GET"]}}],"collection":[{"href":"https:\/\/www.europesays.com\/si\/wp-json\/wp\/v2\/posts"}],"about":[{"href":"https:\/\/www.europesays.com\/si\/wp-json\/wp\/v2\/types\/post"}],"author":[{"embeddable":true,"href":"https:\/\/www.europesays.com\/si\/wp-json\/wp\/v2\/users\/2"}],"replies":[{"embeddable":true,"href":"https:\/\/www.europesays.com\/si\/wp-json\/wp\/v2\/comments?post=207464"}],"version-history":[{"count":0,"href":"https:\/\/www.europesays.com\/si\/wp-json\/wp\/v2\/posts\/207464\/revisions"}],"wp:featuredmedia":[{"embeddable":true,"href":"https:\/\/www.europesays.com\/si\/wp-json\/wp\/v2\/media\/207465"}],"wp:attachment":[{"href":"https:\/\/www.europesays.com\/si\/wp-json\/wp\/v2\/media?parent=207464"}],"wp:term":[{"taxonomy":"category","embeddable":true,"href":"https:\/\/www.europesays.com\/si\/wp-json\/wp\/v2\/categories?post=207464"},{"taxonomy":"post_tag","embeddable":true,"href":"https:\/\/www.europesays.com\/si\/wp-json\/wp\/v2\/tags?post=207464"}],"curies":[{"name":"wp","href":"https:\/\/api.w.org\/{rel}","templated":true}]}}