{"id":207560,"date":"2026-08-28T20:22:10","date_gmt":"2026-08-28T20:22:10","guid":{"rendered":"https:\/\/www.europesays.com\/si\/207560\/"},"modified":"2026-08-28T20:22:10","modified_gmt":"2026-08-28T20:22:10","slug":"poljaki-znova-povedli-kaksen-bo-odgovor-slovencev-prenos","status":"publish","type":"post","link":"https:\/\/www.europesays.com\/si\/207560\/","title":{"rendered":"Poljaki znova povedli, kak\u0161en bo odgovor Slovencev? #prenos"},"content":{"rendered":"<p>Slovenski odbojkarji bodo v sklopu priprav na evropsko prvenstvo, ki se bo za\u010delo 9. septembra, konec tedna odigrali tri pripravljalne tekme. Na Wagnerjevem memorialu se merijo z aktualnimi zmagovalci lige narodov Poljaki. Zatem jih \u010dakata \u0161e tekmi z Ameri\u010dani in Francozi.<\/p>\n<p>Prenos:<\/p>\n<p>Petek, 28. avgust<\/p>\n<p>V okviru priprav so Slovenci pretekli teden v Beogradu odigrali dva prijateljska obra\u010duna s Srbijo (poraz in remi), pred odhodom na prizori\u0161\u010de predtekmovanja evropskega prvenstva v\u00a0Modeno, kamor bodo potovali 8. septembra, pa jih \u010daka \u0161e nastop na Wagnerjevem memorialu na Poljskem. Na tem bodo ob gostiteljih Poljakih v Krakovu\u00a0igrali \u0161e Ameri\u010dani in Francozi.\u00a0<\/p>\n<p>Slovenci so bili proti Poljakom polovico prvega niza povsem enakovreden tekmec, vodili so \u0161e s 16:15, nato pa so pobudo prevzeli Poljaki. Izid je bil \u0161e poravnan na 21:21, nato pa so Poljaki ob nekaj napakah Slovencev prvi niz dobili s 25:22.\u00a0<\/p>\n<p>Drugi niz je prinesel ve\u010d veselja za Slovence, ki so vodili prav skozi celoten niz, v zaklju\u010dku pa so z nekaj zaporednimi to\u010dkami nasprotnika zaustavili s 25:21.\u00a0V tretjem nizu so znova prevladovali Poljaki, ki so hitro povedli s 4:0, zatem so ves \u010das vodili z okoli petimi to\u010dkami prednosti, niz pa so dobili s 25:19.<\/p>\n<p>&#8220;Dober test, a tudi prilo\u017enost za nekatere takti\u010dne zamisli&#8221;<\/p>\n<p>&#8220;Wagnerjev memorial bo pokazal, kak\u0161na je na\u0161a forma v primerjavi z najmo\u010dnej\u0161imi ekipami na svetu. To bo za nas zelo dober test, hkrati pa prilo\u017enost, da preizkusimo \u0161e nekatere takti\u010dne zamisli. S temi tekmami si \u017eelimo priti nazaj v tekmovalni ritem. V ligi narodov smo igrali ogromno tekem v kratkem \u010dasu. Potrebujemo tudi tekme na visoki ravni, ki jo bomo potem sku\u0161ali ohraniti do evropskega prvenstva, da se bomo potem la\u017eje kosali z vsemi nasprotniki,&#8221; je pred odhodom na turnir dejal srednji bloker\u00a0Sa\u0161o\u00a0\u0160talekar.<\/p>\n<p><img decoding=\"async\" alt=\"Slovenci bodo po turnirju na Poljskem \u0161e teden dni trenirali v Ljubljani, nato pa odpotovali v Modeno. | Foto: Ale\u0161 Oblak\" class=\"article_content__inline_image js_imageLightbox is-clickable\" data-author=\"Ale\u0161 Oblak\" data-caption=\"Slovenci bodo po turnirju na Poljskem \u0161e teden dni trenirali v Ljubljani, nato pa odpotovali v Modeno.\" data-height=\"2000\" data-href=\"https:\/\/siol.net\/media\/img\/de\/b6\/17a4c0eb11dea3a1b765-slovenska-odbojkarska-reprezentanca.jpeg\" data-width=\"3000\" loading=\"lazy\" src=\"\/media\/img\/65\/21\/7acc569185f9d5524b64-slovenska-odbojkarska-reprezentanca.jpeg\" title=\"slovenska odbojkarska reprezentanca\"\/><\/p>\n<p> Slovenci bodo po turnirju na Poljskem \u0161e teden dni trenirali v Ljubljani, nato pa odpotovali v Modeno.<br \/>\n Foto: Ale\u0161 Oblak <\/p>\n<p>&#8220;Tukaj smo, da se pomerimo s tremi zelo mo\u010dnimi reprezentancami sveta. To nam bo zagotovo zelo koristilo, hkrati pa se bodo lahko dokazali vsi fantje v ekipi in se lahko \u010dim bolje pripravimo na evropsko prvenstvo. Mislim, da je to najbolj\u0161i na\u010din za pripravo, sploh po dolgem obdobju treningov, na tak na\u010din pa tudi lepo zaklju\u010dimo celotno pripravljalno obdobje. Zagotovo bo zanimivo videti, kako se bo vse skupaj razpletlo. Imamo zanimive nasprotnike, tako pa bomo videli, na kak\u0161ni ravni je trenutno na\u0161a igra,&#8221;\u00a0pa je pred prvo preizku\u0161njo dodal italijanski strateg na slovenski klopi Fabio Soli.<\/p>\n<p>Evropsko prvenstvo bodo gostile Italija, Finska, Bolgarija in Romunija. Za\u010delo se bo 9. septembra, prvak pa bo znan 26. septembra. Slovenci, ki jih zanimajo le najvi\u0161ja mesta, bodo predtekmovanje igrali v Modeni, kjer jim bodo nasproti stale Slova\u0161ka, \u010ce\u0161ka, Gr\u010dija, \u0160vedska in Italija.<\/p>\n<p>Wagnerjev memorial, Krakov<\/p>\n<p>Petek, 28. avgust<\/p>\n<p>Sobota, 29. avgust<\/p>\n<p>Nedelja, 30. avgust<\/p>\n<p>Lestvica:<\/p>\n<p>Preberite \u0161e:<\/p>\n","protected":false},"excerpt":{"rendered":"Slovenski odbojkarji bodo v sklopu priprav na evropsko prvenstvo, ki se bo za\u010delo 9. septembra, konec tedna odigrali&hellip;\n","protected":false},"author":2,"featured_media":207561,"comment_status":"","ping_status":"","sticky":false,"template":"","format":"standard","meta":{"footnotes":"","_share_on_mastodon":"0"},"categories":[16],"tags":[50975,146,1052,62,37,58,60,38,3334,94,93,50974],"class_list":["post-207560","post","type-post","status-publish","format-standard","has-post-thumbnail","category-sport","tag-krakov","tag-odbojka","tag-poljska","tag-si","tag-slovene","tag-slovenia","tag-slovenija","tag-slovenscina","tag-slovenska-odbojkarska-reprezentanca","tag-sport","tag-sports","tag-wagnerjev-memorial"],"share_on_mastodon":{"url":"https:\/\/pubeurope.com\/@si\/117175002429218814","error":""},"_links":{"self":[{"href":"https:\/\/www.europesays.com\/si\/wp-json\/wp\/v2\/posts\/207560","targetHints":{"allow":["GET"]}}],"collection":[{"href":"https:\/\/www.europesays.com\/si\/wp-json\/wp\/v2\/posts"}],"about":[{"href":"https:\/\/www.europesays.com\/si\/wp-json\/wp\/v2\/types\/post"}],"author":[{"embeddable":true,"href":"https:\/\/www.europesays.com\/si\/wp-json\/wp\/v2\/users\/2"}],"replies":[{"embeddable":true,"href":"https:\/\/www.europesays.com\/si\/wp-json\/wp\/v2\/comments?post=207560"}],"version-history":[{"count":0,"href":"https:\/\/www.europesays.com\/si\/wp-json\/wp\/v2\/posts\/207560\/revisions"}],"wp:featuredmedia":[{"embeddable":true,"href":"https:\/\/www.europesays.com\/si\/wp-json\/wp\/v2\/media\/207561"}],"wp:attachment":[{"href":"https:\/\/www.europesays.com\/si\/wp-json\/wp\/v2\/media?parent=207560"}],"wp:term":[{"taxonomy":"category","embeddable":true,"href":"https:\/\/www.europesays.com\/si\/wp-json\/wp\/v2\/categories?post=207560"},{"taxonomy":"post_tag","embeddable":true,"href":"https:\/\/www.europesays.com\/si\/wp-json\/wp\/v2\/tags?post=207560"}],"curies":[{"name":"wp","href":"https:\/\/api.w.org\/{rel}","templated":true}]}}