{"id":207574,"date":"2026-08-28T20:41:07","date_gmt":"2026-08-28T20:41:07","guid":{"rendered":"https:\/\/www.europesays.com\/si\/207574\/"},"modified":"2026-08-28T20:41:07","modified_gmt":"2026-08-28T20:41:07","slug":"italijani-in-nemci-so-se-podpisali-pod-rekord-neverjetno-cesa-takega-se-nismo-doziveli","status":"publish","type":"post","link":"https:\/\/www.europesays.com\/si\/207574\/","title":{"rendered":"Italijani in Nemci so se podpisali pod rekord: Neverjetno, \u010desa takega \u0161e nismo do\u017eiveli"},"content":{"rendered":"<p>Italijanski in nem\u0161ki odbojkarji so na sredini pripravljalni tekmi za evropsko prvenstvo postavili dva rekorda. Impresiven je bil predvsem uvodni set. Kon\u010dal se je z rekordnih 66:64 v korist Nemcev, trajal pa je kar uro in pol. Na koncu so zmagali Italijani, in to po treh urah in pol, kar je nov rekord na mednarodnih tekmah.<\/p>\n<p>Dobrih \u0161tiri tiso\u010d gledalcev v dvorani\u00a0PalaCalafiore je imelo kaj videti. Na pripravljalnem turnirju so Italijani in Nemci uprizorili maratonsko tekmo, ki se je kon\u010dala po skoraj \u0161tirih urah. Padlo je kar nekaj rekordov. \u017de prvi set je ponudil skoraj toliko kot po navadi celotno sre\u010danje.<\/p>\n<p>Rekordni uvodni set\u00a0<\/p>\n<p>Nemci so v prvem setu izkoristili 15. zaklju\u010dno \u017eogo ter ga po to\u010dki Tobiasa Branda in po 89 minutah igralnega \u010dasa\u00a0dobili s 66:64, kar je nov rekord, odkar mednarodne tekme igrajo po tem sistemu. Pred tem sta rekord dr\u017eali Argentina in Poljska (50:48) iz leto\u0161nje lige narodov, ki sta niz kon\u010dali po 62 minutah.<\/p>\n<p>Konec tekme po skoraj \u0161tirih urah<\/p>\n<p>Tudi nadaljevanje je postreglo s poslastico. Tekma se je kon\u010dala \u0161ele po petih setih, dobili pa so jo Italijani s 3:2 (64:66, 25:22, 23:25, 25:22, 15:12). Azzurri so zmagali po\u00a0treh urah in\u00a0pol igre,\u00a0kar je po podatkih CEV nov rekord, pred tem je bil rekord (dve uri in 53 minut) &#8220;v lasti&#8221; Brazilcev in Kanad\u010danov iz leto\u0161nje lige narodov v Sto\u017eicah.\u00a0\u00a0<\/p>\n<p><img decoding=\"async\" alt=\"Italija : Nem\u010dija, odbojka | Foto: CEV\" class=\"article_content__inline_image js_imageLightbox is-clickable\" data-author=\"CEV\" data-caption=\"\" data-height=\"1365\" data-href=\"https:\/\/siol.net\/media\/img\/a1\/28\/9f019119d3a6e7512423-italija-nemcija-odbojka.jpeg\" data-width=\"2048\" loading=\"lazy\" src=\"\/media\/img\/3c\/7e\/4dc5850a4908f6c51c2f-italija-nemcija-odbojka.jpeg\" title=\"Italija : Nem\u010dija, odbojka\"\/><\/p>\n<p> Foto: CEV <\/p>\n<p>&#8220;Mislim, da nih\u010de od nas \u0161e ni do\u017eivel tak\u0161nega prvega niza \u2013 in dejansko smo ga dobili. Bilo je neverjetno. Neverjetna je bila tudi odlo\u010dnost, s katero smo igrali. Kar zadeva na\u0161o mentalno in fizi\u010dno pripravljenost, je bil dana\u0161nji dan zelo dober preizkus,&#8221; je po tekmi za CEV dejal Brand, selektor Nemcev\u00a0Massimo Botti pa je dodal: &#8220;\u0160tiri ure je zelo, zelo veliko \u010dasa. \u0160e nikoli nisem do\u017eivel takega niza. Bilo je noro, pravzaprav smo v enem samem nizu odigrali kar celo tekmo.&#8221;<\/p>\n<p><img decoding=\"async\" alt=\"Italijani so zmagali po treh urah in 50 minutah. | Foto: CEV\" class=\"article_content__inline_image js_imageLightbox is-clickable\" data-author=\"CEV\" data-caption=\"Italijani so zmagali po treh urah in 50 minutah.\" data-height=\"1365\" data-href=\"https:\/\/siol.net\/media\/img\/82\/2f\/617062d84957253ea31e-italija-nemcija-odbojka.jpeg\" data-width=\"2048\" loading=\"lazy\" src=\"\/media\/img\/c0\/a8\/a111b246326b611592a8-italija-nemcija-odbojka.jpeg\" title=\"Italija : Nem\u010dija, odbojka\"\/><\/p>\n<p> Italijani so zmagali po treh urah in 50 minutah.<br \/>\n Foto: CEV <\/p>\n<p>&#8220;Postal sem jezen, nato pa sem se utrudil in samo sedel tam &#8230;\u00a0V prvem nizu smo odigrali\u00a0dva niza in pol,&#8221; pa je o rekordno dolgem uvodnem nizu dejal selektor Italijanov\u00a0Ferdinando De Giorgi. Tega z\u00a0Italijani\u00a0na\u00a0FIPAV Cupu \u010dakata \u0161e tekma s\u00a0Kubo in Brazilijo.<\/p>\n<p>Italijani so med gostitelji leto\u0161njega evropskega\u00a0prvenstva, gostili bodo tudi tekme za odli\u010dja. V skupini z Italijo so tudi Slovenci, ki danes za\u010denjajo generalko pred prvenstvom stare celine. V Krakovu se bodo na Wagnerjevem memorialu merili s Poljaki, Ameri\u010dani in Francozi.<\/p>\n","protected":false},"excerpt":{"rendered":"Italijanski in nem\u0161ki odbojkarji so na sredini pripravljalni tekmi za evropsko prvenstvo postavili dva rekorda. Impresiven je bil&hellip;\n","protected":false},"author":2,"featured_media":207575,"comment_status":"","ping_status":"","sticky":false,"template":"","format":"standard","meta":{"footnotes":"","_share_on_mastodon":"0"},"categories":[16],"tags":[1018,493,146,5419,62,37,58,60,38,94,93],"class_list":["post-207574","post","type-post","status-publish","format-standard","has-post-thumbnail","category-sport","tag-italija","tag-nemcija","tag-odbojka","tag-rekord","tag-si","tag-slovene","tag-slovenia","tag-slovenija","tag-slovenscina","tag-sport","tag-sports"],"share_on_mastodon":{"url":"https:\/\/pubeurope.com\/@si\/117175077500240303","error":""},"_links":{"self":[{"href":"https:\/\/www.europesays.com\/si\/wp-json\/wp\/v2\/posts\/207574","targetHints":{"allow":["GET"]}}],"collection":[{"href":"https:\/\/www.europesays.com\/si\/wp-json\/wp\/v2\/posts"}],"about":[{"href":"https:\/\/www.europesays.com\/si\/wp-json\/wp\/v2\/types\/post"}],"author":[{"embeddable":true,"href":"https:\/\/www.europesays.com\/si\/wp-json\/wp\/v2\/users\/2"}],"replies":[{"embeddable":true,"href":"https:\/\/www.europesays.com\/si\/wp-json\/wp\/v2\/comments?post=207574"}],"version-history":[{"count":0,"href":"https:\/\/www.europesays.com\/si\/wp-json\/wp\/v2\/posts\/207574\/revisions"}],"wp:featuredmedia":[{"embeddable":true,"href":"https:\/\/www.europesays.com\/si\/wp-json\/wp\/v2\/media\/207575"}],"wp:attachment":[{"href":"https:\/\/www.europesays.com\/si\/wp-json\/wp\/v2\/media?parent=207574"}],"wp:term":[{"taxonomy":"category","embeddable":true,"href":"https:\/\/www.europesays.com\/si\/wp-json\/wp\/v2\/categories?post=207574"},{"taxonomy":"post_tag","embeddable":true,"href":"https:\/\/www.europesays.com\/si\/wp-json\/wp\/v2\/tags?post=207574"}],"curies":[{"name":"wp","href":"https:\/\/api.w.org\/{rel}","templated":true}]}}