{"id":207604,"date":"2026-08-28T21:23:08","date_gmt":"2026-08-28T21:23:08","guid":{"rendered":"https:\/\/www.europesays.com\/si\/207604\/"},"modified":"2026-08-28T21:23:08","modified_gmt":"2026-08-28T21:23:08","slug":"dodana-vrednost-ciscenja-terena-delo-si","status":"publish","type":"post","link":"https:\/\/www.europesays.com\/si\/207604\/","title":{"rendered":"Dodana vrednost \u010di\u0161\u010denja terena &#8211; Delo.si"},"content":{"rendered":"<p><a href=\"https:\/\/news.google.com\/rss\/articles\/CBMidkFVX3lxTE95NWZOVEh5bzNaNmthZjJjaVl3T0VmR183a1JucTk4V3M2R1p0UnNMc0pZeFpSdVc0azlibnhKLUZXV085bTBDcmtwUXdQdDZTdzBOR0RPSXVCQ3FRVDJpUmF3YnV2a1BON0RUZkpqZ0VESEhuQ3c?oc=5\" target=\"_blank\" rel=\"nofollow noopener\">Dodana vrednost \u010di\u0161\u010denja terena<\/a>&nbsp;&nbsp;Delo.si<a href=\"https:\/\/news.google.com\/rss\/articles\/CBMiwgFBVV95cUxNbFlmaTRYZTZxLVVUeGVDb0dvamdlQW5NcHR0My1YUFZWcnNJdnZOb0Y2VWNwbkE3eHBGZWpTYUVrdG8tYmhWWTZMT2FCRFdvckc3emFicVRmSTJKVU8wR0VnLWdxdWM5cGxKNVJ0UHZYb2RzTlpRNGJKb2J5Y1ltY1o2U0JyTGU0MXhXYndEWlNJcTNoTkRreC1hRERycGlucFVXc1ZUNVJOc0dRczZIVnRHTl9zbTdsVEl5cjJIRUUyUQ?oc=5\" target=\"_blank\" rel=\"nofollow noopener\">Mladi\u0107a bodo pokopali z najvi\u0161jimi dr\u017eavnimi \u010dastmi. Vu\u010di\u0107 kritiziral haa\u0161ko sodi\u0161\u010de.<\/a>&nbsp;&nbsp;rtvslo.si<a href=\"https:\/\/news.google.com\/rss\/articles\/CBMikwFBVV95cUxNRkZVbXFzdlhtR0hoWUJnY25JT0JVM2lUNmNDbmdZQVNNbzVHWTYtcmhpUG5hSXBudzBfOTNxSGdfRWxrVHRJX2h6bzJaOV93UXVycEdpNHJ2YUVWcGhRalVZOC1adjZDdXl3U1c4c3JRVkJMd1NwS1dXbldBdFZITjl4OXFPdWxENHlSeS12Vl82QWc?oc=5\" target=\"_blank\" rel=\"nofollow noopener\">Umrl obsojeni vojni zlo\u010dinec, general Ratko Mladi\u0107<\/a>&nbsp;&nbsp;24ur.com<a href=\"https:\/\/news.google.com\/rss\/articles\/CBMisAFBVV95cUxPTVNsWXFCMTYtWkF1SnFNbXNxeTBxZ1MxZ0Q4MlE4c2J3NnFZRlpfczF0VGFnbGlROENFYmVnbFhheDBMRWExTW1oYTZYakZzM3I1Vk4tbTB4ZmhiQXRSWlRSMDRZa014ZmhkUEpMWXVmbzU4Q1p2ak5DWG0zRjFtcHN2cE84NXhCT21DdXFMTm15cElvd2UwSjRmb1pZRXlBblRIUVJURi1scThhT1FMNg?oc=5\" target=\"_blank\" rel=\"nofollow noopener\">Spomini tistih, ki so pre\u017eiveli Mladi\u0107ev genocid: &#8220;On je odlo\u010dal o na\u0161ih \u017eivljenjih&#8221;<\/a>&nbsp;&nbsp;N1 Slovenija<a href=\"https:\/\/news.google.com\/rss\/articles\/CBMi6AFBVV95cUxQX2JVV1UxdHlrWi1Va3dMOVBjUFVxNFpQZWhkdVZJclplTVVJcGFYWnA0ai1aemc2cXJRYmVHWERvc2JYandvaEYwSk5fcTFLeDBURXk1Skd6dl9weXZPeTAxMktfMVhiRXNGQTg4T3AtUGVCcGpDLUQySExxX2oyUjNpbTV2b1d0cXlWVW5Fd1JsYkI0elVuNkt4anJlbXQ2UVZQSXgwT2VMQmtFZHVpLXlNQzdVR19DZHhlRzZHWFZXcUtVZkZ0cWJVOVNjcjNia3lUWDM0VDFFSHVmYzZER0lLaWM0YkNi?oc=5\" target=\"_blank\" rel=\"nofollow noopener\">Tri smrti so spremljale pokojnega Ratka Mladi\u0107a: h\u010di v mlaki krvi, dru\u017eina na dnu jezera in skrivnost trupla v hotelski sobi<\/a>&nbsp;&nbsp;nadlani.si<\/p>\n","protected":false},"excerpt":{"rendered":"Dodana vrednost \u010di\u0161\u010denja terena&nbsp;&nbsp;Delo.siMladi\u0107a bodo pokopali z najvi\u0161jimi dr\u017eavnimi \u010dastmi. Vu\u010di\u0107 kritiziral haa\u0161ko sodi\u0161\u010de.&nbsp;&nbsp;rtvslo.siUmrl obsojeni vojni zlo\u010dinec, general&hellip;\n","protected":false},"author":2,"featured_media":207605,"comment_status":"","ping_status":"","sticky":false,"template":"","format":"standard","meta":{"footnotes":"","_share_on_mastodon":"0"},"categories":[20],"tags":[10325,422,32,50623,35,31,34,36,19584,37,38,33,13055],"class_list":["post-207604","post","type-post","status-publish","format-standard","has-post-thumbnail","category-novice","tag-dolly-parton","tag-evropska-unija","tag-headlines","tag-jajoi-kusama","tag-najpomembnejse-novice","tag-news","tag-novice","tag-osrednje-novice","tag-ratko-mladic","tag-slovene","tag-slovenscina","tag-top-stories","tag-zahodni-breg"],"share_on_mastodon":{"url":"https:\/\/pubeurope.com\/@si\/117175242120245403","error":""},"_links":{"self":[{"href":"https:\/\/www.europesays.com\/si\/wp-json\/wp\/v2\/posts\/207604","targetHints":{"allow":["GET"]}}],"collection":[{"href":"https:\/\/www.europesays.com\/si\/wp-json\/wp\/v2\/posts"}],"about":[{"href":"https:\/\/www.europesays.com\/si\/wp-json\/wp\/v2\/types\/post"}],"author":[{"embeddable":true,"href":"https:\/\/www.europesays.com\/si\/wp-json\/wp\/v2\/users\/2"}],"replies":[{"embeddable":true,"href":"https:\/\/www.europesays.com\/si\/wp-json\/wp\/v2\/comments?post=207604"}],"version-history":[{"count":0,"href":"https:\/\/www.europesays.com\/si\/wp-json\/wp\/v2\/posts\/207604\/revisions"}],"wp:featuredmedia":[{"embeddable":true,"href":"https:\/\/www.europesays.com\/si\/wp-json\/wp\/v2\/media\/207605"}],"wp:attachment":[{"href":"https:\/\/www.europesays.com\/si\/wp-json\/wp\/v2\/media?parent=207604"}],"wp:term":[{"taxonomy":"category","embeddable":true,"href":"https:\/\/www.europesays.com\/si\/wp-json\/wp\/v2\/categories?post=207604"},{"taxonomy":"post_tag","embeddable":true,"href":"https:\/\/www.europesays.com\/si\/wp-json\/wp\/v2\/tags?post=207604"}],"curies":[{"name":"wp","href":"https:\/\/api.w.org\/{rel}","templated":true}]}}