{"id":207650,"date":"2026-08-29T01:22:35","date_gmt":"2026-08-29T01:22:35","guid":{"rendered":"https:\/\/www.europesays.com\/si\/207650\/"},"modified":"2026-08-29T01:22:35","modified_gmt":"2026-08-29T01:22:35","slug":"slovenke-prepricane-da-je-nizozemska-premagljiva","status":"publish","type":"post","link":"https:\/\/www.europesays.com\/si\/207650\/","title":{"rendered":"Slovenke prepri\u010dane, da je Nizozemska premagljiva"},"content":{"rendered":"<p>    <img decoding=\"async\" data-lb-desktop=\"\/media\/2026\/08\/28\/858674\/Orig-163321_CEV01_8-1200.webp\" data-lb-mobile=\"\/media\/2026\/08\/28\/858674\/Orig-163321_CEV01_8-600.webp\" class=\"main-gallery-image se_image_lb\" src=\"https:\/\/www.europesays.com\/si\/wp-content\/uploads\/2026\/08\/Wide-163321_CEV01_8-1000.webp\" alt=\"Slovenija, odbojka, Nem\u010dija\"\/><\/p>\n<p>Slovenke verjamejo, da lahko v osmini finala evropskega prvenstva premagajo Nizozemke. Foto: Cev<\/p>\n<p>Slovenke prepri\u010dane, da je Nizozemska premagljiva<\/p>\n<p>Slovenska \u017eenska odbojkarska reprezentanca je v predtekmovalni skupini A evropskega prvenstva zasedla tretje mesto, v osmini finala pa se bo pomerila z mo\u010dno Nizozemsko. Ta si je drugo mesto v skupini C priigrala v zadnjem krogu, potem ko je v Bakuju s 3:1 (-15, 16, 20, 19) premagala doma\u010do reprezentanco Azerbajd\u017eana.<\/p>\n<p>                        28. 08. 2026, 21.06\n                    <\/p>\n<p>                        <a href=\"https:\/\/google.com\/preferences\/source?q=dnevnik.si\" class=\"se-author-gps-cta\" target=\"_blank\" rel=\"nofollow noopener\"><br \/>\n                            <img decoding=\"async\" class=\"se-author-gps-cta-badge\" src=\"https:\/\/www.europesays.com\/si\/wp-content\/uploads\/2026\/08\/1787966554_87_dnevnik_gps_badge.png\" alt=\"Google Preferred Sources CTA\"\/><br \/>\n                        <\/a><\/p>\n<p>Nizozemke so tekmo slabo za\u010dele, a po gladko izgubljenem prvem nizu prevzele prevlado na igri\u0161\u010du. Drugega so dobile na podoben na\u010din, kot so prvega izgubile, v tretjem in \u010detrtem pa je bil boj bolj izena\u010den, igralke iz de\u017eele tulipanov pa so bile bolj zbrane v kon\u010dnicah.<\/p>\n<p>Pri Nizozemkah sta bili naju\u010dinkovitej\u0161i korektorica Elles Dambrink in blokerka Indy Baijens, prva je dosegla 22, druga pa 17 to\u010dk. &#8220;Nismo pri\u010dakovale, da se bomo v osmini finala sre\u010dale z Nizozemsko. O\u010ditno je bila Belgija bolj\u0161a. Glede na to, da smo z Belgijo \u017ee igrale prijateljske tekme in pribli\u017eno vemo, kje smo, so o\u010ditno tudi Nizozemke premagljive. Nanje se seveda \u0161e nismo pripravljale, saj smo ravno kon\u010dale tekmo. Pogledale bomo, kje so njihove slabosti. Vemo, da so izku\u0161ena ekipa, ki je nastopala na vseh velikih tekmovanjih in osvajala medalje, zato pri\u010dakujemo zanimivo tekmo. Igrajo hitro, imajo kakovostne igralke in veliko mo\u017enosti za rotacije. Vseeno mislim, da imamo dobre mo\u017enosti za zmago, \u010de bomo naredile tisto, kar si bomo zadale, in upo\u0161tevale trenerjeva navodila,&#8221; je o tekmicah v osmini finala povedala izku\u0161ena podajalka slovenske izbrane vrste Eva Pavlovi\u0107 Mori.<\/p>\n<p>    <a class=\"se-card__wrap se-card--link\" href=\"https:\/\/www.dnevnik.si\/sport\/slovenke-za-tretje-mesto-v-skupini-ugnale-madzarke-2824345\/\" data-upscore-url=\"\" rel=\"nofollow noopener\" target=\"_blank\"><\/p>\n<p>        <img decoding=\"async\" class=\"se-image se-image--card\" src=\"https:\/\/www.europesays.com\/si\/wp-content\/uploads\/2026\/08\/Wide-153528_CEVSLOHUN2_1-400.webp\" alt=\"Slovenija, Mad\u017earska, odbojka, evropsko prvenstvo\"\/><\/p>\n<p>EVROPSKO PRVENSTVO<\/p>\n<p>Na\u0161e odbojkarice ugnale Mad\u017earke, v osmini finala proti Nizozemski<\/p>\n<p>    <\/a><\/p>\n<p>Prvo mesto v slovenski skupini A so zasedle Poljakinje. Po ogor\u010denem boju so s 3:2 premagale Turkinje. Doma\u010de so dva niza zanesljivo dobile, v bolj izena\u010denih pa so bile bolj zbrane Poljakinje. Termini tekem osmine finala \u0161e niso znani, so pa znani vsi pari osmine finala. V Carigradu, kjer bodo Slovenke ostale, se bo Poljska merila s Portugalsko, Tur\u010dija z Azerbajd\u017eanom, Belgija pa z Nem\u010dijo. V Brnu bodo tekme med Italijo in Bolgarijo, \u010ce\u0161ko in \u0160vedsko, Srbijo in Hrva\u0161ko ter Francijo in Gr\u010dijo.<\/p>\n","protected":false},"excerpt":{"rendered":"Slovenke verjamejo, da lahko v osmini finala evropskega prvenstva premagajo Nizozemke. Foto: Cev Slovenke prepri\u010dane, da je Nizozemska&hellip;\n","protected":false},"author":2,"featured_media":207651,"comment_status":"","ping_status":"","sticky":false,"template":"","format":"standard","meta":{"footnotes":"","_share_on_mastodon":"0"},"categories":[3],"tags":[65,66,51013,146,37,38,33116],"class_list":["post-207650","post","type-post","status-publish","format-standard","has-post-thumbnail","category-evropa","tag-europe","tag-evropa","tag-evropsko-prvenstvo-v-odbojki-za-zenske","tag-odbojka","tag-slovene","tag-slovenscina","tag-slovenska-zenska-odbojkarska-reprezentanca"],"share_on_mastodon":{"url":"https:\/\/pubeurope.com\/@si\/117176200196274910","error":""},"_links":{"self":[{"href":"https:\/\/www.europesays.com\/si\/wp-json\/wp\/v2\/posts\/207650","targetHints":{"allow":["GET"]}}],"collection":[{"href":"https:\/\/www.europesays.com\/si\/wp-json\/wp\/v2\/posts"}],"about":[{"href":"https:\/\/www.europesays.com\/si\/wp-json\/wp\/v2\/types\/post"}],"author":[{"embeddable":true,"href":"https:\/\/www.europesays.com\/si\/wp-json\/wp\/v2\/users\/2"}],"replies":[{"embeddable":true,"href":"https:\/\/www.europesays.com\/si\/wp-json\/wp\/v2\/comments?post=207650"}],"version-history":[{"count":0,"href":"https:\/\/www.europesays.com\/si\/wp-json\/wp\/v2\/posts\/207650\/revisions"}],"wp:featuredmedia":[{"embeddable":true,"href":"https:\/\/www.europesays.com\/si\/wp-json\/wp\/v2\/media\/207651"}],"wp:attachment":[{"href":"https:\/\/www.europesays.com\/si\/wp-json\/wp\/v2\/media?parent=207650"}],"wp:term":[{"taxonomy":"category","embeddable":true,"href":"https:\/\/www.europesays.com\/si\/wp-json\/wp\/v2\/categories?post=207650"},{"taxonomy":"post_tag","embeddable":true,"href":"https:\/\/www.europesays.com\/si\/wp-json\/wp\/v2\/tags?post=207650"}],"curies":[{"name":"wp","href":"https:\/\/api.w.org\/{rel}","templated":true}]}}