{"id":207710,"date":"2026-08-29T05:54:06","date_gmt":"2026-08-29T05:54:06","guid":{"rendered":"https:\/\/www.europesays.com\/si\/207710\/"},"modified":"2026-08-29T05:54:06","modified_gmt":"2026-08-29T05:54:06","slug":"slovenci-po-petih-nizih-izgubili-s-poljaki","status":"publish","type":"post","link":"https:\/\/www.europesays.com\/si\/207710\/","title":{"rendered":"Slovenci po petih nizih izgubili s Poljaki"},"content":{"rendered":"<p>Slovenski odbojkarji so v sklopu priprav na evropsko prvenstvo, ki se bo za\u010delo 9. septembra, konec tedna odigrali tri pripravljalne tekme. Na Wagnerjevem memorialu so v petek zve\u010der na prvi tekmi po maratonu z 2:3 v nizih izgubili z aktualnimi zmagovalci lige narodov Poljaki. \u017de v soboto ob 14. uri jih \u010daka tekma s Francozi, ki so s 3:0 premagali Ameri\u010dane.<\/p>\n<p>Petek, 28. avgust<\/p>\n<p>V okviru priprav so Slovenci pretekli teden v Beogradu odigrali dva prijateljska obra\u010duna s Srbijo (poraz in remi), pred odhodom na prizori\u0161\u010de predtekmovanja evropskega prvenstva v\u00a0Modeno, kamor bodo potovali 8. septembra, pa jih \u010daka \u0161e nastop na Wagnerjevem memorialu na Poljskem. Na tem bodo ob gostiteljih Poljakih v Krakovu\u00a0igrali \u0161e Ameri\u010dani in Francozi.\u00a0<\/p>\n<p>Slovenci so bili proti Poljakom polovico prvega niza povsem enakovreden tekmec, vodili so \u0161e s 16:15, nato pa so pobudo prevzeli Poljaki. Izid je bil \u0161e poravnan na 21:21, nato pa so Poljaki ob nekaj napakah Slovencev prvi niz dobili s 25:22.\u00a0<\/p>\n<p><img decoding=\"async\" alt=\"Poljska je na koncu slavila. | Foto: Guliverimage\" class=\"article_content__inline_image js_imageLightbox is-clickable\" data-author=\"Guliverimage\" data-caption=\"Poljska je na koncu slavila.\" data-height=\"1333\" data-href=\"https:\/\/siol.net\/media\/img\/69\/e4\/3622b0a6b2d694ce1139-poljska-odbojkarska-reprezentanca.jpeg\" data-width=\"2000\" loading=\"lazy\" src=\"\/media\/img\/90\/4b\/10f9f6af9c71b2597ac3-poljska-odbojkarska-reprezentanca.jpeg\" title=\"Poljska odbojkarska reprezentanca\"\/><\/p>\n<p> Poljska je na koncu slavila.<br \/>\n Foto: Guliverimage <\/p>\n<p>Drugi niz je prinesel ve\u010d veselja za Slovence, ki so vodili prav skozi celoten niz, v zaklju\u010dku pa so z nekaj zaporednimi to\u010dkami nasprotnika zaustavili s 25:21.\u00a0V tretjem nizu so znova prevladovali Poljaki, ki so hitro povedli s 4:0, zatem so ves \u010das vodili z okoli petimi to\u010dkami prednosti, niz pa so dobili s 25:19. A Slovenci se niso predali, v \u010detrtem nizu so znova prednja\u010dili,\u00a0v zaklju\u010dku so vodili \u017ee s 24:20, a so Poljaki pri\u0161li do izida 23:24, nato pa so Slovenci niz le zaklju\u010dili s 25:23.\u00a0<\/p>\n<p>V odlo\u010dilnem petem nizu je znova na svoj ra\u010dun pri\u0161la Poljska,\u00a0ki je ob vodstvu s 14:10 izkoristila drugo zaklju\u010dno \u017eogo in zadnji niz po skupno dveh urah in pol igre na koncu dobila s 15:11.<\/p>\n<p>&#8220;Za nami je naporna in dolga tekma, a vseeno zelo potrebna, saj smo videli, na katerih podro\u010djih nam zaenkrat \u0161e nekaj manjka. Videli smo, da je servis res, res pomemben in da je klju\u010dnega pomena, da lahko nize proti tak\u0161nim reprezentancam, kot je Poljska, dobivamo. Ko nam je to steklo, je bilo na koncu vse skupaj nekoliko la\u017eje. V petem nizu so tudi Poljaki zelo dobro servirali, bili nekoliko bolj natan\u010dni, delali manj napak in se tako veselili zmage. Vesel sem, kako je tekma potekala, in tega, da smo videli, da lahko igramo. Na tem moramo graditi skozi celoten turnir. \u010cakata nas \u0161e dve pomembni tekmi, na katerih mislim, da lahko \u0161e veliko poka\u017eemo in gradimo na tej tekmi s Poljsko,&#8221; je v izjavi za OZS dejal Jan Kozamernik.<\/p>\n<p>Evropsko prvenstvo bodo gostile Italija, Finska, Bolgarija in Romunija. Za\u010delo se bo 9. septembra, prvak pa bo znan 26. septembra. Slovenci, ki jih zanimajo le najvi\u0161ja mesta, bodo predtekmovanje igrali v Modeni, kjer jim bodo nasproti stale Slova\u0161ka, \u010ce\u0161ka, Gr\u010dija, \u0160vedska in Italija.<\/p>\n<p>Wagnerjev memorial, Krakov<\/p>\n<p>Petek, 28. avgust<\/p>\n<p>Sobota, 29. avgust<\/p>\n<p>Nedelja, 30. avgust<\/p>\n<p>Lestvica:<\/p>\n<p>Preberite \u0161e:<\/p>\n","protected":false},"excerpt":{"rendered":"Slovenski odbojkarji so v sklopu priprav na evropsko prvenstvo, ki se bo za\u010delo 9. septembra, konec tedna odigrali&hellip;\n","protected":false},"author":2,"featured_media":207711,"comment_status":"","ping_status":"","sticky":false,"template":"","format":"standard","meta":{"footnotes":"","_share_on_mastodon":"0"},"categories":[16],"tags":[50975,146,1052,62,37,58,60,38,3334,94,93,50974],"class_list":["post-207710","post","type-post","status-publish","format-standard","has-post-thumbnail","category-sport","tag-krakov","tag-odbojka","tag-poljska","tag-si","tag-slovene","tag-slovenia","tag-slovenija","tag-slovenscina","tag-slovenska-odbojkarska-reprezentanca","tag-sport","tag-sports","tag-wagnerjev-memorial"],"share_on_mastodon":{"url":"https:\/\/pubeurope.com\/@si\/117177251570583100","error":""},"_links":{"self":[{"href":"https:\/\/www.europesays.com\/si\/wp-json\/wp\/v2\/posts\/207710","targetHints":{"allow":["GET"]}}],"collection":[{"href":"https:\/\/www.europesays.com\/si\/wp-json\/wp\/v2\/posts"}],"about":[{"href":"https:\/\/www.europesays.com\/si\/wp-json\/wp\/v2\/types\/post"}],"author":[{"embeddable":true,"href":"https:\/\/www.europesays.com\/si\/wp-json\/wp\/v2\/users\/2"}],"replies":[{"embeddable":true,"href":"https:\/\/www.europesays.com\/si\/wp-json\/wp\/v2\/comments?post=207710"}],"version-history":[{"count":0,"href":"https:\/\/www.europesays.com\/si\/wp-json\/wp\/v2\/posts\/207710\/revisions"}],"wp:featuredmedia":[{"embeddable":true,"href":"https:\/\/www.europesays.com\/si\/wp-json\/wp\/v2\/media\/207711"}],"wp:attachment":[{"href":"https:\/\/www.europesays.com\/si\/wp-json\/wp\/v2\/media?parent=207710"}],"wp:term":[{"taxonomy":"category","embeddable":true,"href":"https:\/\/www.europesays.com\/si\/wp-json\/wp\/v2\/categories?post=207710"},{"taxonomy":"post_tag","embeddable":true,"href":"https:\/\/www.europesays.com\/si\/wp-json\/wp\/v2\/tags?post=207710"}],"curies":[{"name":"wp","href":"https:\/\/api.w.org\/{rel}","templated":true}]}}