{"id":207762,"date":"2026-08-29T06:41:09","date_gmt":"2026-08-29T06:41:09","guid":{"rendered":"https:\/\/www.europesays.com\/si\/207762\/"},"modified":"2026-08-29T06:41:09","modified_gmt":"2026-08-29T06:41:09","slug":"po-smrti-ratka-mladica-se-je-oglasil-podpredsednik-republike-srbske-bil-je-brez-dlake-na-jeziku","status":"publish","type":"post","link":"https:\/\/www.europesays.com\/si\/207762\/","title":{"rendered":"Po smrti Ratka Mladi\u0107a se je oglasil podpredsednik Republike Srbske, bil je brez dlake na jeziku"},"content":{"rendered":"<p>General Ratko Mladi\u0107, ki je med prestajanjem dosmrtne zaporne kazni zaradi vojnih zlo\u010dinov in genocida med vojno v Bosni in Hercegovini umrl pri 84 letih, velja za simbol enega od najhuj\u0161ih povojnih zlo\u010dinov v Evropi \u2013 genocida v Srebrenici. Med vojno v BiH (1992\u20131995) je poveljeval vojski bosanskih Srbov. \u010ceprav zanj na splo\u0161no velja, da je glavni arhitekt pokola v Srebrenici, najhuj\u0161ega mno\u017ei\u010dnega umora v Evropi po drugi svetovni vojni, bi bila njegova vloga bolj natan\u010dno opredeljena z izrazom izvajalec. Kot velja za generale katere koli vojske, je tudi Mladi\u0107eva dejanja neposredno usmerjala politika oziroma ljudje, ki so svojo kariero utemeljili in zgradili na nacionalizmu. Ponosni nasledniki te politike so \u0161e \u017eivi in \u0161e vladajo v bosansko-hercegovski entiteti Republika Srbska in Srbiji.<\/p>\n<p>Ko se je Jugoslavija leta 1991 razdru\u017eila, je bil napoten v Knin na Hrva\u0161kem, kjer je s\u010dasoma prevzel poveljstvo nad 9. korpusom JLA v bojih proti hrva\u0161kim silam. Nato je bil maja 1992 dodeljen v Sarajevo, da prevzame poveljstvo nad drugim voja\u0161kim obmo\u010djem armade.<\/p>\n<p><img decoding=\"async\" class=\"article__img-tag-visible\" src=\"https:\/\/www.europesays.com\/si\/wp-content\/uploads\/2026\/08\/3711707.width-660.format-webp.webp\" alt=\"V Srbiji ga \u0161e vedno \u010dastijo. V Novem Sadu so se na dan njegove smrti tako spomnili nanj. FOTO: Stefan Stojanovic\/Reuters\" img_id=\"11774871\" data-img-id=\"11774871\"\/><\/p>\n<p>V Srbiji ga \u0161e vedno \u010dastijo. V Novem Sadu so se na dan njegove smrti tako spomnili nanj. FOTO: Stefan Stojanovic\/Reuters<\/p>\n<p>Le nekaj dni po Mladi\u0107evem prihodu v Sarajevo ga je skup\u0161\u010dina samooklicane avtonomne Republike Srbske imenovala za poveljnika vojske bosanskih Srbov, v katero so \u2013 ob nekaj kadrovskih in poimenovalnih spremembah \u2013 dejansko pre\u0161le sile drugega voja\u0161kega obmo\u010dja. Tako je imel Mladi\u0107 glavno vlogo v triinpolletnem obleganju Sarajeva, med katerim so sile bosanskih Srbov zasipale obkoljeno prebivalstvo z ognjem iz topni\u0161tva, minometov, mitraljezov in pu\u0161k ter ubile in ranile na tiso\u010de ljudi. Marca 1995 je predsednik bosanskih Srbov Radovan Karad\u017ei\u0107 ukazal vojski, naj \u00bbustvari nevzdr\u017eno stanje popolne negotovosti brez upanja na nadaljnje pre\u017eivetje ali \u017eivljenje za prebivalce Srebrenice\u00ab.<\/p>\n<p>Pod njegovim poveljstvom je vojska zagre\u0161ila \u0161tevilne vojne zlo\u010dine. Glavna dogodka med vojno v BiH, za katera je bil Mladi\u0107 na haa\u0161kem mednarodnem sodi\u0161\u010du za vojne zlo\u010dine na obmo\u010dju nekdanje Jugoslavije (Icty) 22. novembra 2017 obsojen na dosmrtni zapor po osebni in poveljni\u0161ki odgovornosti, sta obleganje Sarajeva od maja 1992 do avgusta 1995, v katerem je umrlo ve\u010d kot 12.000 civilistov, ter zavzetje in genocid v Srebrenici ob meji s Srbijo, v katerem so sile bosanskih Srbov ubile ve\u010d kot 8000 Bo\u0161njakov.<\/p>\n<p><img decoding=\"async\" class=\"article__img-tag-visible\" src=\"https:\/\/www.europesays.com\/si\/wp-content\/uploads\/2026\/08\/3711708.width-660.format-webp.webp\" alt=\"Zaradi pokola v Srebrenici so mu nadeli tudi naziv Klavec iz Bosne. FOTO: Nidal Saljic\/Afp\" img_id=\"11774861\" data-img-id=\"11774861\"\/><\/p>\n<p>Zaradi pokola v Srebrenici so mu nadeli tudi naziv Klavec iz Bosne. FOTO: Nidal Saljic\/Afp<\/p>\n<p>Prijeli so ga 26. maja 2011 v Lazarevu v Srbiji, po 16 letih skrivanja in po odlo\u010dnem pritisku mednarodne skupnosti, ki je z izro\u010ditvijo Mladi\u0107a pogojevala nadaljnje pribli\u017eevanje Srbije Evropski uniji. Haagu so ga izro\u010dili 31. maja 2011.<\/p>\n<p>Besede sedanjega podpredsednika Republike Srbske<\/p>\n<p>Nekdanji \u017eupan Srebrenice in sedanji podpredsednik Republike Srbske \u0106amil Durakovi\u0107 je za N1 v BiH dejal, da veselje ob njegovi smrti ne more vrniti na tiso\u010de \u00admrtvih in da bi morala srbska vlada ta trenutek izkoristiti za distanciranje od tak\u0161nih \u00adposameznikov, da v prihodnosti ne bi bilo ve\u010d ljudi, kot je bil Ratko Mladi\u0107.<\/p>\n<p>\u00bbKaj naj bi slavili?! Umrl je petinosemdesetletni starec; to je dejstvo, gre za biolo\u0161ki proces. To torej ne bo vrnilo preteklosti. Vendar bi moralo biti to opozorilo za \u00adprihodnost: ne spodbujajmo prihodnjih generacij v prepri\u010danju, da je biti Ratko \u00adMladi\u0107 nekaj normalnega. Ljudje, to za nikogar na svetu ni normalno. Noben normalen \u010dlovek ne razmi\u0161lja tako. To bi morala Srbija v tem trenutku storiti. \u00adVerjamem, da bi ji entiteta Republika Srbska sledila, a \u017eal bomo \u00adgotovo pri\u010da druga\u010dnemu scenariju, ki bo \u0161e poslab\u0161al medetni\u010dne odnose,\u00ab je bil \u010drnogled Durakovi\u0107.<\/p>\n","protected":false},"excerpt":{"rendered":"General Ratko Mladi\u0107, ki je med prestajanjem dosmrtne zaporne kazni zaradi vojnih zlo\u010dinov in genocida med vojno v&hellip;\n","protected":false},"author":2,"featured_media":207763,"comment_status":"","ping_status":"","sticky":false,"template":"","format":"standard","meta":{"footnotes":"","_share_on_mastodon":"0"},"categories":[20],"tags":[5808,2273,51037,10034,32,35,31,34,36,19584,37,38,780,10998,33],"class_list":["post-207762","post","type-post","status-publish","format-standard","has-post-thumbnail","category-novice","tag-bih","tag-bosna-in-hercegovina","tag-camil-durakovic","tag-genocid","tag-headlines","tag-najpomembnejse-novice","tag-news","tag-novice","tag-osrednje-novice","tag-ratko-mladic","tag-slovene","tag-slovenscina","tag-srbija","tag-srebrenica","tag-top-stories"],"share_on_mastodon":{"url":"https:\/\/pubeurope.com\/@si\/117177436763451410","error":""},"_links":{"self":[{"href":"https:\/\/www.europesays.com\/si\/wp-json\/wp\/v2\/posts\/207762","targetHints":{"allow":["GET"]}}],"collection":[{"href":"https:\/\/www.europesays.com\/si\/wp-json\/wp\/v2\/posts"}],"about":[{"href":"https:\/\/www.europesays.com\/si\/wp-json\/wp\/v2\/types\/post"}],"author":[{"embeddable":true,"href":"https:\/\/www.europesays.com\/si\/wp-json\/wp\/v2\/users\/2"}],"replies":[{"embeddable":true,"href":"https:\/\/www.europesays.com\/si\/wp-json\/wp\/v2\/comments?post=207762"}],"version-history":[{"count":0,"href":"https:\/\/www.europesays.com\/si\/wp-json\/wp\/v2\/posts\/207762\/revisions"}],"wp:featuredmedia":[{"embeddable":true,"href":"https:\/\/www.europesays.com\/si\/wp-json\/wp\/v2\/media\/207763"}],"wp:attachment":[{"href":"https:\/\/www.europesays.com\/si\/wp-json\/wp\/v2\/media?parent=207762"}],"wp:term":[{"taxonomy":"category","embeddable":true,"href":"https:\/\/www.europesays.com\/si\/wp-json\/wp\/v2\/categories?post=207762"},{"taxonomy":"post_tag","embeddable":true,"href":"https:\/\/www.europesays.com\/si\/wp-json\/wp\/v2\/tags?post=207762"}],"curies":[{"name":"wp","href":"https:\/\/api.w.org\/{rel}","templated":true}]}}