{"id":207840,"date":"2026-08-29T08:12:14","date_gmt":"2026-08-29T08:12:14","guid":{"rendered":"https:\/\/www.europesays.com\/si\/207840\/"},"modified":"2026-08-29T08:12:14","modified_gmt":"2026-08-29T08:12:14","slug":"solarji-in-dijaki-hitijo-z-urejanjem-vozovnic-za-javni-potniski-promet","status":"publish","type":"post","link":"https:\/\/www.europesays.com\/si\/207840\/","title":{"rendered":"\u0160olarji in dijaki hitijo z urejanjem vozovnic za javni potni\u0161ki promet"},"content":{"rendered":"<p>\t\t\t\t\t\t\t\t<a href=\"https:\/\/www.europesays.com\/si\/wp-content\/uploads\/2026\/08\/66166412.jpg\" itemprop=\"contentUrl\" data-size=\"1200x800\" data-large=\"https:\/\/www.europesays.com\/si\/wp-content\/uploads\/2026\/08\/66166412.jpg\"><br \/>\n\t\t\t\t\t\t\t\t\t<img decoding=\"async\" src=\"https:\/\/www.europesays.com\/si\/wp-content\/uploads\/2026\/08\/66166412.jpg\" title=\"Ljubljanski mestni avtobus. Foto: MMC RTV SLO\/Maja Ikanovi\u0107\" alt=\"Ljubljanski mestni avtobus. Foto: MMC RTV SLO\/Maja Ikanovi\u0107\"\/><br \/>\n\t\t\t\t\t\t\t\t<\/a><\/p>\n<p>\t\t\t\t\t\t\t\t\tLjubljanski mestni avtobus. Foto: MMC RTV SLO\/Maja Ikanovi\u0107<\/p>\n<p>\t\t\t\t\t\t\t<a id=\"preferredSourceBanner\" href=\"https:\/\/www.rtvslo.si\/slovenija\/solarji-in-dijaki-hitijo-z-urejanjem-vozovnic-za-javni-potniski-promet\/javascript:void(0)\" target=\"_blank\" class=\"d-none align-items-center justify-content-between rounded my-3\" style=\"padding: 10px 15px;\" rel=\"nofollow noopener\"><br \/>\n\t\t\t\t\t\t<img decoding=\"async\" src=\"https:\/\/img.rtvslo.si\/_static\/novi\/img\/ico-google.svg\" class=\"flex-shrink-0 mr-3\" aria-hidden=\"true\"\/><br \/>\n\t\t\t\t\t\tSpremljajte RTVSLO.si kot prednostni vir na Google<\/p>\n<p>\t\t\t\t\t<\/a><\/p>\n<p>Ker tega \u0161tevilni ne vedo, \u010dakajo v dolgih vrstah. Zaradi ve\u010djega povpra\u0161evanja in pri\u010dakovane gne\u010de so v uradih podalj\u0161ali odpiralni \u010das. Med drugim bo tako potni\u0161ki center Ljubljanskega potni\u0161kega prometa odprt tudi danes in prihodnjo soboto, in sicer do 13.00.<\/p>\n<p>Oglas<\/p>\n<p>Zunaj prostorov ljubljanskega potni\u0161kega prometa ob slovenski cesti je \u017ee ve\u010d dni mogo\u010de opaziti vrsto bodo\u010dih dijakov in \u0161olarjev, ki urejajo subvencionirane vozovnice. Vozovnice je mo\u017eno sicer podalj\u0161ati tudi elektronsko.<\/p>\n<p>&#8220;Vedela sem, da obstaja mo\u017enost, a nisem nikoli poskusila, tako je preverljivo, sem bolj sigurna, da je res prav,&#8221; je povedala ena od \u010dakajo\u010dih v vrsti.<\/p>\n<p>Izpolnjevanje vloge<\/p>\n<p>Vodja slu\u017ebe za prevoz potnikov pri ljubljanskem potni\u0161kem prometu Matija Jeras svetuje, da si pred izpolnjevanjem vloge na internetu dobro preberejo navodila. Opozarja na to\u010dnost podatkov, saj bo tako vloga re\u0161ena prej, v primeru te\u017eav pa svetuje fizi\u010den obisk.<\/p>\n<p>&#8220;Naj pridejo s prazno vlogo v potni\u0161ki center LPP in na\u0161i informatorji jim bodo to vlogo pomagali izpolniti, tako da bo prav izpolnjena, da bo nakup njihove vozovnice potekal nemoteno in hitro,&#8221; je pojasnil Jeras.<\/p>\n<p>Poleg Ljubljane letna vozovnica tudi drugod<\/p>\n<p>Letos je v ve\u010djih mestih, poleg Ljubljane tudi v Mariboru, Kopru, Kranju, Novem mestu, v Kr\u0161kem in Celju, po novem mogo\u010de nakupiti letno mestno vozovnico, kar bo koristilo predvsem tistim, ki ve\u010dino poti opravijo na tem obmo\u010dju.<\/p>\n<p>&#8220;Tistim, ki uporabljajo medkrajevne avtobuse, svetujemo nakup letne vozovnice IJPP (Integrirani javni potni\u0161ki promet) ob dopla\u010dilu 100 evrov, torej tudi vozovnice za mestni promet v Ljubljani,&#8221; je svetoval Jeras.<\/p>\n<p>Jeras \u0161e dodaja, da kljub mo\u017enostim dijaki in \u0161olarji vozovnice podalj\u0161ujejo fizi\u010dno, saj to vidijo kot prilo\u017enost za dru\u017eenje pred za\u010detkom \u0161ole, kamor se vozijo iz razli\u010dnih krajev.<\/p>\n<p>&#8220;Da, sem \u0161la uredit skupaj s prijateljicami in je \u0161lo vse po maslu,&#8221; je povedala \u010dakajo\u010da.<\/p>\n<p>21. septembra pa se bo za\u010dela prodaja subvencioniranih vozovnic za \u0161tudente.<\/p>\n<p>Oglas<\/p>\n","protected":false},"excerpt":{"rendered":"Ljubljanski mestni avtobus. Foto: MMC RTV SLO\/Maja Ikanovi\u0107 Spremljajte RTVSLO.si kot prednostni vir na Google Ker tega \u0161tevilni&hellip;\n","protected":false},"author":2,"featured_media":207841,"comment_status":"","ping_status":"","sticky":false,"template":"","format":"standard","meta":{"footnotes":"","_share_on_mastodon":"0"},"categories":[6],"tags":[6324,5829,59,61,62,37,58,60,38,14977,21339,4169],"class_list":["post-207840","post","type-post","status-publish","format-standard","has-post-thumbnail","category-slovenija","tag-dijaki","tag-javni-potniski-promet","tag-republic-of-slovenia","tag-republika-slovenija","tag-si","tag-slovene","tag-slovenia","tag-slovenija","tag-slovenscina","tag-solarji","tag-subvencionirane-vozovnice","tag-vozovnice"],"share_on_mastodon":{"url":"https:\/\/pubeurope.com\/@si\/117177794273208095","error":""},"_links":{"self":[{"href":"https:\/\/www.europesays.com\/si\/wp-json\/wp\/v2\/posts\/207840","targetHints":{"allow":["GET"]}}],"collection":[{"href":"https:\/\/www.europesays.com\/si\/wp-json\/wp\/v2\/posts"}],"about":[{"href":"https:\/\/www.europesays.com\/si\/wp-json\/wp\/v2\/types\/post"}],"author":[{"embeddable":true,"href":"https:\/\/www.europesays.com\/si\/wp-json\/wp\/v2\/users\/2"}],"replies":[{"embeddable":true,"href":"https:\/\/www.europesays.com\/si\/wp-json\/wp\/v2\/comments?post=207840"}],"version-history":[{"count":0,"href":"https:\/\/www.europesays.com\/si\/wp-json\/wp\/v2\/posts\/207840\/revisions"}],"wp:featuredmedia":[{"embeddable":true,"href":"https:\/\/www.europesays.com\/si\/wp-json\/wp\/v2\/media\/207841"}],"wp:attachment":[{"href":"https:\/\/www.europesays.com\/si\/wp-json\/wp\/v2\/media?parent=207840"}],"wp:term":[{"taxonomy":"category","embeddable":true,"href":"https:\/\/www.europesays.com\/si\/wp-json\/wp\/v2\/categories?post=207840"},{"taxonomy":"post_tag","embeddable":true,"href":"https:\/\/www.europesays.com\/si\/wp-json\/wp\/v2\/tags?post=207840"}],"curies":[{"name":"wp","href":"https:\/\/api.w.org\/{rel}","templated":true}]}}