{"id":207878,"date":"2026-08-29T08:49:11","date_gmt":"2026-08-29T08:49:11","guid":{"rendered":"https:\/\/www.europesays.com\/si\/207878\/"},"modified":"2026-08-29T08:49:11","modified_gmt":"2026-08-29T08:49:11","slug":"poljaki-tokrat-odpor-slovencev-strli-v-petem-nizu","status":"publish","type":"post","link":"https:\/\/www.europesays.com\/si\/207878\/","title":{"rendered":"Poljaki tokrat odpor Slovencev strli v petem nizu"},"content":{"rendered":"<p>\t\t\t\t\t\t\t\t<a href=\"https:\/\/www.europesays.com\/si\/wp-content\/uploads\/2026\/08\/67085255.jpg\" itemprop=\"contentUrl\" data-size=\"1200x800\" data-large=\"https:\/\/www.europesays.com\/si\/wp-content\/uploads\/2026\/08\/67085255.jpg\"><br \/>\n\t\t\t\t\t\t\t\t\t<img decoding=\"async\" src=\"https:\/\/www.europesays.com\/si\/wp-content\/uploads\/2026\/08\/67085255.jpg\" title=\"V leto\u0161nji Ligi narodov je Slovenija tekme, ki so se kon\u010dale po petih nizih, obrnila sebi v prid, a tokrat so bili vendarle na drugi strani mre\u017ee izjemni Poljaki, ki so v odlo\u010dilnem nizu osvojili prve tri to\u010dke in zanesljivo dr\u017eali varno razdaljo. Foto: volleyballworld.com\" alt=\"V leto\u0161nji Ligi narodov je Slovenija tekme, ki so se kon\u010dale po petih nizih, obrnila sebi v prid, a tokrat so bili vendarle na drugi strani mre\u017ee izjemni Poljaki, ki so v odlo\u010dilnem nizu osvojili prve tri to\u010dke in zanesljivo dr\u017eali varno razdaljo. Foto: volleyballworld.com\"\/><br \/>\n\t\t\t\t\t\t\t\t<\/a><\/p>\n<p>\t\t\t\t\t\t\t\t\tV leto\u0161nji Ligi narodov je Slovenija tekme, ki so se kon\u010dale po petih nizih, obrnila sebi v prid, a tokrat so bili vendarle na drugi strani mre\u017ee izjemni Poljaki, ki so v odlo\u010dilnem nizu osvojili prve tri to\u010dke in zanesljivo dr\u017eali varno razdaljo. Foto: volleyballworld.com<\/p>\n<p>\t\t\t\t\t\t\t<a id=\"preferredSourceBanner\" href=\"https:\/\/www.rtvslo.si\/sport\/odbojka\/poljaki-tokrat-odpor-slovencev-strli-v-petem-nizu\/javascript:void(0)\" target=\"_blank\" class=\"d-none align-items-center justify-content-between rounded my-3\" style=\"padding: 10px 15px;\" rel=\"nofollow noopener\"><br \/>\n\t\t\t\t\t\t<img decoding=\"async\" src=\"https:\/\/img.rtvslo.si\/_static\/novi\/img\/ico-google.svg\" class=\"flex-shrink-0 mr-3\" aria-hidden=\"true\"\/><br \/>\n\t\t\t\t\t\tSpremljajte RTVSLO.si kot prednostni vir na Google<\/p>\n<p>\t\t\t\t\t<\/a><\/p>\n<p>&#8220;Za nami je naporna in dolga tekma, a vseeno zelo dobrodo\u0161la, saj smo videli, na katerih podro\u010djih nam \u0161e nekaj manjka. Videli smo, da je servis klju\u010dnega pomena, da lahko nize proti tak\u0161nim reprezentancam, kot je Poljska, dobivamo. Ko nam je to steklo, je bilo na koncu vse skupaj nekoliko la\u017eje. V petem nizu so tudi Poljaki zelo dobro servirali, bili nekoliko bolj natan\u010dni in delali manj napak,&#8221; je povedal bloker Jan Kozamernik.<\/p>\n<p>Oglas<\/p>\n<p>Bartlomiej Bolad\u017e je bil s 24 to\u010dkami naju\u010dinkovitej\u0161i pri Poljakih, v slovenski reprezentanci pa je s 25 to\u010dkami izstopal Nik Mujanovi\u0107.<\/p>\n<p>To je bil \u0161e drugi medsebojni dvoboj Poljske in Slovenije v tem mesecu, potem ko sta se reprezentanci na Kitajskem sre\u010dali v polfinalu Lige narodov. Poljska je takrat zmagala s <a href=\"https:\/\/www.rtvslo.si\/sport\/odbojka\/poljaki-gladko-boljsi-slovenci-po-porazu-0-3-v-boj-za-bron-proti-japoncem\/789680\" data-mce-href=\"https:\/\/www.rtvslo.si\/sport\/odbojka\/poljaki-gladko-boljsi-slovenci-po-porazu-0-3-v-boj-za-bron-proti-japoncem\/789680\" data-mce- rel=\"nofollow noopener\" target=\"_blank\">3:0<\/a>.<\/p>\n<p>WAGNERJEV MEMORIAL, Krakov, 1. dan:<br \/>POLJSKA &#8211; SLOVENIJA 3:2 (24, -21, 19, -23, 11).<\/p>\n<p>Poljska: Popiwczak, Komenda 2, Lemanski, Leon 9, Sliwka, Szalpuk 9, Semeniuk 8,<br \/>Jakub 10, Formal 5, Boladz 24, Jakubiszak 2, Sasak2, Nowak 5, Firlej. Selektor:<br \/>Nikola Grbi\u0107<br \/>Slovenija: Pajenk, Planin\u0161i\u010d 2, Kozamernik 11, Marovt, Bra\u010dko 12, \u0160talekar 10, Okrogli\u010d,<br \/>Kova\u010di\u010d, Urnaut 5, Mo\u017ei\u010d 7, Mujanovi\u0107 25, Kr\u017ei\u010d 3, Najdi\u010d 1, \u0160en 4. Selektor: Fabio Soli.<\/p>\n<p>FRANCIJA &#8211; ZDA 3:0<\/p>\n<p>Danes ob 14.00:<br \/>SLOVENIJA &#8211; FRANCIJA<\/p>\n<p>Nedelja ob 14.00:<br \/>SLOVENIJA &#8211; ZDA <\/p>\n<p>Oglas<\/p>\n","protected":false},"excerpt":{"rendered":"V leto\u0161nji Ligi narodov je Slovenija tekme, ki so se kon\u010dale po petih nizih, obrnila sebi v prid,&hellip;\n","protected":false},"author":2,"featured_media":207879,"comment_status":"","ping_status":"","sticky":false,"template":"","format":"standard","meta":{"footnotes":"","_share_on_mastodon":"0"},"categories":[20],"tags":[32,35,31,34,146,36,1052,37,60,38,33,50974],"class_list":["post-207878","post","type-post","status-publish","format-standard","has-post-thumbnail","category-novice","tag-headlines","tag-najpomembnejse-novice","tag-news","tag-novice","tag-odbojka","tag-osrednje-novice","tag-poljska","tag-slovene","tag-slovenija","tag-slovenscina","tag-top-stories","tag-wagnerjev-memorial"],"share_on_mastodon":{"url":"https:\/\/pubeurope.com\/@si\/117177940144880438","error":""},"_links":{"self":[{"href":"https:\/\/www.europesays.com\/si\/wp-json\/wp\/v2\/posts\/207878","targetHints":{"allow":["GET"]}}],"collection":[{"href":"https:\/\/www.europesays.com\/si\/wp-json\/wp\/v2\/posts"}],"about":[{"href":"https:\/\/www.europesays.com\/si\/wp-json\/wp\/v2\/types\/post"}],"author":[{"embeddable":true,"href":"https:\/\/www.europesays.com\/si\/wp-json\/wp\/v2\/users\/2"}],"replies":[{"embeddable":true,"href":"https:\/\/www.europesays.com\/si\/wp-json\/wp\/v2\/comments?post=207878"}],"version-history":[{"count":0,"href":"https:\/\/www.europesays.com\/si\/wp-json\/wp\/v2\/posts\/207878\/revisions"}],"wp:featuredmedia":[{"embeddable":true,"href":"https:\/\/www.europesays.com\/si\/wp-json\/wp\/v2\/media\/207879"}],"wp:attachment":[{"href":"https:\/\/www.europesays.com\/si\/wp-json\/wp\/v2\/media?parent=207878"}],"wp:term":[{"taxonomy":"category","embeddable":true,"href":"https:\/\/www.europesays.com\/si\/wp-json\/wp\/v2\/categories?post=207878"},{"taxonomy":"post_tag","embeddable":true,"href":"https:\/\/www.europesays.com\/si\/wp-json\/wp\/v2\/tags?post=207878"}],"curies":[{"name":"wp","href":"https:\/\/api.w.org\/{rel}","templated":true}]}}